{"id":97857408,"date":"2014-03-24T16:22:50","date_gmt":"2014-03-24T15:22:50","guid":{"rendered":"https:\/\/fundacion-biodiversidad.es\/actualidad_home\/antonio-serrano-inaugurates-the-viii-edition-of-the-masters-degree-in-environmental-management-and-administration\/"},"modified":"2014-03-24T16:22:50","modified_gmt":"2014-03-24T15:22:50","slug":"antonio-serrano-inaugurates-the-viii-edition-of-the-masters-degree-in-environmental-management-and-administration","status":"publish","type":"actualidad_home","link":"https:\/\/fundacion-biodiversidad.es\/en\/actualidad_home\/antonio-serrano-inaugurates-the-viii-edition-of-the-masters-degree-in-environmental-management-and-administration\/","title":{"rendered":"Antonio Serrano inaugurates the VIII edition of the Master&#8217;s Degree in Environmental Management and Administration"},"content":{"rendered":"<p>The Secretary General for Territory and Biodiversity and President of the Board of Trustees of the Biodiversity Foundation, Antonio Serrano, inaugurated this morning the eighth edition of the Master&#8217;s Degree in Environmental Management and Administration of the Biodiversity Foundation. Antonio Serrano was accompanied by the Vice-Rector for European Space and Teaching Planning of the National University of Distance Education, Encarnaci\u00f3n Sarri\u00e1, and by the Vice-Rector for Research and Postgraduate Studies of the Men\u00e9ndez Pelayo International University, Mar\u00eda de los \u00c1ngeles Monge. In addition, during this opening ceremony of the 2007\/2008 academic year, Antonio Serrano has delivered the accrediting diplomas to the students who took the VII edition of the Master&#8217;s Degree.    <\/p>\n<p><!--more--><\/p>\n<p>The eighth edition of the Master&#8217;s Degree in Environmental Management and Administration of the Biodiversity Foundation of the Ministry of the Environment will take place during the academic year 2007\/2008. This will be the first edition of the Master&#8217;s Degree taught as a degree of the National University of Distance Education, UNED, in collaboration with the Men\u00e9ndez Pelayo International University, UIMP. This is possible thanks to the agreement signed by the Biodiversity Foundation and the aforementioned universities, which gives the Master&#8217;s degree a public character and allows it to have the academic endorsement of these two prestigious universities.    <\/p>\n<p>  Since its first edition, held in the 1999\/2000 academic year, the Master&#8217;s Degree in Environmental Management and Administration of the Biodiversity Foundation of the Ministry of the Environment has been one of the leading postgraduate degrees in environmental matters in Spain. Throughout its seven editions, it has provided solid theoretical and practical training to students who are currently developing their professional activity as environmental managers, both in the Public Administration and in the private sector.   <br \/>\n&nbsp;<\/p>\n","protected":false},"author":11,"featured_media":0,"template":"","meta":{"_acf_changed":false},"palabras_clave":[],"class_list":["post-97857408","actualidad_home","type-actualidad_home","status-publish","hentry"],"acf":[],"yoast_head":"<!-- This site is optimized with the Yoast SEO plugin v26.9 - https:\/\/yoast.com\/product\/yoast-seo-wordpress\/ -->\n<title>Antonio Serrano inaugurates the VIII edition of the Master&#039;s Degree in Environmental Management and Administration - Fundaci\u00f3n Biodiversidad<\/title>\n<meta name=\"robots\" content=\"index, follow, max-snippet:-1, max-image-preview:large, max-video-preview:-1\" \/>\n<link rel=\"canonical\" href=\"https:\/\/fundacion-biodiversidad.es\/en\/actualidad_home\/antonio-serrano-inaugurates-the-viii-edition-of-the-masters-degree-in-environmental-management-and-administration\/\" \/>\n<meta property=\"og:locale\" content=\"en_US\" \/>\n<meta property=\"og:type\" content=\"article\" \/>\n<meta property=\"og:title\" content=\"Antonio Serrano inaugurates the VIII edition of the Master&#039;s Degree in Environmental Management and Administration - Fundaci\u00f3n Biodiversidad\" \/>\n<meta property=\"og:description\" content=\"The Secretary General for Territory and Biodiversity and President of the Board of Trustees of the Biodiversity Foundation, Antonio Serrano, inaugurated this morning the eighth [&hellip;]\" \/>\n<meta property=\"og:url\" content=\"https:\/\/fundacion-biodiversidad.es\/en\/actualidad_home\/antonio-serrano-inaugurates-the-viii-edition-of-the-masters-degree-in-environmental-management-and-administration\/\" \/>\n<meta property=\"og:site_name\" content=\"Fundaci\u00f3n Biodiversidad\" \/>\n<meta property=\"og:image\" content=\"https:\/\/fundacion-biodiversidad.es\/wp-content\/uploads\/2023\/01\/2487661294_35330241_720x405.png\" \/>\n\t<meta property=\"og:image:width\" content=\"720\" \/>\n\t<meta property=\"og:image:height\" content=\"405\" \/>\n\t<meta property=\"og:image:type\" content=\"image\/png\" \/>\n<meta name=\"twitter:card\" content=\"summary_large_image\" \/>\n<meta name=\"twitter:label1\" content=\"Est. reading time\" \/>\n\t<meta name=\"twitter:data1\" content=\"1 minute\" \/>\n<script type=\"application\/ld+json\" class=\"yoast-schema-graph\">{\"@context\":\"https:\/\/schema.org\",\"@graph\":[{\"@type\":\"WebPage\",\"@id\":\"https:\/\/fundacion-biodiversidad.es\/en\/actualidad_home\/antonio-serrano-inaugurates-the-viii-edition-of-the-masters-degree-in-environmental-management-and-administration\/\",\"url\":\"https:\/\/fundacion-biodiversidad.es\/en\/actualidad_home\/antonio-serrano-inaugurates-the-viii-edition-of-the-masters-degree-in-environmental-management-and-administration\/\",\"name\":\"Antonio Serrano inaugurates the VIII edition of the Master's Degree in Environmental Management and Administration - Fundaci\u00f3n Biodiversidad\",\"isPartOf\":{\"@id\":\"https:\/\/fundacion-biodiversidad.es\/en\/#website\"},\"datePublished\":\"2014-03-24T15:22:50+00:00\",\"breadcrumb\":{\"@id\":\"https:\/\/fundacion-biodiversidad.es\/en\/actualidad_home\/antonio-serrano-inaugurates-the-viii-edition-of-the-masters-degree-in-environmental-management-and-administration\/#breadcrumb\"},\"inLanguage\":\"en-US\",\"potentialAction\":[{\"@type\":\"ReadAction\",\"target\":[\"https:\/\/fundacion-biodiversidad.es\/en\/actualidad_home\/antonio-serrano-inaugurates-the-viii-edition-of-the-masters-degree-in-environmental-management-and-administration\/\"]}]},{\"@type\":\"BreadcrumbList\",\"@id\":\"https:\/\/fundacion-biodiversidad.es\/en\/actualidad_home\/antonio-serrano-inaugurates-the-viii-edition-of-the-masters-degree-in-environmental-management-and-administration\/#breadcrumb\",\"itemListElement\":[{\"@type\":\"ListItem\",\"position\":1,\"name\":\"Portada\",\"item\":\"https:\/\/fundacion-biodiversidad.es\/en\/inicio\/\"},{\"@type\":\"ListItem\",\"position\":2,\"name\":\"Noticias de actualidad\",\"item\":\"https:\/\/fundacion-biodiversidad.es\/en\/actualidad_home\/\"},{\"@type\":\"ListItem\",\"position\":3,\"name\":\"Antonio Serrano inaugurates the VIII edition of the Master&#8217;s Degree in Environmental Management and Administration\"}]},{\"@type\":\"WebSite\",\"@id\":\"https:\/\/fundacion-biodiversidad.es\/en\/#website\",\"url\":\"https:\/\/fundacion-biodiversidad.es\/en\/\",\"name\":\"Fundaci\u00f3n Biodiversidad\",\"description\":\"Fundaci\u00f3n p\u00fablica adscrita al Ministerio para la Transici\u00f3n Ecol\u00f3gica\",\"potentialAction\":[{\"@type\":\"SearchAction\",\"target\":{\"@type\":\"EntryPoint\",\"urlTemplate\":\"https:\/\/fundacion-biodiversidad.es\/en\/?s={search_term_string}\"},\"query-input\":{\"@type\":\"PropertyValueSpecification\",\"valueRequired\":true,\"valueName\":\"search_term_string\"}}],\"inLanguage\":\"en-US\"}]}<\/script>\n<!-- \/ Yoast SEO plugin. -->","yoast_head_json":{"title":"Antonio Serrano inaugurates the VIII edition of the Master's Degree in Environmental Management and Administration - Fundaci\u00f3n Biodiversidad","robots":{"index":"index","follow":"follow","max-snippet":"max-snippet:-1","max-image-preview":"max-image-preview:large","max-video-preview":"max-video-preview:-1"},"canonical":"https:\/\/fundacion-biodiversidad.es\/en\/actualidad_home\/antonio-serrano-inaugurates-the-viii-edition-of-the-masters-degree-in-environmental-management-and-administration\/","og_locale":"en_US","og_type":"article","og_title":"Antonio Serrano inaugurates the VIII edition of the Master's Degree in Environmental Management and Administration - Fundaci\u00f3n Biodiversidad","og_description":"The Secretary General for Territory and Biodiversity and President of the Board of Trustees of the Biodiversity Foundation, Antonio Serrano, inaugurated this morning the eighth [&hellip;]","og_url":"https:\/\/fundacion-biodiversidad.es\/en\/actualidad_home\/antonio-serrano-inaugurates-the-viii-edition-of-the-masters-degree-in-environmental-management-and-administration\/","og_site_name":"Fundaci\u00f3n Biodiversidad","og_image":[{"width":720,"height":405,"url":"https:\/\/fundacion-biodiversidad.es\/wp-content\/uploads\/2023\/01\/2487661294_35330241_720x405.png","type":"image\/png"}],"twitter_card":"summary_large_image","twitter_misc":{"Est. reading time":"1 minute"},"schema":{"@context":"https:\/\/schema.org","@graph":[{"@type":"WebPage","@id":"https:\/\/fundacion-biodiversidad.es\/en\/actualidad_home\/antonio-serrano-inaugurates-the-viii-edition-of-the-masters-degree-in-environmental-management-and-administration\/","url":"https:\/\/fundacion-biodiversidad.es\/en\/actualidad_home\/antonio-serrano-inaugurates-the-viii-edition-of-the-masters-degree-in-environmental-management-and-administration\/","name":"Antonio Serrano inaugurates the VIII edition of the Master's Degree in Environmental Management and Administration - Fundaci\u00f3n Biodiversidad","isPartOf":{"@id":"https:\/\/fundacion-biodiversidad.es\/en\/#website"},"datePublished":"2014-03-24T15:22:50+00:00","breadcrumb":{"@id":"https:\/\/fundacion-biodiversidad.es\/en\/actualidad_home\/antonio-serrano-inaugurates-the-viii-edition-of-the-masters-degree-in-environmental-management-and-administration\/#breadcrumb"},"inLanguage":"en-US","potentialAction":[{"@type":"ReadAction","target":["https:\/\/fundacion-biodiversidad.es\/en\/actualidad_home\/antonio-serrano-inaugurates-the-viii-edition-of-the-masters-degree-in-environmental-management-and-administration\/"]}]},{"@type":"BreadcrumbList","@id":"https:\/\/fundacion-biodiversidad.es\/en\/actualidad_home\/antonio-serrano-inaugurates-the-viii-edition-of-the-masters-degree-in-environmental-management-and-administration\/#breadcrumb","itemListElement":[{"@type":"ListItem","position":1,"name":"Portada","item":"https:\/\/fundacion-biodiversidad.es\/en\/inicio\/"},{"@type":"ListItem","position":2,"name":"Noticias de actualidad","item":"https:\/\/fundacion-biodiversidad.es\/en\/actualidad_home\/"},{"@type":"ListItem","position":3,"name":"Antonio Serrano inaugurates the VIII edition of the Master&#8217;s Degree in Environmental Management and Administration"}]},{"@type":"WebSite","@id":"https:\/\/fundacion-biodiversidad.es\/en\/#website","url":"https:\/\/fundacion-biodiversidad.es\/en\/","name":"Fundaci\u00f3n Biodiversidad","description":"Fundaci\u00f3n p\u00fablica adscrita al Ministerio para la Transici\u00f3n Ecol\u00f3gica","potentialAction":[{"@type":"SearchAction","target":{"@type":"EntryPoint","urlTemplate":"https:\/\/fundacion-biodiversidad.es\/en\/?s={search_term_string}"},"query-input":{"@type":"PropertyValueSpecification","valueRequired":true,"valueName":"search_term_string"}}],"inLanguage":"en-US"}]}},"_links":{"self":[{"href":"https:\/\/fundacion-biodiversidad.es\/en\/wp-json\/wp\/v2\/actualidad_home\/97857408","targetHints":{"allow":["GET"]}}],"collection":[{"href":"https:\/\/fundacion-biodiversidad.es\/en\/wp-json\/wp\/v2\/actualidad_home"}],"about":[{"href":"https:\/\/fundacion-biodiversidad.es\/en\/wp-json\/wp\/v2\/types\/actualidad_home"}],"author":[{"embeddable":true,"href":"https:\/\/fundacion-biodiversidad.es\/en\/wp-json\/wp\/v2\/users\/11"}],"wp:attachment":[{"href":"https:\/\/fundacion-biodiversidad.es\/en\/wp-json\/wp\/v2\/media?parent=97857408"}],"wp:term":[{"taxonomy":"palabras_clave","embeddable":true,"href":"https:\/\/fundacion-biodiversidad.es\/en\/wp-json\/wp\/v2\/palabras_clave?post=97857408"}],"curies":[{"name":"wp","href":"https:\/\/api.w.org\/{rel}","templated":true}]}}