{"id":97857410,"date":"2014-03-24T16:22:50","date_gmt":"2014-03-24T15:22:50","guid":{"rendered":"https:\/\/fundacion-biodiversidad.es\/actualidad_home\/seventeenth-session-of-the-permanent-forum-on-sustainability\/"},"modified":"2014-03-24T16:22:50","modified_gmt":"2014-03-24T15:22:50","slug":"seventeenth-session-of-the-permanent-forum-on-sustainability","status":"publish","type":"actualidad_home","link":"https:\/\/fundacion-biodiversidad.es\/en\/actualidad_home\/seventeenth-session-of-the-permanent-forum-on-sustainability\/","title":{"rendered":"Seventeenth session of the Permanent Forum on Sustainability"},"content":{"rendered":"<p>The Assembly Hall of the Royal Botanical Garden of Madrid (CSIC) will host from 6:00 p.m. on Thursday, October 18, the Permanent Forum on Sustainability organized by the Observatory of Sustainability in Spain (OSE) with the title &#8220;And now what? The future of building and construction. Reflections from sustainability&#8221;.  <\/p>\n<p><!--more--><\/p>\n<p>In this seventeenth session will take part: the architect, urban planner and member of the Association, Fernando Prats, the manager of the University of Alcal\u00e1 de Henares, Julio Rodr\u00edguez, the executive vice president of SEOPAN, Juli\u00e1n N\u00fa\u00f1ez S\u00e1nchez, the confederal secretary of Social Policies of CC.OO., Purificaci\u00f3n Garc\u00eda de la Rosa, and the general secretary of Housing, Javier Eugenio Ramos Guallart. The event will be presented by the Executive Director of the SBI, Luis Jim\u00e9nez Herrero, and moderated by the SBI Advisor and former Director of the European Environment Agency, Domingo Jim\u00e9nez-Beltr\u00e1n.  <\/p>\n<p>  The Permanent Forum on Sustainability, organised by the Sustainability Observatory in Spain (OSE), takes place on the third Thursday of each month, addressing in monographic sessions the main challenges of the future in terms of sustainability: energy, demand management, future scenarios, social models, reform programmes, eco-efficiency, eco-innovation, etc.  <\/p>\n<p>&nbsp;<\/p>\n","protected":false},"author":11,"featured_media":0,"template":"","meta":{"_acf_changed":false},"palabras_clave":[],"class_list":["post-97857410","actualidad_home","type-actualidad_home","status-publish","hentry"],"acf":[],"yoast_head":"<!-- This site is optimized with the Yoast SEO plugin v26.9 - https:\/\/yoast.com\/product\/yoast-seo-wordpress\/ -->\n<title>Seventeenth session of the Permanent Forum on Sustainability - Fundaci\u00f3n Biodiversidad<\/title>\n<meta name=\"robots\" content=\"index, follow, max-snippet:-1, max-image-preview:large, max-video-preview:-1\" \/>\n<link rel=\"canonical\" href=\"https:\/\/fundacion-biodiversidad.es\/en\/actualidad_home\/seventeenth-session-of-the-permanent-forum-on-sustainability\/\" \/>\n<meta property=\"og:locale\" content=\"en_US\" \/>\n<meta property=\"og:type\" content=\"article\" \/>\n<meta property=\"og:title\" content=\"Seventeenth session of the Permanent Forum on Sustainability - Fundaci\u00f3n Biodiversidad\" \/>\n<meta property=\"og:description\" content=\"The Assembly Hall of the Royal Botanical Garden of Madrid (CSIC) will host from 6:00 p.m. on Thursday, October 18, the Permanent Forum on Sustainability [&hellip;]\" \/>\n<meta property=\"og:url\" content=\"https:\/\/fundacion-biodiversidad.es\/en\/actualidad_home\/seventeenth-session-of-the-permanent-forum-on-sustainability\/\" \/>\n<meta property=\"og:site_name\" content=\"Fundaci\u00f3n Biodiversidad\" \/>\n<meta property=\"og:image\" content=\"https:\/\/fundacion-biodiversidad.es\/wp-content\/uploads\/2023\/01\/2487661294_35330241_720x405.png\" \/>\n\t<meta property=\"og:image:width\" content=\"720\" \/>\n\t<meta property=\"og:image:height\" content=\"405\" \/>\n\t<meta property=\"og:image:type\" content=\"image\/png\" \/>\n<meta name=\"twitter:card\" content=\"summary_large_image\" \/>\n<meta name=\"twitter:label1\" content=\"Est. reading time\" \/>\n\t<meta name=\"twitter:data1\" content=\"1 minute\" \/>\n<script type=\"application\/ld+json\" class=\"yoast-schema-graph\">{\"@context\":\"https:\/\/schema.org\",\"@graph\":[{\"@type\":\"WebPage\",\"@id\":\"https:\/\/fundacion-biodiversidad.es\/en\/actualidad_home\/seventeenth-session-of-the-permanent-forum-on-sustainability\/\",\"url\":\"https:\/\/fundacion-biodiversidad.es\/en\/actualidad_home\/seventeenth-session-of-the-permanent-forum-on-sustainability\/\",\"name\":\"Seventeenth session of the Permanent Forum on Sustainability - Fundaci\u00f3n Biodiversidad\",\"isPartOf\":{\"@id\":\"https:\/\/fundacion-biodiversidad.es\/en\/#website\"},\"datePublished\":\"2014-03-24T15:22:50+00:00\",\"breadcrumb\":{\"@id\":\"https:\/\/fundacion-biodiversidad.es\/en\/actualidad_home\/seventeenth-session-of-the-permanent-forum-on-sustainability\/#breadcrumb\"},\"inLanguage\":\"en-US\",\"potentialAction\":[{\"@type\":\"ReadAction\",\"target\":[\"https:\/\/fundacion-biodiversidad.es\/en\/actualidad_home\/seventeenth-session-of-the-permanent-forum-on-sustainability\/\"]}]},{\"@type\":\"BreadcrumbList\",\"@id\":\"https:\/\/fundacion-biodiversidad.es\/en\/actualidad_home\/seventeenth-session-of-the-permanent-forum-on-sustainability\/#breadcrumb\",\"itemListElement\":[{\"@type\":\"ListItem\",\"position\":1,\"name\":\"Portada\",\"item\":\"https:\/\/fundacion-biodiversidad.es\/en\/inicio\/\"},{\"@type\":\"ListItem\",\"position\":2,\"name\":\"Noticias de actualidad\",\"item\":\"https:\/\/fundacion-biodiversidad.es\/en\/actualidad_home\/\"},{\"@type\":\"ListItem\",\"position\":3,\"name\":\"Seventeenth session of the Permanent Forum on Sustainability\"}]},{\"@type\":\"WebSite\",\"@id\":\"https:\/\/fundacion-biodiversidad.es\/en\/#website\",\"url\":\"https:\/\/fundacion-biodiversidad.es\/en\/\",\"name\":\"Fundaci\u00f3n Biodiversidad\",\"description\":\"Fundaci\u00f3n p\u00fablica adscrita al Ministerio para la Transici\u00f3n Ecol\u00f3gica\",\"potentialAction\":[{\"@type\":\"SearchAction\",\"target\":{\"@type\":\"EntryPoint\",\"urlTemplate\":\"https:\/\/fundacion-biodiversidad.es\/en\/?s={search_term_string}\"},\"query-input\":{\"@type\":\"PropertyValueSpecification\",\"valueRequired\":true,\"valueName\":\"search_term_string\"}}],\"inLanguage\":\"en-US\"}]}<\/script>\n<!-- \/ Yoast SEO plugin. -->","yoast_head_json":{"title":"Seventeenth session of the Permanent Forum on Sustainability - Fundaci\u00f3n Biodiversidad","robots":{"index":"index","follow":"follow","max-snippet":"max-snippet:-1","max-image-preview":"max-image-preview:large","max-video-preview":"max-video-preview:-1"},"canonical":"https:\/\/fundacion-biodiversidad.es\/en\/actualidad_home\/seventeenth-session-of-the-permanent-forum-on-sustainability\/","og_locale":"en_US","og_type":"article","og_title":"Seventeenth session of the Permanent Forum on Sustainability - Fundaci\u00f3n Biodiversidad","og_description":"The Assembly Hall of the Royal Botanical Garden of Madrid (CSIC) will host from 6:00 p.m. on Thursday, October 18, the Permanent Forum on Sustainability [&hellip;]","og_url":"https:\/\/fundacion-biodiversidad.es\/en\/actualidad_home\/seventeenth-session-of-the-permanent-forum-on-sustainability\/","og_site_name":"Fundaci\u00f3n Biodiversidad","og_image":[{"width":720,"height":405,"url":"https:\/\/fundacion-biodiversidad.es\/wp-content\/uploads\/2023\/01\/2487661294_35330241_720x405.png","type":"image\/png"}],"twitter_card":"summary_large_image","twitter_misc":{"Est. reading time":"1 minute"},"schema":{"@context":"https:\/\/schema.org","@graph":[{"@type":"WebPage","@id":"https:\/\/fundacion-biodiversidad.es\/en\/actualidad_home\/seventeenth-session-of-the-permanent-forum-on-sustainability\/","url":"https:\/\/fundacion-biodiversidad.es\/en\/actualidad_home\/seventeenth-session-of-the-permanent-forum-on-sustainability\/","name":"Seventeenth session of the Permanent Forum on Sustainability - Fundaci\u00f3n Biodiversidad","isPartOf":{"@id":"https:\/\/fundacion-biodiversidad.es\/en\/#website"},"datePublished":"2014-03-24T15:22:50+00:00","breadcrumb":{"@id":"https:\/\/fundacion-biodiversidad.es\/en\/actualidad_home\/seventeenth-session-of-the-permanent-forum-on-sustainability\/#breadcrumb"},"inLanguage":"en-US","potentialAction":[{"@type":"ReadAction","target":["https:\/\/fundacion-biodiversidad.es\/en\/actualidad_home\/seventeenth-session-of-the-permanent-forum-on-sustainability\/"]}]},{"@type":"BreadcrumbList","@id":"https:\/\/fundacion-biodiversidad.es\/en\/actualidad_home\/seventeenth-session-of-the-permanent-forum-on-sustainability\/#breadcrumb","itemListElement":[{"@type":"ListItem","position":1,"name":"Portada","item":"https:\/\/fundacion-biodiversidad.es\/en\/inicio\/"},{"@type":"ListItem","position":2,"name":"Noticias de actualidad","item":"https:\/\/fundacion-biodiversidad.es\/en\/actualidad_home\/"},{"@type":"ListItem","position":3,"name":"Seventeenth session of the Permanent Forum on Sustainability"}]},{"@type":"WebSite","@id":"https:\/\/fundacion-biodiversidad.es\/en\/#website","url":"https:\/\/fundacion-biodiversidad.es\/en\/","name":"Fundaci\u00f3n Biodiversidad","description":"Fundaci\u00f3n p\u00fablica adscrita al Ministerio para la Transici\u00f3n Ecol\u00f3gica","potentialAction":[{"@type":"SearchAction","target":{"@type":"EntryPoint","urlTemplate":"https:\/\/fundacion-biodiversidad.es\/en\/?s={search_term_string}"},"query-input":{"@type":"PropertyValueSpecification","valueRequired":true,"valueName":"search_term_string"}}],"inLanguage":"en-US"}]}},"_links":{"self":[{"href":"https:\/\/fundacion-biodiversidad.es\/en\/wp-json\/wp\/v2\/actualidad_home\/97857410","targetHints":{"allow":["GET"]}}],"collection":[{"href":"https:\/\/fundacion-biodiversidad.es\/en\/wp-json\/wp\/v2\/actualidad_home"}],"about":[{"href":"https:\/\/fundacion-biodiversidad.es\/en\/wp-json\/wp\/v2\/types\/actualidad_home"}],"author":[{"embeddable":true,"href":"https:\/\/fundacion-biodiversidad.es\/en\/wp-json\/wp\/v2\/users\/11"}],"wp:attachment":[{"href":"https:\/\/fundacion-biodiversidad.es\/en\/wp-json\/wp\/v2\/media?parent=97857410"}],"wp:term":[{"taxonomy":"palabras_clave","embeddable":true,"href":"https:\/\/fundacion-biodiversidad.es\/en\/wp-json\/wp\/v2\/palabras_clave?post=97857410"}],"curies":[{"name":"wp","href":"https:\/\/api.w.org\/{rel}","templated":true}]}}