{"id":97857411,"date":"2014-03-24T16:22:50","date_gmt":"2014-03-24T15:22:50","guid":{"rendered":"https:\/\/fundacion-biodiversidad.es\/actualidad_home\/cristina-narbona-presents-the-agreement-to-expand-the-oxygen-project-to-new-prisons\/"},"modified":"2014-03-24T16:22:50","modified_gmt":"2014-03-24T15:22:50","slug":"cristina-narbona-presents-the-agreement-to-expand-the-oxygen-project-to-new-prisons","status":"publish","type":"actualidad_home","link":"https:\/\/fundacion-biodiversidad.es\/en\/actualidad_home\/cristina-narbona-presents-the-agreement-to-expand-the-oxygen-project-to-new-prisons\/","title":{"rendered":"Cristina Narbona presents the agreement to expand the &#8220;Oxygen Project&#8221; to new prisons"},"content":{"rendered":"<p>The Minister of the Environment, Cristina Narbona, presided this morning at the Madrid IV Penitentiary Center (Navalcarnero) over the signing of the agreement that contemplates the extension of the &#8220;Oxygen Project&#8221; to new prisons in our country. This agreement has been signed by the director of the Biodiversity Foundation, Mar\u00eda Artola, the secretary general for Territory and Biodiversity and president of the Autonomous National Parks Agency, Antonio Serrano, and the general director of Penitentiary Institutions and president of the Autonomous Prison Work and Training for Employment Agency, Mercedes Gallizo.   <\/p>\n<p><!--more--><\/p>\n<p>Likewise, the Minister of the Environment has delivered the diplomas to the 18 students of the Madrid IV Penitentiary Center (Navalcarnero) who have completed the pilot course that has been launched within the framework of the &#8220;Oxygen Project&#8221;. This initiative seeks to rescue the values of nature for the benefit of the person, with a view to his or her reintegration into society. Its main objective is the training of prison inmates through courses related to the environment that have been designed to facilitate their subsequent incorporation into the labour market.    <\/p>\n<p>  The &#8220;Oxygen Project&#8221; is promoted by the Ministry of the Environment and the Ministry of the Interior, the former through the Biodiversity Foundation and the Autonomous National Parks Agency, and the latter, through the Autonomous Prison Work and Training for Employment Agency and the Navalcarnero Penitentiary Centre. In addition, it has the participation of three social organizations with extensive experience in this area, &#8220;Open Horizons&#8221;, &#8220;Solidarity for Development&#8221; and the &#8220;Tomillo Foundation&#8221;.   <\/p>\n<p>  The first initiative that has been launched within the framework of this project has been developed from last October to this September at the Madrid IV Penitentiary Center (Navalcarnero). The success of the course, which has been taken by eighteen students from this prison, has led the institutions promoting this initiative to expand the &#8220;Oxygen Project&#8221; to new centers in our country. The &#8220;Oxygen Project&#8221; will be launched in the Penitentiary Centers of Madrid IV (Navalcarnero), Madrid I (Alcal\u00e1 de Henares), Segovia, Algeciras, Madrid VI (Aranjuez) and Palma de Mallorca. Thus, between 15 and 30 interns will participate during the 2007-2008 academic year in the two modules of which the cycle consists: Gardening and Forestry Worker. At the end of each of the modules, students will receive the corresponding degree.      <\/p>\n<p>  The courses provided for in the &#8220;Oxygen Project&#8221; include theoretical classes, practical workshops, as well as work in a greenhouse, provided by the Penitentiary Center, which will allow inmates participating in this program to put into practice the knowledge acquired. In addition, students will be able to carry out internships in facilities belonging to the National Parks Autonomous Body, such as farms and nurseries of the State. This project also entails the creation of a Biodiversity Classroom, open to all inmates who wish to do so, where lectures will be held periodically by invited experts, which will provide attendees with environmental awareness.    <br \/>\n&nbsp;<\/p>\n","protected":false},"author":11,"featured_media":0,"template":"","meta":{"_acf_changed":false},"palabras_clave":[],"class_list":["post-97857411","actualidad_home","type-actualidad_home","status-publish","hentry"],"acf":[],"yoast_head":"<!-- This site is optimized with the Yoast SEO plugin v26.9 - https:\/\/yoast.com\/product\/yoast-seo-wordpress\/ -->\n<title>Cristina Narbona presents the agreement to expand the &quot;Oxygen Project&quot; to new prisons - Fundaci\u00f3n Biodiversidad<\/title>\n<meta name=\"robots\" content=\"index, follow, max-snippet:-1, max-image-preview:large, max-video-preview:-1\" \/>\n<link rel=\"canonical\" href=\"https:\/\/fundacion-biodiversidad.es\/en\/actualidad_home\/cristina-narbona-presents-the-agreement-to-expand-the-oxygen-project-to-new-prisons\/\" \/>\n<meta property=\"og:locale\" content=\"en_US\" \/>\n<meta property=\"og:type\" content=\"article\" \/>\n<meta property=\"og:title\" content=\"Cristina Narbona presents the agreement to expand the &quot;Oxygen Project&quot; to new prisons - Fundaci\u00f3n Biodiversidad\" \/>\n<meta property=\"og:description\" content=\"The Minister of the Environment, Cristina Narbona, presided this morning at the Madrid IV Penitentiary Center (Navalcarnero) over the signing of the agreement that contemplates [&hellip;]\" \/>\n<meta property=\"og:url\" content=\"https:\/\/fundacion-biodiversidad.es\/en\/actualidad_home\/cristina-narbona-presents-the-agreement-to-expand-the-oxygen-project-to-new-prisons\/\" \/>\n<meta property=\"og:site_name\" content=\"Fundaci\u00f3n Biodiversidad\" \/>\n<meta property=\"og:image\" content=\"https:\/\/fundacion-biodiversidad.es\/wp-content\/uploads\/2023\/01\/2487661294_35330241_720x405.png\" \/>\n\t<meta property=\"og:image:width\" content=\"720\" \/>\n\t<meta property=\"og:image:height\" content=\"405\" \/>\n\t<meta property=\"og:image:type\" content=\"image\/png\" \/>\n<meta name=\"twitter:card\" content=\"summary_large_image\" \/>\n<meta name=\"twitter:label1\" content=\"Est. reading time\" \/>\n\t<meta name=\"twitter:data1\" content=\"2 minutes\" \/>\n<script type=\"application\/ld+json\" class=\"yoast-schema-graph\">{\"@context\":\"https:\/\/schema.org\",\"@graph\":[{\"@type\":\"WebPage\",\"@id\":\"https:\/\/fundacion-biodiversidad.es\/en\/actualidad_home\/cristina-narbona-presents-the-agreement-to-expand-the-oxygen-project-to-new-prisons\/\",\"url\":\"https:\/\/fundacion-biodiversidad.es\/en\/actualidad_home\/cristina-narbona-presents-the-agreement-to-expand-the-oxygen-project-to-new-prisons\/\",\"name\":\"Cristina Narbona presents the agreement to expand the \\\"Oxygen Project\\\" to new prisons - Fundaci\u00f3n Biodiversidad\",\"isPartOf\":{\"@id\":\"https:\/\/fundacion-biodiversidad.es\/en\/#website\"},\"datePublished\":\"2014-03-24T15:22:50+00:00\",\"breadcrumb\":{\"@id\":\"https:\/\/fundacion-biodiversidad.es\/en\/actualidad_home\/cristina-narbona-presents-the-agreement-to-expand-the-oxygen-project-to-new-prisons\/#breadcrumb\"},\"inLanguage\":\"en-US\",\"potentialAction\":[{\"@type\":\"ReadAction\",\"target\":[\"https:\/\/fundacion-biodiversidad.es\/en\/actualidad_home\/cristina-narbona-presents-the-agreement-to-expand-the-oxygen-project-to-new-prisons\/\"]}]},{\"@type\":\"BreadcrumbList\",\"@id\":\"https:\/\/fundacion-biodiversidad.es\/en\/actualidad_home\/cristina-narbona-presents-the-agreement-to-expand-the-oxygen-project-to-new-prisons\/#breadcrumb\",\"itemListElement\":[{\"@type\":\"ListItem\",\"position\":1,\"name\":\"Portada\",\"item\":\"https:\/\/fundacion-biodiversidad.es\/en\/inicio\/\"},{\"@type\":\"ListItem\",\"position\":2,\"name\":\"Noticias de actualidad\",\"item\":\"https:\/\/fundacion-biodiversidad.es\/en\/actualidad_home\/\"},{\"@type\":\"ListItem\",\"position\":3,\"name\":\"Cristina Narbona presents the agreement to expand the &#8220;Oxygen Project&#8221; to new prisons\"}]},{\"@type\":\"WebSite\",\"@id\":\"https:\/\/fundacion-biodiversidad.es\/en\/#website\",\"url\":\"https:\/\/fundacion-biodiversidad.es\/en\/\",\"name\":\"Fundaci\u00f3n Biodiversidad\",\"description\":\"Fundaci\u00f3n p\u00fablica adscrita al Ministerio para la Transici\u00f3n Ecol\u00f3gica\",\"potentialAction\":[{\"@type\":\"SearchAction\",\"target\":{\"@type\":\"EntryPoint\",\"urlTemplate\":\"https:\/\/fundacion-biodiversidad.es\/en\/?s={search_term_string}\"},\"query-input\":{\"@type\":\"PropertyValueSpecification\",\"valueRequired\":true,\"valueName\":\"search_term_string\"}}],\"inLanguage\":\"en-US\"}]}<\/script>\n<!-- \/ Yoast SEO plugin. -->","yoast_head_json":{"title":"Cristina Narbona presents the agreement to expand the \"Oxygen Project\" to new prisons - Fundaci\u00f3n Biodiversidad","robots":{"index":"index","follow":"follow","max-snippet":"max-snippet:-1","max-image-preview":"max-image-preview:large","max-video-preview":"max-video-preview:-1"},"canonical":"https:\/\/fundacion-biodiversidad.es\/en\/actualidad_home\/cristina-narbona-presents-the-agreement-to-expand-the-oxygen-project-to-new-prisons\/","og_locale":"en_US","og_type":"article","og_title":"Cristina Narbona presents the agreement to expand the \"Oxygen Project\" to new prisons - Fundaci\u00f3n Biodiversidad","og_description":"The Minister of the Environment, Cristina Narbona, presided this morning at the Madrid IV Penitentiary Center (Navalcarnero) over the signing of the agreement that contemplates [&hellip;]","og_url":"https:\/\/fundacion-biodiversidad.es\/en\/actualidad_home\/cristina-narbona-presents-the-agreement-to-expand-the-oxygen-project-to-new-prisons\/","og_site_name":"Fundaci\u00f3n Biodiversidad","og_image":[{"width":720,"height":405,"url":"https:\/\/fundacion-biodiversidad.es\/wp-content\/uploads\/2023\/01\/2487661294_35330241_720x405.png","type":"image\/png"}],"twitter_card":"summary_large_image","twitter_misc":{"Est. reading time":"2 minutes"},"schema":{"@context":"https:\/\/schema.org","@graph":[{"@type":"WebPage","@id":"https:\/\/fundacion-biodiversidad.es\/en\/actualidad_home\/cristina-narbona-presents-the-agreement-to-expand-the-oxygen-project-to-new-prisons\/","url":"https:\/\/fundacion-biodiversidad.es\/en\/actualidad_home\/cristina-narbona-presents-the-agreement-to-expand-the-oxygen-project-to-new-prisons\/","name":"Cristina Narbona presents the agreement to expand the \"Oxygen Project\" to new prisons - Fundaci\u00f3n Biodiversidad","isPartOf":{"@id":"https:\/\/fundacion-biodiversidad.es\/en\/#website"},"datePublished":"2014-03-24T15:22:50+00:00","breadcrumb":{"@id":"https:\/\/fundacion-biodiversidad.es\/en\/actualidad_home\/cristina-narbona-presents-the-agreement-to-expand-the-oxygen-project-to-new-prisons\/#breadcrumb"},"inLanguage":"en-US","potentialAction":[{"@type":"ReadAction","target":["https:\/\/fundacion-biodiversidad.es\/en\/actualidad_home\/cristina-narbona-presents-the-agreement-to-expand-the-oxygen-project-to-new-prisons\/"]}]},{"@type":"BreadcrumbList","@id":"https:\/\/fundacion-biodiversidad.es\/en\/actualidad_home\/cristina-narbona-presents-the-agreement-to-expand-the-oxygen-project-to-new-prisons\/#breadcrumb","itemListElement":[{"@type":"ListItem","position":1,"name":"Portada","item":"https:\/\/fundacion-biodiversidad.es\/en\/inicio\/"},{"@type":"ListItem","position":2,"name":"Noticias de actualidad","item":"https:\/\/fundacion-biodiversidad.es\/en\/actualidad_home\/"},{"@type":"ListItem","position":3,"name":"Cristina Narbona presents the agreement to expand the &#8220;Oxygen Project&#8221; to new prisons"}]},{"@type":"WebSite","@id":"https:\/\/fundacion-biodiversidad.es\/en\/#website","url":"https:\/\/fundacion-biodiversidad.es\/en\/","name":"Fundaci\u00f3n Biodiversidad","description":"Fundaci\u00f3n p\u00fablica adscrita al Ministerio para la Transici\u00f3n Ecol\u00f3gica","potentialAction":[{"@type":"SearchAction","target":{"@type":"EntryPoint","urlTemplate":"https:\/\/fundacion-biodiversidad.es\/en\/?s={search_term_string}"},"query-input":{"@type":"PropertyValueSpecification","valueRequired":true,"valueName":"search_term_string"}}],"inLanguage":"en-US"}]}},"_links":{"self":[{"href":"https:\/\/fundacion-biodiversidad.es\/en\/wp-json\/wp\/v2\/actualidad_home\/97857411","targetHints":{"allow":["GET"]}}],"collection":[{"href":"https:\/\/fundacion-biodiversidad.es\/en\/wp-json\/wp\/v2\/actualidad_home"}],"about":[{"href":"https:\/\/fundacion-biodiversidad.es\/en\/wp-json\/wp\/v2\/types\/actualidad_home"}],"author":[{"embeddable":true,"href":"https:\/\/fundacion-biodiversidad.es\/en\/wp-json\/wp\/v2\/users\/11"}],"wp:attachment":[{"href":"https:\/\/fundacion-biodiversidad.es\/en\/wp-json\/wp\/v2\/media?parent=97857411"}],"wp:term":[{"taxonomy":"palabras_clave","embeddable":true,"href":"https:\/\/fundacion-biodiversidad.es\/en\/wp-json\/wp\/v2\/palabras_clave?post=97857411"}],"curies":[{"name":"wp","href":"https:\/\/api.w.org\/{rel}","templated":true}]}}