{"id":97857413,"date":"2014-03-24T16:22:50","date_gmt":"2014-03-24T15:22:50","guid":{"rendered":"https:\/\/fundacion-biodiversidad.es\/actualidad_home\/the-director-of-the-biodiversity-foundation-receives-the-silver-medal-for-penitentiary-social-merit\/"},"modified":"2014-03-24T16:22:50","modified_gmt":"2014-03-24T15:22:50","slug":"the-director-of-the-biodiversity-foundation-receives-the-silver-medal-for-penitentiary-social-merit","status":"publish","type":"actualidad_home","link":"https:\/\/fundacion-biodiversidad.es\/en\/actualidad_home\/the-director-of-the-biodiversity-foundation-receives-the-silver-medal-for-penitentiary-social-merit\/","title":{"rendered":"The director of the Biodiversity Foundation receives the Silver Medal for Penitentiary Social Merit"},"content":{"rendered":"<p>The director of the Biodiversity Foundation of the Ministry of the Environment, Mar\u00eda Artola, has received the Silver Medal for Penitentiary Social Merit awarded to her by the Minister of the Interior, Alfredo P\u00e9rez Rubalcaba, in a ceremony held this morning in Madrid at the C\u00edrculo de Bellas Artes.  <\/p>\n<p><!--more--><\/p>\n<p>This award, granted by the Secretary of State for Penitentiary Affairs, is a recognition of the work that the Biodiversity Foundation is carrying out through the &#8220;Oxygen Project&#8221;, whose main objective is the training of prison inmates through courses related to the environment that have been designed to facilitate their subsequent incorporation into the labor market.  <\/p>\n<p>  The &#8220;Oxygen Project&#8221; has been operating with great success for a year at the Madrid IV Penitentiary Center in Navalcarnero and has allowed 18 inmates to have already obtained their qualifications in Gardening and Forestry Worker, the two modules of which this initiative consists. Likewise, on September 17, the institutions promoting the &#8220;Oxygen Project&#8221;, the Biodiversity Foundation, the Autonomous Organization of National Parks and the Autonomous Organization for Penitentiary Work and Training for Employment, signed the agreement for its implementation in the prisons of Madrid IV (Navalcarnero), Madrid I (Alcal\u00e1 de Henares), Segovia, Algeciras, Madrid VI (Aranjuez) and Palma de Mallorca.   <br \/>\n&nbsp;<\/p>\n","protected":false},"author":11,"featured_media":35374,"template":"","meta":{"_acf_changed":false},"palabras_clave":[],"class_list":["post-97857413","actualidad_home","type-actualidad_home","status-publish","has-post-thumbnail","hentry"],"acf":[],"yoast_head":"<!-- This site is optimized with the Yoast SEO plugin v26.9 - https:\/\/yoast.com\/product\/yoast-seo-wordpress\/ -->\n<title>The director of the Biodiversity Foundation receives the Silver Medal for Penitentiary Social Merit - Fundaci\u00f3n Biodiversidad<\/title>\n<meta name=\"robots\" content=\"index, follow, max-snippet:-1, max-image-preview:large, max-video-preview:-1\" \/>\n<link rel=\"canonical\" href=\"https:\/\/fundacion-biodiversidad.es\/en\/actualidad_home\/the-director-of-the-biodiversity-foundation-receives-the-silver-medal-for-penitentiary-social-merit\/\" \/>\n<meta property=\"og:locale\" content=\"en_US\" \/>\n<meta property=\"og:type\" content=\"article\" \/>\n<meta property=\"og:title\" content=\"The director of the Biodiversity Foundation receives the Silver Medal for Penitentiary Social Merit - Fundaci\u00f3n Biodiversidad\" \/>\n<meta property=\"og:description\" content=\"The director of the Biodiversity Foundation of the Ministry of the Environment, Mar\u00eda Artola, has received the Silver Medal for Penitentiary Social Merit awarded to [&hellip;]\" \/>\n<meta property=\"og:url\" content=\"https:\/\/fundacion-biodiversidad.es\/en\/actualidad_home\/the-director-of-the-biodiversity-foundation-receives-the-silver-medal-for-penitentiary-social-merit\/\" \/>\n<meta property=\"og:site_name\" content=\"Fundaci\u00f3n Biodiversidad\" \/>\n<meta property=\"og:image\" content=\"https:\/\/fundacion-biodiversidad.es\/wp-content\/uploads\/2023\/01\/2487661294_35330241_720x405.png\" \/>\n\t<meta property=\"og:image:width\" content=\"720\" \/>\n\t<meta property=\"og:image:height\" content=\"405\" \/>\n\t<meta property=\"og:image:type\" content=\"image\/png\" \/>\n<meta name=\"twitter:card\" content=\"summary_large_image\" \/>\n<meta name=\"twitter:label1\" content=\"Est. reading time\" \/>\n\t<meta name=\"twitter:data1\" content=\"1 minute\" \/>\n<script type=\"application\/ld+json\" class=\"yoast-schema-graph\">{\"@context\":\"https:\/\/schema.org\",\"@graph\":[{\"@type\":\"WebPage\",\"@id\":\"https:\/\/fundacion-biodiversidad.es\/en\/actualidad_home\/the-director-of-the-biodiversity-foundation-receives-the-silver-medal-for-penitentiary-social-merit\/\",\"url\":\"https:\/\/fundacion-biodiversidad.es\/en\/actualidad_home\/the-director-of-the-biodiversity-foundation-receives-the-silver-medal-for-penitentiary-social-merit\/\",\"name\":\"The director of the Biodiversity Foundation receives the Silver Medal for Penitentiary Social Merit - Fundaci\u00f3n Biodiversidad\",\"isPartOf\":{\"@id\":\"https:\/\/fundacion-biodiversidad.es\/en\/#website\"},\"primaryImageOfPage\":{\"@id\":\"https:\/\/fundacion-biodiversidad.es\/en\/actualidad_home\/the-director-of-the-biodiversity-foundation-receives-the-silver-medal-for-penitentiary-social-merit\/#primaryimage\"},\"image\":{\"@id\":\"https:\/\/fundacion-biodiversidad.es\/en\/actualidad_home\/the-director-of-the-biodiversity-foundation-receives-the-silver-medal-for-penitentiary-social-merit\/#primaryimage\"},\"thumbnailUrl\":\"https:\/\/fundacion-biodiversidad.es\/wp-content\/uploads\/2014\/05\/act_20070924_01_0.jpg\",\"datePublished\":\"2014-03-24T15:22:50+00:00\",\"breadcrumb\":{\"@id\":\"https:\/\/fundacion-biodiversidad.es\/en\/actualidad_home\/the-director-of-the-biodiversity-foundation-receives-the-silver-medal-for-penitentiary-social-merit\/#breadcrumb\"},\"inLanguage\":\"en-US\",\"potentialAction\":[{\"@type\":\"ReadAction\",\"target\":[\"https:\/\/fundacion-biodiversidad.es\/en\/actualidad_home\/the-director-of-the-biodiversity-foundation-receives-the-silver-medal-for-penitentiary-social-merit\/\"]}]},{\"@type\":\"ImageObject\",\"inLanguage\":\"en-US\",\"@id\":\"https:\/\/fundacion-biodiversidad.es\/en\/actualidad_home\/the-director-of-the-biodiversity-foundation-receives-the-silver-medal-for-penitentiary-social-merit\/#primaryimage\",\"url\":\"https:\/\/fundacion-biodiversidad.es\/wp-content\/uploads\/2014\/05\/act_20070924_01_0.jpg\",\"contentUrl\":\"https:\/\/fundacion-biodiversidad.es\/wp-content\/uploads\/2014\/05\/act_20070924_01_0.jpg\",\"width\":220,\"height\":155},{\"@type\":\"BreadcrumbList\",\"@id\":\"https:\/\/fundacion-biodiversidad.es\/en\/actualidad_home\/the-director-of-the-biodiversity-foundation-receives-the-silver-medal-for-penitentiary-social-merit\/#breadcrumb\",\"itemListElement\":[{\"@type\":\"ListItem\",\"position\":1,\"name\":\"Portada\",\"item\":\"https:\/\/fundacion-biodiversidad.es\/en\/inicio\/\"},{\"@type\":\"ListItem\",\"position\":2,\"name\":\"Noticias de actualidad\",\"item\":\"https:\/\/fundacion-biodiversidad.es\/en\/actualidad_home\/\"},{\"@type\":\"ListItem\",\"position\":3,\"name\":\"The director of the Biodiversity Foundation receives the Silver Medal for Penitentiary Social Merit\"}]},{\"@type\":\"WebSite\",\"@id\":\"https:\/\/fundacion-biodiversidad.es\/en\/#website\",\"url\":\"https:\/\/fundacion-biodiversidad.es\/en\/\",\"name\":\"Fundaci\u00f3n Biodiversidad\",\"description\":\"Fundaci\u00f3n p\u00fablica adscrita al Ministerio para la Transici\u00f3n Ecol\u00f3gica\",\"potentialAction\":[{\"@type\":\"SearchAction\",\"target\":{\"@type\":\"EntryPoint\",\"urlTemplate\":\"https:\/\/fundacion-biodiversidad.es\/en\/?s={search_term_string}\"},\"query-input\":{\"@type\":\"PropertyValueSpecification\",\"valueRequired\":true,\"valueName\":\"search_term_string\"}}],\"inLanguage\":\"en-US\"}]}<\/script>\n<!-- \/ Yoast SEO plugin. -->","yoast_head_json":{"title":"The director of the Biodiversity Foundation receives the Silver Medal for Penitentiary Social Merit - Fundaci\u00f3n Biodiversidad","robots":{"index":"index","follow":"follow","max-snippet":"max-snippet:-1","max-image-preview":"max-image-preview:large","max-video-preview":"max-video-preview:-1"},"canonical":"https:\/\/fundacion-biodiversidad.es\/en\/actualidad_home\/the-director-of-the-biodiversity-foundation-receives-the-silver-medal-for-penitentiary-social-merit\/","og_locale":"en_US","og_type":"article","og_title":"The director of the Biodiversity Foundation receives the Silver Medal for Penitentiary Social Merit - Fundaci\u00f3n Biodiversidad","og_description":"The director of the Biodiversity Foundation of the Ministry of the Environment, Mar\u00eda Artola, has received the Silver Medal for Penitentiary Social Merit awarded to [&hellip;]","og_url":"https:\/\/fundacion-biodiversidad.es\/en\/actualidad_home\/the-director-of-the-biodiversity-foundation-receives-the-silver-medal-for-penitentiary-social-merit\/","og_site_name":"Fundaci\u00f3n Biodiversidad","og_image":[{"width":720,"height":405,"url":"https:\/\/fundacion-biodiversidad.es\/wp-content\/uploads\/2023\/01\/2487661294_35330241_720x405.png","type":"image\/png"}],"twitter_card":"summary_large_image","twitter_misc":{"Est. reading time":"1 minute"},"schema":{"@context":"https:\/\/schema.org","@graph":[{"@type":"WebPage","@id":"https:\/\/fundacion-biodiversidad.es\/en\/actualidad_home\/the-director-of-the-biodiversity-foundation-receives-the-silver-medal-for-penitentiary-social-merit\/","url":"https:\/\/fundacion-biodiversidad.es\/en\/actualidad_home\/the-director-of-the-biodiversity-foundation-receives-the-silver-medal-for-penitentiary-social-merit\/","name":"The director of the Biodiversity Foundation receives the Silver Medal for Penitentiary Social Merit - Fundaci\u00f3n Biodiversidad","isPartOf":{"@id":"https:\/\/fundacion-biodiversidad.es\/en\/#website"},"primaryImageOfPage":{"@id":"https:\/\/fundacion-biodiversidad.es\/en\/actualidad_home\/the-director-of-the-biodiversity-foundation-receives-the-silver-medal-for-penitentiary-social-merit\/#primaryimage"},"image":{"@id":"https:\/\/fundacion-biodiversidad.es\/en\/actualidad_home\/the-director-of-the-biodiversity-foundation-receives-the-silver-medal-for-penitentiary-social-merit\/#primaryimage"},"thumbnailUrl":"https:\/\/fundacion-biodiversidad.es\/wp-content\/uploads\/2014\/05\/act_20070924_01_0.jpg","datePublished":"2014-03-24T15:22:50+00:00","breadcrumb":{"@id":"https:\/\/fundacion-biodiversidad.es\/en\/actualidad_home\/the-director-of-the-biodiversity-foundation-receives-the-silver-medal-for-penitentiary-social-merit\/#breadcrumb"},"inLanguage":"en-US","potentialAction":[{"@type":"ReadAction","target":["https:\/\/fundacion-biodiversidad.es\/en\/actualidad_home\/the-director-of-the-biodiversity-foundation-receives-the-silver-medal-for-penitentiary-social-merit\/"]}]},{"@type":"ImageObject","inLanguage":"en-US","@id":"https:\/\/fundacion-biodiversidad.es\/en\/actualidad_home\/the-director-of-the-biodiversity-foundation-receives-the-silver-medal-for-penitentiary-social-merit\/#primaryimage","url":"https:\/\/fundacion-biodiversidad.es\/wp-content\/uploads\/2014\/05\/act_20070924_01_0.jpg","contentUrl":"https:\/\/fundacion-biodiversidad.es\/wp-content\/uploads\/2014\/05\/act_20070924_01_0.jpg","width":220,"height":155},{"@type":"BreadcrumbList","@id":"https:\/\/fundacion-biodiversidad.es\/en\/actualidad_home\/the-director-of-the-biodiversity-foundation-receives-the-silver-medal-for-penitentiary-social-merit\/#breadcrumb","itemListElement":[{"@type":"ListItem","position":1,"name":"Portada","item":"https:\/\/fundacion-biodiversidad.es\/en\/inicio\/"},{"@type":"ListItem","position":2,"name":"Noticias de actualidad","item":"https:\/\/fundacion-biodiversidad.es\/en\/actualidad_home\/"},{"@type":"ListItem","position":3,"name":"The director of the Biodiversity Foundation receives the Silver Medal for Penitentiary Social Merit"}]},{"@type":"WebSite","@id":"https:\/\/fundacion-biodiversidad.es\/en\/#website","url":"https:\/\/fundacion-biodiversidad.es\/en\/","name":"Fundaci\u00f3n Biodiversidad","description":"Fundaci\u00f3n p\u00fablica adscrita al Ministerio para la Transici\u00f3n Ecol\u00f3gica","potentialAction":[{"@type":"SearchAction","target":{"@type":"EntryPoint","urlTemplate":"https:\/\/fundacion-biodiversidad.es\/en\/?s={search_term_string}"},"query-input":{"@type":"PropertyValueSpecification","valueRequired":true,"valueName":"search_term_string"}}],"inLanguage":"en-US"}]}},"_links":{"self":[{"href":"https:\/\/fundacion-biodiversidad.es\/en\/wp-json\/wp\/v2\/actualidad_home\/97857413","targetHints":{"allow":["GET"]}}],"collection":[{"href":"https:\/\/fundacion-biodiversidad.es\/en\/wp-json\/wp\/v2\/actualidad_home"}],"about":[{"href":"https:\/\/fundacion-biodiversidad.es\/en\/wp-json\/wp\/v2\/types\/actualidad_home"}],"author":[{"embeddable":true,"href":"https:\/\/fundacion-biodiversidad.es\/en\/wp-json\/wp\/v2\/users\/11"}],"wp:featuredmedia":[{"embeddable":true,"href":"https:\/\/fundacion-biodiversidad.es\/en\/wp-json\/wp\/v2\/media\/35374"}],"wp:attachment":[{"href":"https:\/\/fundacion-biodiversidad.es\/en\/wp-json\/wp\/v2\/media?parent=97857413"}],"wp:term":[{"taxonomy":"palabras_clave","embeddable":true,"href":"https:\/\/fundacion-biodiversidad.es\/en\/wp-json\/wp\/v2\/palabras_clave?post=97857413"}],"curies":[{"name":"wp","href":"https:\/\/api.w.org\/{rel}","templated":true}]}}