{"id":97857414,"date":"2014-03-24T16:22:50","date_gmt":"2014-03-24T15:22:50","guid":{"rendered":"https:\/\/fundacion-biodiversidad.es\/actualidad_home\/the-biodiversity-foundation-will-participate-in-juvenalia\/"},"modified":"2014-03-24T16:22:50","modified_gmt":"2014-03-24T15:22:50","slug":"the-biodiversity-foundation-will-participate-in-juvenalia","status":"publish","type":"actualidad_home","link":"https:\/\/fundacion-biodiversidad.es\/en\/actualidad_home\/the-biodiversity-foundation-will-participate-in-juvenalia\/","title":{"rendered":"The Biodiversity Foundation will participate in Juvenalia"},"content":{"rendered":"<p>The Biodiversity Foundation of the Ministry of the Environment participates for the second consecutive year with a stand at the Youth Fair, Juvenalia 2006. This meeting place for children and young people will be held from 21 to 30 December at the Juan Carlos Primero Exhibition Centre in Madrid, IFEMA.   <\/p>\n<p><!--more--><\/p>\n<p>Through this participation, the Biodiversity Foundation aims to sensitize and raise awareness among young people about the need to preserve the environment that surrounds us. Thus, the Biodiversity Foundation will disseminate the &#8220;Countdown 2010&#8221;, an initiative to halt the loss of biodiversity, in which the year 2010 is set as the goal to achieve this objective, and to which the Biodiversity Foundation adhered last March. And for this, different activities have been prepared that will take place during the days in which this fair takes place at the stand of this entity.    <\/p>\n<p>  The little ones will be able to learn about the problems of endangered spaces through a dynamic group game in which they will learn to contribute to their conservation. In addition, the stand of the Biodiversity Foundation will have a space where children and young people, individually, will be able to access BioD\u00edver, the most dynamic part of the website of this institution, where they will find hobbies, stories, games and information that will help them to learn more about the environment. The bear &#8220;Robin&#8221;, the capercaillie &#8220;Paquito&#8221; and the lynx &#8220;May\u00fa&#8221;, pets of BioD\u00edver, will visit Juvenalia to accompany the little ones in this fair. The Biodiversity Foundation will give its visitors educational and recreational material.     <\/p>\n<p>  In addition, this space will have a cinema room, where videos will be projected on the conservation of natural spaces, on the preservation of species, such as the brown bear, and on general topics related to the environment so that the little ones learn to preserve the environment that surrounds us.  <\/p>\n<p>  The stand of the Biodiversity Foundation will be located in Hall 4 of the Juan Carlos Primero fairgrounds in Madrid.  <\/p>\n<p>&nbsp;<\/p>\n","protected":false},"author":11,"featured_media":0,"template":"","meta":{"_acf_changed":false},"palabras_clave":[],"class_list":["post-97857414","actualidad_home","type-actualidad_home","status-publish","hentry"],"acf":[],"yoast_head":"<!-- This site is optimized with the Yoast SEO plugin v26.9 - https:\/\/yoast.com\/product\/yoast-seo-wordpress\/ -->\n<title>The Biodiversity Foundation will participate in Juvenalia - Fundaci\u00f3n Biodiversidad<\/title>\n<meta name=\"robots\" content=\"index, follow, max-snippet:-1, max-image-preview:large, max-video-preview:-1\" \/>\n<link rel=\"canonical\" href=\"https:\/\/fundacion-biodiversidad.es\/en\/actualidad_home\/the-biodiversity-foundation-will-participate-in-juvenalia\/\" \/>\n<meta property=\"og:locale\" content=\"en_US\" \/>\n<meta property=\"og:type\" content=\"article\" \/>\n<meta property=\"og:title\" content=\"The Biodiversity Foundation will participate in Juvenalia - Fundaci\u00f3n Biodiversidad\" \/>\n<meta property=\"og:description\" content=\"The Biodiversity Foundation of the Ministry of the Environment participates for the second consecutive year with a stand at the Youth Fair, Juvenalia 2006. This [&hellip;]\" \/>\n<meta property=\"og:url\" content=\"https:\/\/fundacion-biodiversidad.es\/en\/actualidad_home\/the-biodiversity-foundation-will-participate-in-juvenalia\/\" \/>\n<meta property=\"og:site_name\" content=\"Fundaci\u00f3n Biodiversidad\" \/>\n<meta property=\"og:image\" content=\"https:\/\/fundacion-biodiversidad.es\/wp-content\/uploads\/2023\/01\/2487661294_35330241_720x405.png\" \/>\n\t<meta property=\"og:image:width\" content=\"720\" \/>\n\t<meta property=\"og:image:height\" content=\"405\" \/>\n\t<meta property=\"og:image:type\" content=\"image\/png\" \/>\n<meta name=\"twitter:card\" content=\"summary_large_image\" \/>\n<meta name=\"twitter:label1\" content=\"Est. reading time\" \/>\n\t<meta name=\"twitter:data1\" content=\"2 minutes\" \/>\n<script type=\"application\/ld+json\" class=\"yoast-schema-graph\">{\"@context\":\"https:\/\/schema.org\",\"@graph\":[{\"@type\":\"WebPage\",\"@id\":\"https:\/\/fundacion-biodiversidad.es\/en\/actualidad_home\/the-biodiversity-foundation-will-participate-in-juvenalia\/\",\"url\":\"https:\/\/fundacion-biodiversidad.es\/en\/actualidad_home\/the-biodiversity-foundation-will-participate-in-juvenalia\/\",\"name\":\"The Biodiversity Foundation will participate in Juvenalia - Fundaci\u00f3n Biodiversidad\",\"isPartOf\":{\"@id\":\"https:\/\/fundacion-biodiversidad.es\/en\/#website\"},\"datePublished\":\"2014-03-24T15:22:50+00:00\",\"breadcrumb\":{\"@id\":\"https:\/\/fundacion-biodiversidad.es\/en\/actualidad_home\/the-biodiversity-foundation-will-participate-in-juvenalia\/#breadcrumb\"},\"inLanguage\":\"en-US\",\"potentialAction\":[{\"@type\":\"ReadAction\",\"target\":[\"https:\/\/fundacion-biodiversidad.es\/en\/actualidad_home\/the-biodiversity-foundation-will-participate-in-juvenalia\/\"]}]},{\"@type\":\"BreadcrumbList\",\"@id\":\"https:\/\/fundacion-biodiversidad.es\/en\/actualidad_home\/the-biodiversity-foundation-will-participate-in-juvenalia\/#breadcrumb\",\"itemListElement\":[{\"@type\":\"ListItem\",\"position\":1,\"name\":\"Portada\",\"item\":\"https:\/\/fundacion-biodiversidad.es\/en\/inicio\/\"},{\"@type\":\"ListItem\",\"position\":2,\"name\":\"Noticias de actualidad\",\"item\":\"https:\/\/fundacion-biodiversidad.es\/en\/actualidad_home\/\"},{\"@type\":\"ListItem\",\"position\":3,\"name\":\"The Biodiversity Foundation will participate in Juvenalia\"}]},{\"@type\":\"WebSite\",\"@id\":\"https:\/\/fundacion-biodiversidad.es\/en\/#website\",\"url\":\"https:\/\/fundacion-biodiversidad.es\/en\/\",\"name\":\"Fundaci\u00f3n Biodiversidad\",\"description\":\"Fundaci\u00f3n p\u00fablica adscrita al Ministerio para la Transici\u00f3n Ecol\u00f3gica\",\"potentialAction\":[{\"@type\":\"SearchAction\",\"target\":{\"@type\":\"EntryPoint\",\"urlTemplate\":\"https:\/\/fundacion-biodiversidad.es\/en\/?s={search_term_string}\"},\"query-input\":{\"@type\":\"PropertyValueSpecification\",\"valueRequired\":true,\"valueName\":\"search_term_string\"}}],\"inLanguage\":\"en-US\"}]}<\/script>\n<!-- \/ Yoast SEO plugin. -->","yoast_head_json":{"title":"The Biodiversity Foundation will participate in Juvenalia - Fundaci\u00f3n Biodiversidad","robots":{"index":"index","follow":"follow","max-snippet":"max-snippet:-1","max-image-preview":"max-image-preview:large","max-video-preview":"max-video-preview:-1"},"canonical":"https:\/\/fundacion-biodiversidad.es\/en\/actualidad_home\/the-biodiversity-foundation-will-participate-in-juvenalia\/","og_locale":"en_US","og_type":"article","og_title":"The Biodiversity Foundation will participate in Juvenalia - Fundaci\u00f3n Biodiversidad","og_description":"The Biodiversity Foundation of the Ministry of the Environment participates for the second consecutive year with a stand at the Youth Fair, Juvenalia 2006. This [&hellip;]","og_url":"https:\/\/fundacion-biodiversidad.es\/en\/actualidad_home\/the-biodiversity-foundation-will-participate-in-juvenalia\/","og_site_name":"Fundaci\u00f3n Biodiversidad","og_image":[{"width":720,"height":405,"url":"https:\/\/fundacion-biodiversidad.es\/wp-content\/uploads\/2023\/01\/2487661294_35330241_720x405.png","type":"image\/png"}],"twitter_card":"summary_large_image","twitter_misc":{"Est. reading time":"2 minutes"},"schema":{"@context":"https:\/\/schema.org","@graph":[{"@type":"WebPage","@id":"https:\/\/fundacion-biodiversidad.es\/en\/actualidad_home\/the-biodiversity-foundation-will-participate-in-juvenalia\/","url":"https:\/\/fundacion-biodiversidad.es\/en\/actualidad_home\/the-biodiversity-foundation-will-participate-in-juvenalia\/","name":"The Biodiversity Foundation will participate in Juvenalia - Fundaci\u00f3n Biodiversidad","isPartOf":{"@id":"https:\/\/fundacion-biodiversidad.es\/en\/#website"},"datePublished":"2014-03-24T15:22:50+00:00","breadcrumb":{"@id":"https:\/\/fundacion-biodiversidad.es\/en\/actualidad_home\/the-biodiversity-foundation-will-participate-in-juvenalia\/#breadcrumb"},"inLanguage":"en-US","potentialAction":[{"@type":"ReadAction","target":["https:\/\/fundacion-biodiversidad.es\/en\/actualidad_home\/the-biodiversity-foundation-will-participate-in-juvenalia\/"]}]},{"@type":"BreadcrumbList","@id":"https:\/\/fundacion-biodiversidad.es\/en\/actualidad_home\/the-biodiversity-foundation-will-participate-in-juvenalia\/#breadcrumb","itemListElement":[{"@type":"ListItem","position":1,"name":"Portada","item":"https:\/\/fundacion-biodiversidad.es\/en\/inicio\/"},{"@type":"ListItem","position":2,"name":"Noticias de actualidad","item":"https:\/\/fundacion-biodiversidad.es\/en\/actualidad_home\/"},{"@type":"ListItem","position":3,"name":"The Biodiversity Foundation will participate in Juvenalia"}]},{"@type":"WebSite","@id":"https:\/\/fundacion-biodiversidad.es\/en\/#website","url":"https:\/\/fundacion-biodiversidad.es\/en\/","name":"Fundaci\u00f3n Biodiversidad","description":"Fundaci\u00f3n p\u00fablica adscrita al Ministerio para la Transici\u00f3n Ecol\u00f3gica","potentialAction":[{"@type":"SearchAction","target":{"@type":"EntryPoint","urlTemplate":"https:\/\/fundacion-biodiversidad.es\/en\/?s={search_term_string}"},"query-input":{"@type":"PropertyValueSpecification","valueRequired":true,"valueName":"search_term_string"}}],"inLanguage":"en-US"}]}},"_links":{"self":[{"href":"https:\/\/fundacion-biodiversidad.es\/en\/wp-json\/wp\/v2\/actualidad_home\/97857414","targetHints":{"allow":["GET"]}}],"collection":[{"href":"https:\/\/fundacion-biodiversidad.es\/en\/wp-json\/wp\/v2\/actualidad_home"}],"about":[{"href":"https:\/\/fundacion-biodiversidad.es\/en\/wp-json\/wp\/v2\/types\/actualidad_home"}],"author":[{"embeddable":true,"href":"https:\/\/fundacion-biodiversidad.es\/en\/wp-json\/wp\/v2\/users\/11"}],"wp:attachment":[{"href":"https:\/\/fundacion-biodiversidad.es\/en\/wp-json\/wp\/v2\/media?parent=97857414"}],"wp:term":[{"taxonomy":"palabras_clave","embeddable":true,"href":"https:\/\/fundacion-biodiversidad.es\/en\/wp-json\/wp\/v2\/palabras_clave?post=97857414"}],"curies":[{"name":"wp","href":"https:\/\/api.w.org\/{rel}","templated":true}]}}