{"id":97857417,"date":"2014-03-24T16:22:50","date_gmt":"2014-03-24T15:22:50","guid":{"rendered":"https:\/\/fundacion-biodiversidad.es\/actualidad_home\/the-flora-and-fauna-of-the-cities-protagonists-of-the-first-educational-program-in-spain-of-the-jane-goodall-institute\/"},"modified":"2014-03-24T16:22:50","modified_gmt":"2014-03-24T15:22:50","slug":"the-flora-and-fauna-of-the-cities-protagonists-of-the-first-educational-program-in-spain-of-the-jane-goodall-institute","status":"publish","type":"actualidad_home","link":"https:\/\/fundacion-biodiversidad.es\/en\/actualidad_home\/the-flora-and-fauna-of-the-cities-protagonists-of-the-first-educational-program-in-spain-of-the-jane-goodall-institute\/","title":{"rendered":"The flora and fauna of the cities protagonists of the first educational program in Spain of the Jane Goodall Institute"},"content":{"rendered":"<p>Biodiverciudad, the first initiative launched in Spain by the Jane Goodall Institute, as part of its international educational programme Roots &amp; Shoots, was presented today. Ferr\u00e1n Guallar, director of the Institute in Spain, explained that &#8220;the objective of this program is to create environmental awareness through knowledge and empathy with the flora and fauna that surrounds the inhabitants of cities, whose existence we are generally unaware of.&#8221; Guallar stressed that &#8220;currently the majority of the population, both world and Spanish, lives in cities, which provide advantages such as services and infrastructures, but also distance people from nature&#8221;. In addition, he stressed that &#8220;through the knowledge of our closest natural heritage, the new generations will also have sufficient motivation and awareness to be able to act in favor of the conservation of the biodiversity of other countries.&#8221;    <\/p>\n<p><!--more--><\/p>\n<p>For her part, Sonia Casta\u00f1eda, director of the International Department of the Biodiversity Foundation, explained that &#8220;the reason why the Foundation collaborates with the Jane Goodall Institute is twofold: on the one hand, Biodiverciudad is the Institute&#8217;s first programme in Spain, which makes it emblematic and exciting. And on the other hand, because its priority audience is the little ones, in whose hands and attitude the future lies, and they must be given the opportunity to change things&#8221;. Casta\u00f1eda added that Biodiverciudad is one more grain of sand at a time like the present, in which we are suffering a rapid and intense loss of biodiversity, and in which there are situations such as the tripling of trees, one in four mammals is in danger of extinction and the use of water has doubled.  <\/p>\n<p>  Professor Roots, a character created to guide the participants in the different proposals of the program, also spoke at the event, who stated that &#8220;we surely know more brands of cars and their characteristics than names of the trees that surround us, as well as their importance and the living beings they house. Our task is to help discover, value and protect it.&#8221; Roost added, &#8220;We want to extend ties with other living beings that we now treat as objects.&#8221;   <\/p>\n<p>  The Biodiverciudad program will develop four lines of action: monthly photo contest, informative biofiche, urban ecosafaris and proactive eco-initiatives. The program is aimed at audiences of all ages, but especially children and young people from 8 to 12 years old, students in the second and third cycle of Primary Education.   <\/p>\n<p>  People from all the Communities of the Spanish state are invited to participate, through the www.biodiverciudad.org website, from which you can download the educational biofiches, sign up for the guided ecosafaris and participate in the games, the monthly photographic contest and the proposed eco-initiatives. The guided field activities, the ecosafaris, will take place in this first stage in Madrid and Barcelona.   <br \/>\n&nbsp;<\/p>\n","protected":false},"author":11,"featured_media":0,"template":"","meta":{"_acf_changed":false},"palabras_clave":[],"class_list":["post-97857417","actualidad_home","type-actualidad_home","status-publish","hentry"],"acf":[],"yoast_head":"<!-- This site is optimized with the Yoast SEO plugin v26.9 - https:\/\/yoast.com\/product\/yoast-seo-wordpress\/ -->\n<title>The flora and fauna of the cities protagonists of the first educational program in Spain of the Jane Goodall Institute - Fundaci\u00f3n Biodiversidad<\/title>\n<meta name=\"robots\" content=\"index, follow, max-snippet:-1, max-image-preview:large, max-video-preview:-1\" \/>\n<link rel=\"canonical\" href=\"https:\/\/fundacion-biodiversidad.es\/en\/actualidad_home\/the-flora-and-fauna-of-the-cities-protagonists-of-the-first-educational-program-in-spain-of-the-jane-goodall-institute\/\" \/>\n<meta property=\"og:locale\" content=\"en_US\" \/>\n<meta property=\"og:type\" content=\"article\" \/>\n<meta property=\"og:title\" content=\"The flora and fauna of the cities protagonists of the first educational program in Spain of the Jane Goodall Institute - Fundaci\u00f3n Biodiversidad\" \/>\n<meta property=\"og:description\" content=\"Biodiverciudad, the first initiative launched in Spain by the Jane Goodall Institute, as part of its international educational programme Roots &amp; Shoots, was presented today. [&hellip;]\" \/>\n<meta property=\"og:url\" content=\"https:\/\/fundacion-biodiversidad.es\/en\/actualidad_home\/the-flora-and-fauna-of-the-cities-protagonists-of-the-first-educational-program-in-spain-of-the-jane-goodall-institute\/\" \/>\n<meta property=\"og:site_name\" content=\"Fundaci\u00f3n Biodiversidad\" \/>\n<meta property=\"og:image\" content=\"https:\/\/fundacion-biodiversidad.es\/wp-content\/uploads\/2023\/01\/2487661294_35330241_720x405.png\" \/>\n\t<meta property=\"og:image:width\" content=\"720\" \/>\n\t<meta property=\"og:image:height\" content=\"405\" \/>\n\t<meta property=\"og:image:type\" content=\"image\/png\" \/>\n<meta name=\"twitter:card\" content=\"summary_large_image\" \/>\n<meta name=\"twitter:label1\" content=\"Est. reading time\" \/>\n\t<meta name=\"twitter:data1\" content=\"2 minutes\" \/>\n<script type=\"application\/ld+json\" class=\"yoast-schema-graph\">{\"@context\":\"https:\/\/schema.org\",\"@graph\":[{\"@type\":\"WebPage\",\"@id\":\"https:\/\/fundacion-biodiversidad.es\/en\/actualidad_home\/the-flora-and-fauna-of-the-cities-protagonists-of-the-first-educational-program-in-spain-of-the-jane-goodall-institute\/\",\"url\":\"https:\/\/fundacion-biodiversidad.es\/en\/actualidad_home\/the-flora-and-fauna-of-the-cities-protagonists-of-the-first-educational-program-in-spain-of-the-jane-goodall-institute\/\",\"name\":\"The flora and fauna of the cities protagonists of the first educational program in Spain of the Jane Goodall Institute - Fundaci\u00f3n Biodiversidad\",\"isPartOf\":{\"@id\":\"https:\/\/fundacion-biodiversidad.es\/en\/#website\"},\"datePublished\":\"2014-03-24T15:22:50+00:00\",\"breadcrumb\":{\"@id\":\"https:\/\/fundacion-biodiversidad.es\/en\/actualidad_home\/the-flora-and-fauna-of-the-cities-protagonists-of-the-first-educational-program-in-spain-of-the-jane-goodall-institute\/#breadcrumb\"},\"inLanguage\":\"en-US\",\"potentialAction\":[{\"@type\":\"ReadAction\",\"target\":[\"https:\/\/fundacion-biodiversidad.es\/en\/actualidad_home\/the-flora-and-fauna-of-the-cities-protagonists-of-the-first-educational-program-in-spain-of-the-jane-goodall-institute\/\"]}]},{\"@type\":\"BreadcrumbList\",\"@id\":\"https:\/\/fundacion-biodiversidad.es\/en\/actualidad_home\/the-flora-and-fauna-of-the-cities-protagonists-of-the-first-educational-program-in-spain-of-the-jane-goodall-institute\/#breadcrumb\",\"itemListElement\":[{\"@type\":\"ListItem\",\"position\":1,\"name\":\"Portada\",\"item\":\"https:\/\/fundacion-biodiversidad.es\/en\/inicio\/\"},{\"@type\":\"ListItem\",\"position\":2,\"name\":\"Noticias de actualidad\",\"item\":\"https:\/\/fundacion-biodiversidad.es\/en\/actualidad_home\/\"},{\"@type\":\"ListItem\",\"position\":3,\"name\":\"The flora and fauna of the cities protagonists of the first educational program in Spain of the Jane Goodall Institute\"}]},{\"@type\":\"WebSite\",\"@id\":\"https:\/\/fundacion-biodiversidad.es\/en\/#website\",\"url\":\"https:\/\/fundacion-biodiversidad.es\/en\/\",\"name\":\"Fundaci\u00f3n Biodiversidad\",\"description\":\"Fundaci\u00f3n p\u00fablica adscrita al Ministerio para la Transici\u00f3n Ecol\u00f3gica\",\"potentialAction\":[{\"@type\":\"SearchAction\",\"target\":{\"@type\":\"EntryPoint\",\"urlTemplate\":\"https:\/\/fundacion-biodiversidad.es\/en\/?s={search_term_string}\"},\"query-input\":{\"@type\":\"PropertyValueSpecification\",\"valueRequired\":true,\"valueName\":\"search_term_string\"}}],\"inLanguage\":\"en-US\"}]}<\/script>\n<!-- \/ Yoast SEO plugin. -->","yoast_head_json":{"title":"The flora and fauna of the cities protagonists of the first educational program in Spain of the Jane Goodall Institute - Fundaci\u00f3n Biodiversidad","robots":{"index":"index","follow":"follow","max-snippet":"max-snippet:-1","max-image-preview":"max-image-preview:large","max-video-preview":"max-video-preview:-1"},"canonical":"https:\/\/fundacion-biodiversidad.es\/en\/actualidad_home\/the-flora-and-fauna-of-the-cities-protagonists-of-the-first-educational-program-in-spain-of-the-jane-goodall-institute\/","og_locale":"en_US","og_type":"article","og_title":"The flora and fauna of the cities protagonists of the first educational program in Spain of the Jane Goodall Institute - Fundaci\u00f3n Biodiversidad","og_description":"Biodiverciudad, the first initiative launched in Spain by the Jane Goodall Institute, as part of its international educational programme Roots &amp; Shoots, was presented today. [&hellip;]","og_url":"https:\/\/fundacion-biodiversidad.es\/en\/actualidad_home\/the-flora-and-fauna-of-the-cities-protagonists-of-the-first-educational-program-in-spain-of-the-jane-goodall-institute\/","og_site_name":"Fundaci\u00f3n Biodiversidad","og_image":[{"width":720,"height":405,"url":"https:\/\/fundacion-biodiversidad.es\/wp-content\/uploads\/2023\/01\/2487661294_35330241_720x405.png","type":"image\/png"}],"twitter_card":"summary_large_image","twitter_misc":{"Est. reading time":"2 minutes"},"schema":{"@context":"https:\/\/schema.org","@graph":[{"@type":"WebPage","@id":"https:\/\/fundacion-biodiversidad.es\/en\/actualidad_home\/the-flora-and-fauna-of-the-cities-protagonists-of-the-first-educational-program-in-spain-of-the-jane-goodall-institute\/","url":"https:\/\/fundacion-biodiversidad.es\/en\/actualidad_home\/the-flora-and-fauna-of-the-cities-protagonists-of-the-first-educational-program-in-spain-of-the-jane-goodall-institute\/","name":"The flora and fauna of the cities protagonists of the first educational program in Spain of the Jane Goodall Institute - Fundaci\u00f3n Biodiversidad","isPartOf":{"@id":"https:\/\/fundacion-biodiversidad.es\/en\/#website"},"datePublished":"2014-03-24T15:22:50+00:00","breadcrumb":{"@id":"https:\/\/fundacion-biodiversidad.es\/en\/actualidad_home\/the-flora-and-fauna-of-the-cities-protagonists-of-the-first-educational-program-in-spain-of-the-jane-goodall-institute\/#breadcrumb"},"inLanguage":"en-US","potentialAction":[{"@type":"ReadAction","target":["https:\/\/fundacion-biodiversidad.es\/en\/actualidad_home\/the-flora-and-fauna-of-the-cities-protagonists-of-the-first-educational-program-in-spain-of-the-jane-goodall-institute\/"]}]},{"@type":"BreadcrumbList","@id":"https:\/\/fundacion-biodiversidad.es\/en\/actualidad_home\/the-flora-and-fauna-of-the-cities-protagonists-of-the-first-educational-program-in-spain-of-the-jane-goodall-institute\/#breadcrumb","itemListElement":[{"@type":"ListItem","position":1,"name":"Portada","item":"https:\/\/fundacion-biodiversidad.es\/en\/inicio\/"},{"@type":"ListItem","position":2,"name":"Noticias de actualidad","item":"https:\/\/fundacion-biodiversidad.es\/en\/actualidad_home\/"},{"@type":"ListItem","position":3,"name":"The flora and fauna of the cities protagonists of the first educational program in Spain of the Jane Goodall Institute"}]},{"@type":"WebSite","@id":"https:\/\/fundacion-biodiversidad.es\/en\/#website","url":"https:\/\/fundacion-biodiversidad.es\/en\/","name":"Fundaci\u00f3n Biodiversidad","description":"Fundaci\u00f3n p\u00fablica adscrita al Ministerio para la Transici\u00f3n Ecol\u00f3gica","potentialAction":[{"@type":"SearchAction","target":{"@type":"EntryPoint","urlTemplate":"https:\/\/fundacion-biodiversidad.es\/en\/?s={search_term_string}"},"query-input":{"@type":"PropertyValueSpecification","valueRequired":true,"valueName":"search_term_string"}}],"inLanguage":"en-US"}]}},"_links":{"self":[{"href":"https:\/\/fundacion-biodiversidad.es\/en\/wp-json\/wp\/v2\/actualidad_home\/97857417","targetHints":{"allow":["GET"]}}],"collection":[{"href":"https:\/\/fundacion-biodiversidad.es\/en\/wp-json\/wp\/v2\/actualidad_home"}],"about":[{"href":"https:\/\/fundacion-biodiversidad.es\/en\/wp-json\/wp\/v2\/types\/actualidad_home"}],"author":[{"embeddable":true,"href":"https:\/\/fundacion-biodiversidad.es\/en\/wp-json\/wp\/v2\/users\/11"}],"wp:attachment":[{"href":"https:\/\/fundacion-biodiversidad.es\/en\/wp-json\/wp\/v2\/media?parent=97857417"}],"wp:term":[{"taxonomy":"palabras_clave","embeddable":true,"href":"https:\/\/fundacion-biodiversidad.es\/en\/wp-json\/wp\/v2\/palabras_clave?post=97857417"}],"curies":[{"name":"wp","href":"https:\/\/api.w.org\/{rel}","templated":true}]}}