{"id":97857425,"date":"2014-03-24T16:22:50","date_gmt":"2014-03-24T15:22:50","guid":{"rendered":"https:\/\/fundacion-biodiversidad.es\/actualidad_home\/the-marm-agrees-with-the-autonomous-communities-the-distribution-of-more-than-66-million-euros-for-the-protection-of-the-natural-environment-and-for-actions-in-the-surroundings-of-the-national-parks\/"},"modified":"2014-03-24T16:22:50","modified_gmt":"2014-03-24T15:22:50","slug":"the-marm-agrees-with-the-autonomous-communities-the-distribution-of-more-than-66-million-euros-for-the-protection-of-the-natural-environment-and-for-actions-in-the-surroundings-of-the-national-parks","status":"publish","type":"actualidad_home","link":"https:\/\/fundacion-biodiversidad.es\/en\/actualidad_home\/the-marm-agrees-with-the-autonomous-communities-the-distribution-of-more-than-66-million-euros-for-the-protection-of-the-natural-environment-and-for-actions-in-the-surroundings-of-the-national-parks\/","title":{"rendered":"The MARM agrees with the Autonomous Communities the distribution of more than 66 million euros for the protection of the natural environment and for actions in the surroundings of the National Parks"},"content":{"rendered":"<p>The Minister of the Environment and Rural and Marine Affairs, Elena Espinosa, today chaired the Sectoral Conference on the Environment, which was attended by the Councillors of the Autonomous Communities, having agreed on the distribution of 66,075,900 euros for the development of programmes for the protection and improvement of the natural environment and to subsidise actions in the surroundings of the National Parks.  <\/p>\n<p><!--more--><\/p>\n<p>Within the framework of the Sectoral Conference, the actions carried out during 2007 for the prevention and fight against forest fires and the distribution of the operation consisting of aerial means and extinguishing equipment for the summer campaign of 2008 have also been analysed.  <\/p>\n<p>  On the other hand, the national conservation strategies of the Iberian lynx and the ferruginous macaw have been presented, as well as the Action Plan for the captive breeding of the Iberian lynx and the ex situ conservation program of the European mink in Spain. These documents have been provided to the Autonomous Communities, so that their guidelines serve as a basis for the implementation of specific plans for the protection of these endangered species.   <br \/>\n&nbsp;<\/p>\n","protected":false},"author":11,"featured_media":0,"template":"","meta":{"_acf_changed":false},"palabras_clave":[],"class_list":["post-97857425","actualidad_home","type-actualidad_home","status-publish","hentry"],"acf":[],"yoast_head":"<!-- This site is optimized with the Yoast SEO plugin v26.9 - https:\/\/yoast.com\/product\/yoast-seo-wordpress\/ -->\n<title>The MARM agrees with the Autonomous Communities the distribution of more than 66 million euros for the protection of the natural environment and for actions in the surroundings of the National Parks - Fundaci\u00f3n Biodiversidad<\/title>\n<meta name=\"robots\" content=\"index, follow, max-snippet:-1, max-image-preview:large, max-video-preview:-1\" \/>\n<link rel=\"canonical\" href=\"https:\/\/fundacion-biodiversidad.es\/en\/actualidad_home\/the-marm-agrees-with-the-autonomous-communities-the-distribution-of-more-than-66-million-euros-for-the-protection-of-the-natural-environment-and-for-actions-in-the-surroundings-of-the-national-parks\/\" \/>\n<meta property=\"og:locale\" content=\"en_US\" \/>\n<meta property=\"og:type\" content=\"article\" \/>\n<meta property=\"og:title\" content=\"The MARM agrees with the Autonomous Communities the distribution of more than 66 million euros for the protection of the natural environment and for actions in the surroundings of the National Parks - Fundaci\u00f3n Biodiversidad\" \/>\n<meta property=\"og:description\" content=\"The Minister of the Environment and Rural and Marine Affairs, Elena Espinosa, today chaired the Sectoral Conference on the Environment, which was attended by the [&hellip;]\" \/>\n<meta property=\"og:url\" content=\"https:\/\/fundacion-biodiversidad.es\/en\/actualidad_home\/the-marm-agrees-with-the-autonomous-communities-the-distribution-of-more-than-66-million-euros-for-the-protection-of-the-natural-environment-and-for-actions-in-the-surroundings-of-the-national-parks\/\" \/>\n<meta property=\"og:site_name\" content=\"Fundaci\u00f3n Biodiversidad\" \/>\n<meta property=\"og:image\" content=\"https:\/\/fundacion-biodiversidad.es\/wp-content\/uploads\/2023\/01\/2487661294_35330241_720x405.png\" \/>\n\t<meta property=\"og:image:width\" content=\"720\" \/>\n\t<meta property=\"og:image:height\" content=\"405\" \/>\n\t<meta property=\"og:image:type\" content=\"image\/png\" \/>\n<meta name=\"twitter:card\" content=\"summary_large_image\" \/>\n<meta name=\"twitter:label1\" content=\"Est. reading time\" \/>\n\t<meta name=\"twitter:data1\" content=\"1 minute\" \/>\n<script type=\"application\/ld+json\" class=\"yoast-schema-graph\">{\"@context\":\"https:\/\/schema.org\",\"@graph\":[{\"@type\":\"WebPage\",\"@id\":\"https:\/\/fundacion-biodiversidad.es\/en\/actualidad_home\/the-marm-agrees-with-the-autonomous-communities-the-distribution-of-more-than-66-million-euros-for-the-protection-of-the-natural-environment-and-for-actions-in-the-surroundings-of-the-national-parks\/\",\"url\":\"https:\/\/fundacion-biodiversidad.es\/en\/actualidad_home\/the-marm-agrees-with-the-autonomous-communities-the-distribution-of-more-than-66-million-euros-for-the-protection-of-the-natural-environment-and-for-actions-in-the-surroundings-of-the-national-parks\/\",\"name\":\"The MARM agrees with the Autonomous Communities the distribution of more than 66 million euros for the protection of the natural environment and for actions in the surroundings of the National Parks - Fundaci\u00f3n Biodiversidad\",\"isPartOf\":{\"@id\":\"https:\/\/fundacion-biodiversidad.es\/en\/#website\"},\"datePublished\":\"2014-03-24T15:22:50+00:00\",\"breadcrumb\":{\"@id\":\"https:\/\/fundacion-biodiversidad.es\/en\/actualidad_home\/the-marm-agrees-with-the-autonomous-communities-the-distribution-of-more-than-66-million-euros-for-the-protection-of-the-natural-environment-and-for-actions-in-the-surroundings-of-the-national-parks\/#breadcrumb\"},\"inLanguage\":\"en-US\",\"potentialAction\":[{\"@type\":\"ReadAction\",\"target\":[\"https:\/\/fundacion-biodiversidad.es\/en\/actualidad_home\/the-marm-agrees-with-the-autonomous-communities-the-distribution-of-more-than-66-million-euros-for-the-protection-of-the-natural-environment-and-for-actions-in-the-surroundings-of-the-national-parks\/\"]}]},{\"@type\":\"BreadcrumbList\",\"@id\":\"https:\/\/fundacion-biodiversidad.es\/en\/actualidad_home\/the-marm-agrees-with-the-autonomous-communities-the-distribution-of-more-than-66-million-euros-for-the-protection-of-the-natural-environment-and-for-actions-in-the-surroundings-of-the-national-parks\/#breadcrumb\",\"itemListElement\":[{\"@type\":\"ListItem\",\"position\":1,\"name\":\"Portada\",\"item\":\"https:\/\/fundacion-biodiversidad.es\/en\/inicio\/\"},{\"@type\":\"ListItem\",\"position\":2,\"name\":\"Noticias de actualidad\",\"item\":\"https:\/\/fundacion-biodiversidad.es\/en\/actualidad_home\/\"},{\"@type\":\"ListItem\",\"position\":3,\"name\":\"The MARM agrees with the Autonomous Communities the distribution of more than 66 million euros for the protection of the natural environment and for actions in the surroundings of the National Parks\"}]},{\"@type\":\"WebSite\",\"@id\":\"https:\/\/fundacion-biodiversidad.es\/en\/#website\",\"url\":\"https:\/\/fundacion-biodiversidad.es\/en\/\",\"name\":\"Fundaci\u00f3n Biodiversidad\",\"description\":\"Fundaci\u00f3n p\u00fablica adscrita al Ministerio para la Transici\u00f3n Ecol\u00f3gica\",\"potentialAction\":[{\"@type\":\"SearchAction\",\"target\":{\"@type\":\"EntryPoint\",\"urlTemplate\":\"https:\/\/fundacion-biodiversidad.es\/en\/?s={search_term_string}\"},\"query-input\":{\"@type\":\"PropertyValueSpecification\",\"valueRequired\":true,\"valueName\":\"search_term_string\"}}],\"inLanguage\":\"en-US\"}]}<\/script>\n<!-- \/ Yoast SEO plugin. -->","yoast_head_json":{"title":"The MARM agrees with the Autonomous Communities the distribution of more than 66 million euros for the protection of the natural environment and for actions in the surroundings of the National Parks - Fundaci\u00f3n Biodiversidad","robots":{"index":"index","follow":"follow","max-snippet":"max-snippet:-1","max-image-preview":"max-image-preview:large","max-video-preview":"max-video-preview:-1"},"canonical":"https:\/\/fundacion-biodiversidad.es\/en\/actualidad_home\/the-marm-agrees-with-the-autonomous-communities-the-distribution-of-more-than-66-million-euros-for-the-protection-of-the-natural-environment-and-for-actions-in-the-surroundings-of-the-national-parks\/","og_locale":"en_US","og_type":"article","og_title":"The MARM agrees with the Autonomous Communities the distribution of more than 66 million euros for the protection of the natural environment and for actions in the surroundings of the National Parks - Fundaci\u00f3n Biodiversidad","og_description":"The Minister of the Environment and Rural and Marine Affairs, Elena Espinosa, today chaired the Sectoral Conference on the Environment, which was attended by the [&hellip;]","og_url":"https:\/\/fundacion-biodiversidad.es\/en\/actualidad_home\/the-marm-agrees-with-the-autonomous-communities-the-distribution-of-more-than-66-million-euros-for-the-protection-of-the-natural-environment-and-for-actions-in-the-surroundings-of-the-national-parks\/","og_site_name":"Fundaci\u00f3n Biodiversidad","og_image":[{"width":720,"height":405,"url":"https:\/\/fundacion-biodiversidad.es\/wp-content\/uploads\/2023\/01\/2487661294_35330241_720x405.png","type":"image\/png"}],"twitter_card":"summary_large_image","twitter_misc":{"Est. reading time":"1 minute"},"schema":{"@context":"https:\/\/schema.org","@graph":[{"@type":"WebPage","@id":"https:\/\/fundacion-biodiversidad.es\/en\/actualidad_home\/the-marm-agrees-with-the-autonomous-communities-the-distribution-of-more-than-66-million-euros-for-the-protection-of-the-natural-environment-and-for-actions-in-the-surroundings-of-the-national-parks\/","url":"https:\/\/fundacion-biodiversidad.es\/en\/actualidad_home\/the-marm-agrees-with-the-autonomous-communities-the-distribution-of-more-than-66-million-euros-for-the-protection-of-the-natural-environment-and-for-actions-in-the-surroundings-of-the-national-parks\/","name":"The MARM agrees with the Autonomous Communities the distribution of more than 66 million euros for the protection of the natural environment and for actions in the surroundings of the National Parks - Fundaci\u00f3n Biodiversidad","isPartOf":{"@id":"https:\/\/fundacion-biodiversidad.es\/en\/#website"},"datePublished":"2014-03-24T15:22:50+00:00","breadcrumb":{"@id":"https:\/\/fundacion-biodiversidad.es\/en\/actualidad_home\/the-marm-agrees-with-the-autonomous-communities-the-distribution-of-more-than-66-million-euros-for-the-protection-of-the-natural-environment-and-for-actions-in-the-surroundings-of-the-national-parks\/#breadcrumb"},"inLanguage":"en-US","potentialAction":[{"@type":"ReadAction","target":["https:\/\/fundacion-biodiversidad.es\/en\/actualidad_home\/the-marm-agrees-with-the-autonomous-communities-the-distribution-of-more-than-66-million-euros-for-the-protection-of-the-natural-environment-and-for-actions-in-the-surroundings-of-the-national-parks\/"]}]},{"@type":"BreadcrumbList","@id":"https:\/\/fundacion-biodiversidad.es\/en\/actualidad_home\/the-marm-agrees-with-the-autonomous-communities-the-distribution-of-more-than-66-million-euros-for-the-protection-of-the-natural-environment-and-for-actions-in-the-surroundings-of-the-national-parks\/#breadcrumb","itemListElement":[{"@type":"ListItem","position":1,"name":"Portada","item":"https:\/\/fundacion-biodiversidad.es\/en\/inicio\/"},{"@type":"ListItem","position":2,"name":"Noticias de actualidad","item":"https:\/\/fundacion-biodiversidad.es\/en\/actualidad_home\/"},{"@type":"ListItem","position":3,"name":"The MARM agrees with the Autonomous Communities the distribution of more than 66 million euros for the protection of the natural environment and for actions in the surroundings of the National Parks"}]},{"@type":"WebSite","@id":"https:\/\/fundacion-biodiversidad.es\/en\/#website","url":"https:\/\/fundacion-biodiversidad.es\/en\/","name":"Fundaci\u00f3n Biodiversidad","description":"Fundaci\u00f3n p\u00fablica adscrita al Ministerio para la Transici\u00f3n Ecol\u00f3gica","potentialAction":[{"@type":"SearchAction","target":{"@type":"EntryPoint","urlTemplate":"https:\/\/fundacion-biodiversidad.es\/en\/?s={search_term_string}"},"query-input":{"@type":"PropertyValueSpecification","valueRequired":true,"valueName":"search_term_string"}}],"inLanguage":"en-US"}]}},"_links":{"self":[{"href":"https:\/\/fundacion-biodiversidad.es\/en\/wp-json\/wp\/v2\/actualidad_home\/97857425","targetHints":{"allow":["GET"]}}],"collection":[{"href":"https:\/\/fundacion-biodiversidad.es\/en\/wp-json\/wp\/v2\/actualidad_home"}],"about":[{"href":"https:\/\/fundacion-biodiversidad.es\/en\/wp-json\/wp\/v2\/types\/actualidad_home"}],"author":[{"embeddable":true,"href":"https:\/\/fundacion-biodiversidad.es\/en\/wp-json\/wp\/v2\/users\/11"}],"wp:attachment":[{"href":"https:\/\/fundacion-biodiversidad.es\/en\/wp-json\/wp\/v2\/media?parent=97857425"}],"wp:term":[{"taxonomy":"palabras_clave","embeddable":true,"href":"https:\/\/fundacion-biodiversidad.es\/en\/wp-json\/wp\/v2\/palabras_clave?post=97857425"}],"curies":[{"name":"wp","href":"https:\/\/api.w.org\/{rel}","templated":true}]}}