{"id":97857427,"date":"2014-03-24T16:22:50","date_gmt":"2014-03-24T15:22:50","guid":{"rendered":"https:\/\/fundacion-biodiversidad.es\/actualidad_home\/marm-supports-and-develops-initiatives-that-contribute-to-the-preservation-conservation-and-regeneration-of-the-marine-environment\/"},"modified":"2014-03-24T16:22:50","modified_gmt":"2014-03-24T15:22:50","slug":"marm-supports-and-develops-initiatives-that-contribute-to-the-preservation-conservation-and-regeneration-of-the-marine-environment","status":"publish","type":"actualidad_home","link":"https:\/\/fundacion-biodiversidad.es\/en\/actualidad_home\/marm-supports-and-develops-initiatives-that-contribute-to-the-preservation-conservation-and-regeneration-of-the-marine-environment\/","title":{"rendered":"MARM supports and develops initiatives that contribute to the preservation, conservation and regeneration of the marine environment"},"content":{"rendered":"<p>The Minister of the Environment, Rural and Marine Affairs, Elena Espinosa, has highlighted, at the event commemorating the &#8220;Day of the Oceans&#8221;, that the MARM will support initiatives that contribute to preserving, conserving and regenerating the marine environment.  <\/p>\n<p><!--more--><\/p>\n<p>The minister also pointed out that measures aimed at the conservation and sustainable use of the seas are a constant in the Government&#8217;s policy. In addition, he indicated that in this line of work, the Ministry will continue to collaborate with all those initiatives of other bodies and institutions such as the LIFE project promoted by the Biodiversity Foundation.   <\/p>\n<p>  Elena Espinosa stressed that it is in the seas and oceans where the development of renewable energies, mineral resources and a large number of genetic resources are located, as well as the future of biotechnology, or the role of these large bodies of water in mitigating climate change.  <\/p>\n<p>  The minister also stressed that the Ministry of the Environment and Rural and Marine Affairs, with the collaboration of the Spanish Institute of Oceanography, will continue to promote scientific knowledge of the marine environment, which serves as a basis for making decisions and formulating policies to minimise the impact of fishing activity in vulnerable areas, to protect emblematic species and to prevent accidental captures of endangered species.  <\/p>\n<p>  On the other hand, the minister indicated that in recent years the objectives set within the Rio Convention on Biological Diversity have been assumed and the Natura 2000 Network has been promoted and equipped with instruments that allow its conservation and development, with special attention to the marine environment through the creation of Marine Protected Areas.  <br \/>\n&nbsp;<\/p>\n","protected":false},"author":11,"featured_media":0,"template":"","meta":{"_acf_changed":false},"palabras_clave":[],"class_list":["post-97857427","actualidad_home","type-actualidad_home","status-publish","hentry"],"acf":[],"yoast_head":"<!-- This site is optimized with the Yoast SEO plugin v26.9 - https:\/\/yoast.com\/product\/yoast-seo-wordpress\/ -->\n<title>MARM supports and develops initiatives that contribute to the preservation, conservation and regeneration of the marine environment - Fundaci\u00f3n Biodiversidad<\/title>\n<meta name=\"robots\" content=\"index, follow, max-snippet:-1, max-image-preview:large, max-video-preview:-1\" \/>\n<link rel=\"canonical\" href=\"https:\/\/fundacion-biodiversidad.es\/en\/actualidad_home\/marm-supports-and-develops-initiatives-that-contribute-to-the-preservation-conservation-and-regeneration-of-the-marine-environment\/\" \/>\n<meta property=\"og:locale\" content=\"en_US\" \/>\n<meta property=\"og:type\" content=\"article\" \/>\n<meta property=\"og:title\" content=\"MARM supports and develops initiatives that contribute to the preservation, conservation and regeneration of the marine environment - Fundaci\u00f3n Biodiversidad\" \/>\n<meta property=\"og:description\" content=\"The Minister of the Environment, Rural and Marine Affairs, Elena Espinosa, has highlighted, at the event commemorating the &#8220;Day of the Oceans&#8221;, that the MARM [&hellip;]\" \/>\n<meta property=\"og:url\" content=\"https:\/\/fundacion-biodiversidad.es\/en\/actualidad_home\/marm-supports-and-develops-initiatives-that-contribute-to-the-preservation-conservation-and-regeneration-of-the-marine-environment\/\" \/>\n<meta property=\"og:site_name\" content=\"Fundaci\u00f3n Biodiversidad\" \/>\n<meta property=\"og:image\" content=\"https:\/\/fundacion-biodiversidad.es\/wp-content\/uploads\/2023\/01\/2487661294_35330241_720x405.png\" \/>\n\t<meta property=\"og:image:width\" content=\"720\" \/>\n\t<meta property=\"og:image:height\" content=\"405\" \/>\n\t<meta property=\"og:image:type\" content=\"image\/png\" \/>\n<meta name=\"twitter:card\" content=\"summary_large_image\" \/>\n<meta name=\"twitter:label1\" content=\"Est. reading time\" \/>\n\t<meta name=\"twitter:data1\" content=\"1 minute\" \/>\n<script type=\"application\/ld+json\" class=\"yoast-schema-graph\">{\"@context\":\"https:\/\/schema.org\",\"@graph\":[{\"@type\":\"WebPage\",\"@id\":\"https:\/\/fundacion-biodiversidad.es\/en\/actualidad_home\/marm-supports-and-develops-initiatives-that-contribute-to-the-preservation-conservation-and-regeneration-of-the-marine-environment\/\",\"url\":\"https:\/\/fundacion-biodiversidad.es\/en\/actualidad_home\/marm-supports-and-develops-initiatives-that-contribute-to-the-preservation-conservation-and-regeneration-of-the-marine-environment\/\",\"name\":\"MARM supports and develops initiatives that contribute to the preservation, conservation and regeneration of the marine environment - Fundaci\u00f3n Biodiversidad\",\"isPartOf\":{\"@id\":\"https:\/\/fundacion-biodiversidad.es\/en\/#website\"},\"datePublished\":\"2014-03-24T15:22:50+00:00\",\"breadcrumb\":{\"@id\":\"https:\/\/fundacion-biodiversidad.es\/en\/actualidad_home\/marm-supports-and-develops-initiatives-that-contribute-to-the-preservation-conservation-and-regeneration-of-the-marine-environment\/#breadcrumb\"},\"inLanguage\":\"en-US\",\"potentialAction\":[{\"@type\":\"ReadAction\",\"target\":[\"https:\/\/fundacion-biodiversidad.es\/en\/actualidad_home\/marm-supports-and-develops-initiatives-that-contribute-to-the-preservation-conservation-and-regeneration-of-the-marine-environment\/\"]}]},{\"@type\":\"BreadcrumbList\",\"@id\":\"https:\/\/fundacion-biodiversidad.es\/en\/actualidad_home\/marm-supports-and-develops-initiatives-that-contribute-to-the-preservation-conservation-and-regeneration-of-the-marine-environment\/#breadcrumb\",\"itemListElement\":[{\"@type\":\"ListItem\",\"position\":1,\"name\":\"Portada\",\"item\":\"https:\/\/fundacion-biodiversidad.es\/en\/inicio\/\"},{\"@type\":\"ListItem\",\"position\":2,\"name\":\"Noticias de actualidad\",\"item\":\"https:\/\/fundacion-biodiversidad.es\/en\/actualidad_home\/\"},{\"@type\":\"ListItem\",\"position\":3,\"name\":\"MARM supports and develops initiatives that contribute to the preservation, conservation and regeneration of the marine environment\"}]},{\"@type\":\"WebSite\",\"@id\":\"https:\/\/fundacion-biodiversidad.es\/en\/#website\",\"url\":\"https:\/\/fundacion-biodiversidad.es\/en\/\",\"name\":\"Fundaci\u00f3n Biodiversidad\",\"description\":\"Fundaci\u00f3n p\u00fablica adscrita al Ministerio para la Transici\u00f3n Ecol\u00f3gica\",\"potentialAction\":[{\"@type\":\"SearchAction\",\"target\":{\"@type\":\"EntryPoint\",\"urlTemplate\":\"https:\/\/fundacion-biodiversidad.es\/en\/?s={search_term_string}\"},\"query-input\":{\"@type\":\"PropertyValueSpecification\",\"valueRequired\":true,\"valueName\":\"search_term_string\"}}],\"inLanguage\":\"en-US\"}]}<\/script>\n<!-- \/ Yoast SEO plugin. -->","yoast_head_json":{"title":"MARM supports and develops initiatives that contribute to the preservation, conservation and regeneration of the marine environment - Fundaci\u00f3n Biodiversidad","robots":{"index":"index","follow":"follow","max-snippet":"max-snippet:-1","max-image-preview":"max-image-preview:large","max-video-preview":"max-video-preview:-1"},"canonical":"https:\/\/fundacion-biodiversidad.es\/en\/actualidad_home\/marm-supports-and-develops-initiatives-that-contribute-to-the-preservation-conservation-and-regeneration-of-the-marine-environment\/","og_locale":"en_US","og_type":"article","og_title":"MARM supports and develops initiatives that contribute to the preservation, conservation and regeneration of the marine environment - Fundaci\u00f3n Biodiversidad","og_description":"The Minister of the Environment, Rural and Marine Affairs, Elena Espinosa, has highlighted, at the event commemorating the &#8220;Day of the Oceans&#8221;, that the MARM [&hellip;]","og_url":"https:\/\/fundacion-biodiversidad.es\/en\/actualidad_home\/marm-supports-and-develops-initiatives-that-contribute-to-the-preservation-conservation-and-regeneration-of-the-marine-environment\/","og_site_name":"Fundaci\u00f3n Biodiversidad","og_image":[{"width":720,"height":405,"url":"https:\/\/fundacion-biodiversidad.es\/wp-content\/uploads\/2023\/01\/2487661294_35330241_720x405.png","type":"image\/png"}],"twitter_card":"summary_large_image","twitter_misc":{"Est. reading time":"1 minute"},"schema":{"@context":"https:\/\/schema.org","@graph":[{"@type":"WebPage","@id":"https:\/\/fundacion-biodiversidad.es\/en\/actualidad_home\/marm-supports-and-develops-initiatives-that-contribute-to-the-preservation-conservation-and-regeneration-of-the-marine-environment\/","url":"https:\/\/fundacion-biodiversidad.es\/en\/actualidad_home\/marm-supports-and-develops-initiatives-that-contribute-to-the-preservation-conservation-and-regeneration-of-the-marine-environment\/","name":"MARM supports and develops initiatives that contribute to the preservation, conservation and regeneration of the marine environment - Fundaci\u00f3n Biodiversidad","isPartOf":{"@id":"https:\/\/fundacion-biodiversidad.es\/en\/#website"},"datePublished":"2014-03-24T15:22:50+00:00","breadcrumb":{"@id":"https:\/\/fundacion-biodiversidad.es\/en\/actualidad_home\/marm-supports-and-develops-initiatives-that-contribute-to-the-preservation-conservation-and-regeneration-of-the-marine-environment\/#breadcrumb"},"inLanguage":"en-US","potentialAction":[{"@type":"ReadAction","target":["https:\/\/fundacion-biodiversidad.es\/en\/actualidad_home\/marm-supports-and-develops-initiatives-that-contribute-to-the-preservation-conservation-and-regeneration-of-the-marine-environment\/"]}]},{"@type":"BreadcrumbList","@id":"https:\/\/fundacion-biodiversidad.es\/en\/actualidad_home\/marm-supports-and-develops-initiatives-that-contribute-to-the-preservation-conservation-and-regeneration-of-the-marine-environment\/#breadcrumb","itemListElement":[{"@type":"ListItem","position":1,"name":"Portada","item":"https:\/\/fundacion-biodiversidad.es\/en\/inicio\/"},{"@type":"ListItem","position":2,"name":"Noticias de actualidad","item":"https:\/\/fundacion-biodiversidad.es\/en\/actualidad_home\/"},{"@type":"ListItem","position":3,"name":"MARM supports and develops initiatives that contribute to the preservation, conservation and regeneration of the marine environment"}]},{"@type":"WebSite","@id":"https:\/\/fundacion-biodiversidad.es\/en\/#website","url":"https:\/\/fundacion-biodiversidad.es\/en\/","name":"Fundaci\u00f3n Biodiversidad","description":"Fundaci\u00f3n p\u00fablica adscrita al Ministerio para la Transici\u00f3n Ecol\u00f3gica","potentialAction":[{"@type":"SearchAction","target":{"@type":"EntryPoint","urlTemplate":"https:\/\/fundacion-biodiversidad.es\/en\/?s={search_term_string}"},"query-input":{"@type":"PropertyValueSpecification","valueRequired":true,"valueName":"search_term_string"}}],"inLanguage":"en-US"}]}},"_links":{"self":[{"href":"https:\/\/fundacion-biodiversidad.es\/en\/wp-json\/wp\/v2\/actualidad_home\/97857427","targetHints":{"allow":["GET"]}}],"collection":[{"href":"https:\/\/fundacion-biodiversidad.es\/en\/wp-json\/wp\/v2\/actualidad_home"}],"about":[{"href":"https:\/\/fundacion-biodiversidad.es\/en\/wp-json\/wp\/v2\/types\/actualidad_home"}],"author":[{"embeddable":true,"href":"https:\/\/fundacion-biodiversidad.es\/en\/wp-json\/wp\/v2\/users\/11"}],"wp:attachment":[{"href":"https:\/\/fundacion-biodiversidad.es\/en\/wp-json\/wp\/v2\/media?parent=97857427"}],"wp:term":[{"taxonomy":"palabras_clave","embeddable":true,"href":"https:\/\/fundacion-biodiversidad.es\/en\/wp-json\/wp\/v2\/palabras_clave?post=97857427"}],"curies":[{"name":"wp","href":"https:\/\/api.w.org\/{rel}","templated":true}]}}