{"id":97857428,"date":"2014-03-24T16:22:50","date_gmt":"2014-03-24T15:22:50","guid":{"rendered":"https:\/\/fundacion-biodiversidad.es\/actualidad_home\/the-ministry-of-the-environment-and-rural-and-marine-affairs-renews-collaboration-with-the-femp-to-act-against-climate-change-in-cities\/"},"modified":"2014-03-24T16:22:50","modified_gmt":"2014-03-24T15:22:50","slug":"the-ministry-of-the-environment-and-rural-and-marine-affairs-renews-collaboration-with-the-femp-to-act-against-climate-change-in-cities","status":"publish","type":"actualidad_home","link":"https:\/\/fundacion-biodiversidad.es\/en\/actualidad_home\/the-ministry-of-the-environment-and-rural-and-marine-affairs-renews-collaboration-with-the-femp-to-act-against-climate-change-in-cities\/","title":{"rendered":"The Ministry of the Environment and Rural and Marine Affairs renews collaboration with the FEMP to act against climate change in cities"},"content":{"rendered":"<p>The Ministry of the Environment, Rural and Marine Affairs and the Spanish Federation of Municipalities and Provinces (FEMP) will continue to work together to ensure that cities lead the fight against climate change. Both parties have signed a new collaboration agreement whose main actions will be carried out through the Spanish Network of Cities for Climate of the FEMP.   <\/p>\n<p><!--more--><\/p>\n<p>The agreement renews the framework collaboration agreement signed in November 2004 between the Ministry and the Federation, and establishes the actions to be carried out during this year within the framework of the activity carried out by the Spanish Network of Cities for Climate. The actions contemplated will be financed with a budget item of 1.5 million euros, included in the 2008 General State Budget.   <\/p>\n<p>  One of the objectives of this initiative is to get as many municipalities as possible to participate in the Spanish Network of Cities for Climate. To this end, the FEMP has carried out a dissemination campaign in the media to publicise the existence of the Network, while addressing all the City Councils not yet integrated to join.   <br \/>\n&nbsp;<\/p>\n","protected":false},"author":11,"featured_media":0,"template":"","meta":{"_acf_changed":false},"palabras_clave":[],"class_list":["post-97857428","actualidad_home","type-actualidad_home","status-publish","hentry"],"acf":[],"yoast_head":"<!-- This site is optimized with the Yoast SEO plugin v26.9 - https:\/\/yoast.com\/product\/yoast-seo-wordpress\/ -->\n<title>The Ministry of the Environment and Rural and Marine Affairs renews collaboration with the FEMP to act against climate change in cities - Fundaci\u00f3n Biodiversidad<\/title>\n<meta name=\"robots\" content=\"index, follow, max-snippet:-1, max-image-preview:large, max-video-preview:-1\" \/>\n<link rel=\"canonical\" href=\"https:\/\/fundacion-biodiversidad.es\/en\/actualidad_home\/the-ministry-of-the-environment-and-rural-and-marine-affairs-renews-collaboration-with-the-femp-to-act-against-climate-change-in-cities\/\" \/>\n<meta property=\"og:locale\" content=\"en_US\" \/>\n<meta property=\"og:type\" content=\"article\" \/>\n<meta property=\"og:title\" content=\"The Ministry of the Environment and Rural and Marine Affairs renews collaboration with the FEMP to act against climate change in cities - Fundaci\u00f3n Biodiversidad\" \/>\n<meta property=\"og:description\" content=\"The Ministry of the Environment, Rural and Marine Affairs and the Spanish Federation of Municipalities and Provinces (FEMP) will continue to work together to ensure [&hellip;]\" \/>\n<meta property=\"og:url\" content=\"https:\/\/fundacion-biodiversidad.es\/en\/actualidad_home\/the-ministry-of-the-environment-and-rural-and-marine-affairs-renews-collaboration-with-the-femp-to-act-against-climate-change-in-cities\/\" \/>\n<meta property=\"og:site_name\" content=\"Fundaci\u00f3n Biodiversidad\" \/>\n<meta property=\"og:image\" content=\"https:\/\/fundacion-biodiversidad.es\/wp-content\/uploads\/2023\/01\/2487661294_35330241_720x405.png\" \/>\n\t<meta property=\"og:image:width\" content=\"720\" \/>\n\t<meta property=\"og:image:height\" content=\"405\" \/>\n\t<meta property=\"og:image:type\" content=\"image\/png\" \/>\n<meta name=\"twitter:card\" content=\"summary_large_image\" \/>\n<meta name=\"twitter:label1\" content=\"Est. reading time\" \/>\n\t<meta name=\"twitter:data1\" content=\"1 minute\" \/>\n<script type=\"application\/ld+json\" class=\"yoast-schema-graph\">{\"@context\":\"https:\/\/schema.org\",\"@graph\":[{\"@type\":\"WebPage\",\"@id\":\"https:\/\/fundacion-biodiversidad.es\/en\/actualidad_home\/the-ministry-of-the-environment-and-rural-and-marine-affairs-renews-collaboration-with-the-femp-to-act-against-climate-change-in-cities\/\",\"url\":\"https:\/\/fundacion-biodiversidad.es\/en\/actualidad_home\/the-ministry-of-the-environment-and-rural-and-marine-affairs-renews-collaboration-with-the-femp-to-act-against-climate-change-in-cities\/\",\"name\":\"The Ministry of the Environment and Rural and Marine Affairs renews collaboration with the FEMP to act against climate change in cities - Fundaci\u00f3n Biodiversidad\",\"isPartOf\":{\"@id\":\"https:\/\/fundacion-biodiversidad.es\/en\/#website\"},\"datePublished\":\"2014-03-24T15:22:50+00:00\",\"breadcrumb\":{\"@id\":\"https:\/\/fundacion-biodiversidad.es\/en\/actualidad_home\/the-ministry-of-the-environment-and-rural-and-marine-affairs-renews-collaboration-with-the-femp-to-act-against-climate-change-in-cities\/#breadcrumb\"},\"inLanguage\":\"en-US\",\"potentialAction\":[{\"@type\":\"ReadAction\",\"target\":[\"https:\/\/fundacion-biodiversidad.es\/en\/actualidad_home\/the-ministry-of-the-environment-and-rural-and-marine-affairs-renews-collaboration-with-the-femp-to-act-against-climate-change-in-cities\/\"]}]},{\"@type\":\"BreadcrumbList\",\"@id\":\"https:\/\/fundacion-biodiversidad.es\/en\/actualidad_home\/the-ministry-of-the-environment-and-rural-and-marine-affairs-renews-collaboration-with-the-femp-to-act-against-climate-change-in-cities\/#breadcrumb\",\"itemListElement\":[{\"@type\":\"ListItem\",\"position\":1,\"name\":\"Portada\",\"item\":\"https:\/\/fundacion-biodiversidad.es\/en\/inicio\/\"},{\"@type\":\"ListItem\",\"position\":2,\"name\":\"Noticias de actualidad\",\"item\":\"https:\/\/fundacion-biodiversidad.es\/en\/actualidad_home\/\"},{\"@type\":\"ListItem\",\"position\":3,\"name\":\"The Ministry of the Environment and Rural and Marine Affairs renews collaboration with the FEMP to act against climate change in cities\"}]},{\"@type\":\"WebSite\",\"@id\":\"https:\/\/fundacion-biodiversidad.es\/en\/#website\",\"url\":\"https:\/\/fundacion-biodiversidad.es\/en\/\",\"name\":\"Fundaci\u00f3n Biodiversidad\",\"description\":\"Fundaci\u00f3n p\u00fablica adscrita al Ministerio para la Transici\u00f3n Ecol\u00f3gica\",\"potentialAction\":[{\"@type\":\"SearchAction\",\"target\":{\"@type\":\"EntryPoint\",\"urlTemplate\":\"https:\/\/fundacion-biodiversidad.es\/en\/?s={search_term_string}\"},\"query-input\":{\"@type\":\"PropertyValueSpecification\",\"valueRequired\":true,\"valueName\":\"search_term_string\"}}],\"inLanguage\":\"en-US\"}]}<\/script>\n<!-- \/ Yoast SEO plugin. -->","yoast_head_json":{"title":"The Ministry of the Environment and Rural and Marine Affairs renews collaboration with the FEMP to act against climate change in cities - Fundaci\u00f3n Biodiversidad","robots":{"index":"index","follow":"follow","max-snippet":"max-snippet:-1","max-image-preview":"max-image-preview:large","max-video-preview":"max-video-preview:-1"},"canonical":"https:\/\/fundacion-biodiversidad.es\/en\/actualidad_home\/the-ministry-of-the-environment-and-rural-and-marine-affairs-renews-collaboration-with-the-femp-to-act-against-climate-change-in-cities\/","og_locale":"en_US","og_type":"article","og_title":"The Ministry of the Environment and Rural and Marine Affairs renews collaboration with the FEMP to act against climate change in cities - Fundaci\u00f3n Biodiversidad","og_description":"The Ministry of the Environment, Rural and Marine Affairs and the Spanish Federation of Municipalities and Provinces (FEMP) will continue to work together to ensure [&hellip;]","og_url":"https:\/\/fundacion-biodiversidad.es\/en\/actualidad_home\/the-ministry-of-the-environment-and-rural-and-marine-affairs-renews-collaboration-with-the-femp-to-act-against-climate-change-in-cities\/","og_site_name":"Fundaci\u00f3n Biodiversidad","og_image":[{"width":720,"height":405,"url":"https:\/\/fundacion-biodiversidad.es\/wp-content\/uploads\/2023\/01\/2487661294_35330241_720x405.png","type":"image\/png"}],"twitter_card":"summary_large_image","twitter_misc":{"Est. reading time":"1 minute"},"schema":{"@context":"https:\/\/schema.org","@graph":[{"@type":"WebPage","@id":"https:\/\/fundacion-biodiversidad.es\/en\/actualidad_home\/the-ministry-of-the-environment-and-rural-and-marine-affairs-renews-collaboration-with-the-femp-to-act-against-climate-change-in-cities\/","url":"https:\/\/fundacion-biodiversidad.es\/en\/actualidad_home\/the-ministry-of-the-environment-and-rural-and-marine-affairs-renews-collaboration-with-the-femp-to-act-against-climate-change-in-cities\/","name":"The Ministry of the Environment and Rural and Marine Affairs renews collaboration with the FEMP to act against climate change in cities - Fundaci\u00f3n Biodiversidad","isPartOf":{"@id":"https:\/\/fundacion-biodiversidad.es\/en\/#website"},"datePublished":"2014-03-24T15:22:50+00:00","breadcrumb":{"@id":"https:\/\/fundacion-biodiversidad.es\/en\/actualidad_home\/the-ministry-of-the-environment-and-rural-and-marine-affairs-renews-collaboration-with-the-femp-to-act-against-climate-change-in-cities\/#breadcrumb"},"inLanguage":"en-US","potentialAction":[{"@type":"ReadAction","target":["https:\/\/fundacion-biodiversidad.es\/en\/actualidad_home\/the-ministry-of-the-environment-and-rural-and-marine-affairs-renews-collaboration-with-the-femp-to-act-against-climate-change-in-cities\/"]}]},{"@type":"BreadcrumbList","@id":"https:\/\/fundacion-biodiversidad.es\/en\/actualidad_home\/the-ministry-of-the-environment-and-rural-and-marine-affairs-renews-collaboration-with-the-femp-to-act-against-climate-change-in-cities\/#breadcrumb","itemListElement":[{"@type":"ListItem","position":1,"name":"Portada","item":"https:\/\/fundacion-biodiversidad.es\/en\/inicio\/"},{"@type":"ListItem","position":2,"name":"Noticias de actualidad","item":"https:\/\/fundacion-biodiversidad.es\/en\/actualidad_home\/"},{"@type":"ListItem","position":3,"name":"The Ministry of the Environment and Rural and Marine Affairs renews collaboration with the FEMP to act against climate change in cities"}]},{"@type":"WebSite","@id":"https:\/\/fundacion-biodiversidad.es\/en\/#website","url":"https:\/\/fundacion-biodiversidad.es\/en\/","name":"Fundaci\u00f3n Biodiversidad","description":"Fundaci\u00f3n p\u00fablica adscrita al Ministerio para la Transici\u00f3n Ecol\u00f3gica","potentialAction":[{"@type":"SearchAction","target":{"@type":"EntryPoint","urlTemplate":"https:\/\/fundacion-biodiversidad.es\/en\/?s={search_term_string}"},"query-input":{"@type":"PropertyValueSpecification","valueRequired":true,"valueName":"search_term_string"}}],"inLanguage":"en-US"}]}},"_links":{"self":[{"href":"https:\/\/fundacion-biodiversidad.es\/en\/wp-json\/wp\/v2\/actualidad_home\/97857428","targetHints":{"allow":["GET"]}}],"collection":[{"href":"https:\/\/fundacion-biodiversidad.es\/en\/wp-json\/wp\/v2\/actualidad_home"}],"about":[{"href":"https:\/\/fundacion-biodiversidad.es\/en\/wp-json\/wp\/v2\/types\/actualidad_home"}],"author":[{"embeddable":true,"href":"https:\/\/fundacion-biodiversidad.es\/en\/wp-json\/wp\/v2\/users\/11"}],"wp:attachment":[{"href":"https:\/\/fundacion-biodiversidad.es\/en\/wp-json\/wp\/v2\/media?parent=97857428"}],"wp:term":[{"taxonomy":"palabras_clave","embeddable":true,"href":"https:\/\/fundacion-biodiversidad.es\/en\/wp-json\/wp\/v2\/palabras_clave?post=97857428"}],"curies":[{"name":"wp","href":"https:\/\/api.w.org\/{rel}","templated":true}]}}