{"id":97857484,"date":"2014-03-24T16:22:53","date_gmt":"2014-03-24T15:22:53","guid":{"rendered":"https:\/\/fundacion-biodiversidad.es\/actualidad_home\/the-conference-of-the-parties-to-the-united-nations-convention-to-combat-desertification-will-be-held-in-madrid\/"},"modified":"2014-03-24T16:22:53","modified_gmt":"2014-03-24T15:22:53","slug":"the-conference-of-the-parties-to-the-united-nations-convention-to-combat-desertification-will-be-held-in-madrid","status":"publish","type":"actualidad_home","link":"https:\/\/fundacion-biodiversidad.es\/en\/actualidad_home\/the-conference-of-the-parties-to-the-united-nations-convention-to-combat-desertification-will-be-held-in-madrid\/","title":{"rendered":"The Conference of the Parties to the United Nations Convention to Combat Desertification will be held in Madrid"},"content":{"rendered":"<p>The Ministry of the Environment has expressed its gratitude to the Autonomous Communities of the Canary Islands and Andalusia for the presentation of the candidacies of Fuerteventura and Roquetas, respectively, as venues for the Conference of the Parties to the United Nations Convention to Combat Desertification, which will finally be held in Madrid, during the autumn of 2007.  <\/p>\n<p><!--more--><\/p>\n<p>In the meeting held a few days ago between this Ministry and the delegation of the United Nations Secretariat, the proposals made by both Autonomous Communities and the support given by various bodies to their candidacies were valued in an extraordinarily positive way. The Delegation of the United Nations Secretariat had made a series of suggestions to the Spanish Government on the requirements that the city aspiring to host the COP must meet, including logistical factors such as adequate transport and telecommunications infrastructures, as well as requirements in terms of accessibility, facilities and diplomatic services   <\/p>\n<p>  The need to have important diplomatic support for the dignitaries of the more than one hundred and eighty countries that will attend the Conference and the experience and organizational and management infrastructure required for the successful celebration of a United Nations Conference, has led the organizers to decide on Madrid as the future venue for COP 8.  <\/p>\n<p>  The objective of this international meeting is to analyze the world situation and seek solutions to mitigate the desertification processes that the planet is experiencing.  <br \/>\n&nbsp;<\/p>\n","protected":false},"author":11,"featured_media":0,"template":"","meta":{"_acf_changed":false},"palabras_clave":[],"class_list":["post-97857484","actualidad_home","type-actualidad_home","status-publish","hentry"],"acf":[],"yoast_head":"<!-- This site is optimized with the Yoast SEO plugin v26.9 - https:\/\/yoast.com\/product\/yoast-seo-wordpress\/ -->\n<title>The Conference of the Parties to the United Nations Convention to Combat Desertification will be held in Madrid - Fundaci\u00f3n Biodiversidad<\/title>\n<meta name=\"robots\" content=\"index, follow, max-snippet:-1, max-image-preview:large, max-video-preview:-1\" \/>\n<link rel=\"canonical\" href=\"https:\/\/fundacion-biodiversidad.es\/en\/actualidad_home\/the-conference-of-the-parties-to-the-united-nations-convention-to-combat-desertification-will-be-held-in-madrid\/\" \/>\n<meta property=\"og:locale\" content=\"en_US\" \/>\n<meta property=\"og:type\" content=\"article\" \/>\n<meta property=\"og:title\" content=\"The Conference of the Parties to the United Nations Convention to Combat Desertification will be held in Madrid - Fundaci\u00f3n Biodiversidad\" \/>\n<meta property=\"og:description\" content=\"The Ministry of the Environment has expressed its gratitude to the Autonomous Communities of the Canary Islands and Andalusia for the presentation of the candidacies [&hellip;]\" \/>\n<meta property=\"og:url\" content=\"https:\/\/fundacion-biodiversidad.es\/en\/actualidad_home\/the-conference-of-the-parties-to-the-united-nations-convention-to-combat-desertification-will-be-held-in-madrid\/\" \/>\n<meta property=\"og:site_name\" content=\"Fundaci\u00f3n Biodiversidad\" \/>\n<meta property=\"og:image\" content=\"https:\/\/fundacion-biodiversidad.es\/wp-content\/uploads\/2023\/01\/2487661294_35330241_720x405.png\" \/>\n\t<meta property=\"og:image:width\" content=\"720\" \/>\n\t<meta property=\"og:image:height\" content=\"405\" \/>\n\t<meta property=\"og:image:type\" content=\"image\/png\" \/>\n<meta name=\"twitter:card\" content=\"summary_large_image\" \/>\n<meta name=\"twitter:label1\" content=\"Est. reading time\" \/>\n\t<meta name=\"twitter:data1\" content=\"1 minute\" \/>\n<script type=\"application\/ld+json\" class=\"yoast-schema-graph\">{\"@context\":\"https:\/\/schema.org\",\"@graph\":[{\"@type\":\"WebPage\",\"@id\":\"https:\/\/fundacion-biodiversidad.es\/en\/actualidad_home\/the-conference-of-the-parties-to-the-united-nations-convention-to-combat-desertification-will-be-held-in-madrid\/\",\"url\":\"https:\/\/fundacion-biodiversidad.es\/en\/actualidad_home\/the-conference-of-the-parties-to-the-united-nations-convention-to-combat-desertification-will-be-held-in-madrid\/\",\"name\":\"The Conference of the Parties to the United Nations Convention to Combat Desertification will be held in Madrid - Fundaci\u00f3n Biodiversidad\",\"isPartOf\":{\"@id\":\"https:\/\/fundacion-biodiversidad.es\/en\/#website\"},\"datePublished\":\"2014-03-24T15:22:53+00:00\",\"breadcrumb\":{\"@id\":\"https:\/\/fundacion-biodiversidad.es\/en\/actualidad_home\/the-conference-of-the-parties-to-the-united-nations-convention-to-combat-desertification-will-be-held-in-madrid\/#breadcrumb\"},\"inLanguage\":\"en-US\",\"potentialAction\":[{\"@type\":\"ReadAction\",\"target\":[\"https:\/\/fundacion-biodiversidad.es\/en\/actualidad_home\/the-conference-of-the-parties-to-the-united-nations-convention-to-combat-desertification-will-be-held-in-madrid\/\"]}]},{\"@type\":\"BreadcrumbList\",\"@id\":\"https:\/\/fundacion-biodiversidad.es\/en\/actualidad_home\/the-conference-of-the-parties-to-the-united-nations-convention-to-combat-desertification-will-be-held-in-madrid\/#breadcrumb\",\"itemListElement\":[{\"@type\":\"ListItem\",\"position\":1,\"name\":\"Portada\",\"item\":\"https:\/\/fundacion-biodiversidad.es\/en\/inicio\/\"},{\"@type\":\"ListItem\",\"position\":2,\"name\":\"Noticias de actualidad\",\"item\":\"https:\/\/fundacion-biodiversidad.es\/en\/actualidad_home\/\"},{\"@type\":\"ListItem\",\"position\":3,\"name\":\"The Conference of the Parties to the United Nations Convention to Combat Desertification will be held in Madrid\"}]},{\"@type\":\"WebSite\",\"@id\":\"https:\/\/fundacion-biodiversidad.es\/en\/#website\",\"url\":\"https:\/\/fundacion-biodiversidad.es\/en\/\",\"name\":\"Fundaci\u00f3n Biodiversidad\",\"description\":\"Fundaci\u00f3n p\u00fablica adscrita al Ministerio para la Transici\u00f3n Ecol\u00f3gica\",\"potentialAction\":[{\"@type\":\"SearchAction\",\"target\":{\"@type\":\"EntryPoint\",\"urlTemplate\":\"https:\/\/fundacion-biodiversidad.es\/en\/?s={search_term_string}\"},\"query-input\":{\"@type\":\"PropertyValueSpecification\",\"valueRequired\":true,\"valueName\":\"search_term_string\"}}],\"inLanguage\":\"en-US\"}]}<\/script>\n<!-- \/ Yoast SEO plugin. -->","yoast_head_json":{"title":"The Conference of the Parties to the United Nations Convention to Combat Desertification will be held in Madrid - Fundaci\u00f3n Biodiversidad","robots":{"index":"index","follow":"follow","max-snippet":"max-snippet:-1","max-image-preview":"max-image-preview:large","max-video-preview":"max-video-preview:-1"},"canonical":"https:\/\/fundacion-biodiversidad.es\/en\/actualidad_home\/the-conference-of-the-parties-to-the-united-nations-convention-to-combat-desertification-will-be-held-in-madrid\/","og_locale":"en_US","og_type":"article","og_title":"The Conference of the Parties to the United Nations Convention to Combat Desertification will be held in Madrid - Fundaci\u00f3n Biodiversidad","og_description":"The Ministry of the Environment has expressed its gratitude to the Autonomous Communities of the Canary Islands and Andalusia for the presentation of the candidacies [&hellip;]","og_url":"https:\/\/fundacion-biodiversidad.es\/en\/actualidad_home\/the-conference-of-the-parties-to-the-united-nations-convention-to-combat-desertification-will-be-held-in-madrid\/","og_site_name":"Fundaci\u00f3n Biodiversidad","og_image":[{"width":720,"height":405,"url":"https:\/\/fundacion-biodiversidad.es\/wp-content\/uploads\/2023\/01\/2487661294_35330241_720x405.png","type":"image\/png"}],"twitter_card":"summary_large_image","twitter_misc":{"Est. reading time":"1 minute"},"schema":{"@context":"https:\/\/schema.org","@graph":[{"@type":"WebPage","@id":"https:\/\/fundacion-biodiversidad.es\/en\/actualidad_home\/the-conference-of-the-parties-to-the-united-nations-convention-to-combat-desertification-will-be-held-in-madrid\/","url":"https:\/\/fundacion-biodiversidad.es\/en\/actualidad_home\/the-conference-of-the-parties-to-the-united-nations-convention-to-combat-desertification-will-be-held-in-madrid\/","name":"The Conference of the Parties to the United Nations Convention to Combat Desertification will be held in Madrid - Fundaci\u00f3n Biodiversidad","isPartOf":{"@id":"https:\/\/fundacion-biodiversidad.es\/en\/#website"},"datePublished":"2014-03-24T15:22:53+00:00","breadcrumb":{"@id":"https:\/\/fundacion-biodiversidad.es\/en\/actualidad_home\/the-conference-of-the-parties-to-the-united-nations-convention-to-combat-desertification-will-be-held-in-madrid\/#breadcrumb"},"inLanguage":"en-US","potentialAction":[{"@type":"ReadAction","target":["https:\/\/fundacion-biodiversidad.es\/en\/actualidad_home\/the-conference-of-the-parties-to-the-united-nations-convention-to-combat-desertification-will-be-held-in-madrid\/"]}]},{"@type":"BreadcrumbList","@id":"https:\/\/fundacion-biodiversidad.es\/en\/actualidad_home\/the-conference-of-the-parties-to-the-united-nations-convention-to-combat-desertification-will-be-held-in-madrid\/#breadcrumb","itemListElement":[{"@type":"ListItem","position":1,"name":"Portada","item":"https:\/\/fundacion-biodiversidad.es\/en\/inicio\/"},{"@type":"ListItem","position":2,"name":"Noticias de actualidad","item":"https:\/\/fundacion-biodiversidad.es\/en\/actualidad_home\/"},{"@type":"ListItem","position":3,"name":"The Conference of the Parties to the United Nations Convention to Combat Desertification will be held in Madrid"}]},{"@type":"WebSite","@id":"https:\/\/fundacion-biodiversidad.es\/en\/#website","url":"https:\/\/fundacion-biodiversidad.es\/en\/","name":"Fundaci\u00f3n Biodiversidad","description":"Fundaci\u00f3n p\u00fablica adscrita al Ministerio para la Transici\u00f3n Ecol\u00f3gica","potentialAction":[{"@type":"SearchAction","target":{"@type":"EntryPoint","urlTemplate":"https:\/\/fundacion-biodiversidad.es\/en\/?s={search_term_string}"},"query-input":{"@type":"PropertyValueSpecification","valueRequired":true,"valueName":"search_term_string"}}],"inLanguage":"en-US"}]}},"_links":{"self":[{"href":"https:\/\/fundacion-biodiversidad.es\/en\/wp-json\/wp\/v2\/actualidad_home\/97857484","targetHints":{"allow":["GET"]}}],"collection":[{"href":"https:\/\/fundacion-biodiversidad.es\/en\/wp-json\/wp\/v2\/actualidad_home"}],"about":[{"href":"https:\/\/fundacion-biodiversidad.es\/en\/wp-json\/wp\/v2\/types\/actualidad_home"}],"author":[{"embeddable":true,"href":"https:\/\/fundacion-biodiversidad.es\/en\/wp-json\/wp\/v2\/users\/11"}],"wp:attachment":[{"href":"https:\/\/fundacion-biodiversidad.es\/en\/wp-json\/wp\/v2\/media?parent=97857484"}],"wp:term":[{"taxonomy":"palabras_clave","embeddable":true,"href":"https:\/\/fundacion-biodiversidad.es\/en\/wp-json\/wp\/v2\/palabras_clave?post=97857484"}],"curies":[{"name":"wp","href":"https:\/\/api.w.org\/{rel}","templated":true}]}}