{"id":97857486,"date":"2014-03-24T16:22:53","date_gmt":"2014-03-24T15:22:53","guid":{"rendered":"https:\/\/fundacion-biodiversidad.es\/actualidad_home\/the-ministry-of-the-environment-presents-the-biosphere-reserve-action-plan-for-the-period-2007-2008\/"},"modified":"2014-03-24T16:22:53","modified_gmt":"2014-03-24T15:22:53","slug":"the-ministry-of-the-environment-presents-the-biosphere-reserve-action-plan-for-the-period-2007-2008","status":"publish","type":"actualidad_home","link":"https:\/\/fundacion-biodiversidad.es\/en\/actualidad_home\/the-ministry-of-the-environment-presents-the-biosphere-reserve-action-plan-for-the-period-2007-2008\/","title":{"rendered":"The Ministry of the Environment presents the Biosphere Reserve Action Plan for the period 2007-2008"},"content":{"rendered":"<p>The Secretary General for Territory and Biodiversity of the Ministry of the Environment and president of the Spanish MaB Committee, Antonio Serrano, yesterday presented to the Congress of Spanish Biosphere Reserves the Action Plan that the Ministry of the Environment has drawn up for these natural spaces.  <\/p>\n<p><!--more--><\/p>\n<p>The document presented by the Ministry of the Environment includes the lines of action for the period 2007-2008. Among the purposes for this period is to formalize the MaB Program and the objectives of the Biosphere Reserves and the creation in the Ministry of the Environment of the Secretariat that will be in charge of developing the purposes pursued by the MaB Program, the Spanish Biosphere Reserves, the IberoMaB Network (which groups the reserves of Ibero-America) and EuroMaB (which integrates the European reserves).   <\/p>\n<p>  The Ministry will establish, charged to its budget allocations, a call for R+D+i for the period 2007-2008 aimed at these natural areas. It will also promote the conclusion of agreements or consortia with Autonomous Communities, local administrations and non-profit institutions for the development of specific actions in those Biosphere Reserves that come close to meeting the objectives of the MaB Programme.   <\/p>\n<p>  In addition, the Ministry of the Environment will enable a specific line of intervention to facilitate the development of the actions that the Congress that closed today has proposed in the different reserves, and especially for those referring to the creation of an intercommunication system for the Network of Biosphere Reserves and the creation of an Award for Good Practices in these natural spaces.  a Catalogue of Good Practices and instruments for improving transparency, information, training and public participation in reserves. On the other hand, the Biodiversity Foundation will promote a specific call aimed at facilitating the fulfilment of the objectives of the MaB Programme.   <\/p>\n<p>&nbsp;<\/p>\n","protected":false},"author":11,"featured_media":0,"template":"","meta":{"_acf_changed":false},"palabras_clave":[],"class_list":["post-97857486","actualidad_home","type-actualidad_home","status-publish","hentry"],"acf":[],"yoast_head":"<!-- This site is optimized with the Yoast SEO plugin v26.9 - https:\/\/yoast.com\/product\/yoast-seo-wordpress\/ -->\n<title>The Ministry of the Environment presents the Biosphere Reserve Action Plan for the period 2007-2008 - Fundaci\u00f3n Biodiversidad<\/title>\n<meta name=\"robots\" content=\"index, follow, max-snippet:-1, max-image-preview:large, max-video-preview:-1\" \/>\n<link rel=\"canonical\" href=\"https:\/\/fundacion-biodiversidad.es\/en\/actualidad_home\/the-ministry-of-the-environment-presents-the-biosphere-reserve-action-plan-for-the-period-2007-2008\/\" \/>\n<meta property=\"og:locale\" content=\"en_US\" \/>\n<meta property=\"og:type\" content=\"article\" \/>\n<meta property=\"og:title\" content=\"The Ministry of the Environment presents the Biosphere Reserve Action Plan for the period 2007-2008 - Fundaci\u00f3n Biodiversidad\" \/>\n<meta property=\"og:description\" content=\"The Secretary General for Territory and Biodiversity of the Ministry of the Environment and president of the Spanish MaB Committee, Antonio Serrano, yesterday presented to [&hellip;]\" \/>\n<meta property=\"og:url\" content=\"https:\/\/fundacion-biodiversidad.es\/en\/actualidad_home\/the-ministry-of-the-environment-presents-the-biosphere-reserve-action-plan-for-the-period-2007-2008\/\" \/>\n<meta property=\"og:site_name\" content=\"Fundaci\u00f3n Biodiversidad\" \/>\n<meta property=\"og:image\" content=\"https:\/\/fundacion-biodiversidad.es\/wp-content\/uploads\/2023\/01\/2487661294_35330241_720x405.png\" \/>\n\t<meta property=\"og:image:width\" content=\"720\" \/>\n\t<meta property=\"og:image:height\" content=\"405\" \/>\n\t<meta property=\"og:image:type\" content=\"image\/png\" \/>\n<meta name=\"twitter:card\" content=\"summary_large_image\" \/>\n<meta name=\"twitter:label1\" content=\"Est. reading time\" \/>\n\t<meta name=\"twitter:data1\" content=\"1 minute\" \/>\n<script type=\"application\/ld+json\" class=\"yoast-schema-graph\">{\"@context\":\"https:\/\/schema.org\",\"@graph\":[{\"@type\":\"WebPage\",\"@id\":\"https:\/\/fundacion-biodiversidad.es\/en\/actualidad_home\/the-ministry-of-the-environment-presents-the-biosphere-reserve-action-plan-for-the-period-2007-2008\/\",\"url\":\"https:\/\/fundacion-biodiversidad.es\/en\/actualidad_home\/the-ministry-of-the-environment-presents-the-biosphere-reserve-action-plan-for-the-period-2007-2008\/\",\"name\":\"The Ministry of the Environment presents the Biosphere Reserve Action Plan for the period 2007-2008 - Fundaci\u00f3n Biodiversidad\",\"isPartOf\":{\"@id\":\"https:\/\/fundacion-biodiversidad.es\/en\/#website\"},\"datePublished\":\"2014-03-24T15:22:53+00:00\",\"breadcrumb\":{\"@id\":\"https:\/\/fundacion-biodiversidad.es\/en\/actualidad_home\/the-ministry-of-the-environment-presents-the-biosphere-reserve-action-plan-for-the-period-2007-2008\/#breadcrumb\"},\"inLanguage\":\"en-US\",\"potentialAction\":[{\"@type\":\"ReadAction\",\"target\":[\"https:\/\/fundacion-biodiversidad.es\/en\/actualidad_home\/the-ministry-of-the-environment-presents-the-biosphere-reserve-action-plan-for-the-period-2007-2008\/\"]}]},{\"@type\":\"BreadcrumbList\",\"@id\":\"https:\/\/fundacion-biodiversidad.es\/en\/actualidad_home\/the-ministry-of-the-environment-presents-the-biosphere-reserve-action-plan-for-the-period-2007-2008\/#breadcrumb\",\"itemListElement\":[{\"@type\":\"ListItem\",\"position\":1,\"name\":\"Portada\",\"item\":\"https:\/\/fundacion-biodiversidad.es\/en\/inicio\/\"},{\"@type\":\"ListItem\",\"position\":2,\"name\":\"Noticias de actualidad\",\"item\":\"https:\/\/fundacion-biodiversidad.es\/en\/actualidad_home\/\"},{\"@type\":\"ListItem\",\"position\":3,\"name\":\"The Ministry of the Environment presents the Biosphere Reserve Action Plan for the period 2007-2008\"}]},{\"@type\":\"WebSite\",\"@id\":\"https:\/\/fundacion-biodiversidad.es\/en\/#website\",\"url\":\"https:\/\/fundacion-biodiversidad.es\/en\/\",\"name\":\"Fundaci\u00f3n Biodiversidad\",\"description\":\"Fundaci\u00f3n p\u00fablica adscrita al Ministerio para la Transici\u00f3n Ecol\u00f3gica\",\"potentialAction\":[{\"@type\":\"SearchAction\",\"target\":{\"@type\":\"EntryPoint\",\"urlTemplate\":\"https:\/\/fundacion-biodiversidad.es\/en\/?s={search_term_string}\"},\"query-input\":{\"@type\":\"PropertyValueSpecification\",\"valueRequired\":true,\"valueName\":\"search_term_string\"}}],\"inLanguage\":\"en-US\"}]}<\/script>\n<!-- \/ Yoast SEO plugin. -->","yoast_head_json":{"title":"The Ministry of the Environment presents the Biosphere Reserve Action Plan for the period 2007-2008 - Fundaci\u00f3n Biodiversidad","robots":{"index":"index","follow":"follow","max-snippet":"max-snippet:-1","max-image-preview":"max-image-preview:large","max-video-preview":"max-video-preview:-1"},"canonical":"https:\/\/fundacion-biodiversidad.es\/en\/actualidad_home\/the-ministry-of-the-environment-presents-the-biosphere-reserve-action-plan-for-the-period-2007-2008\/","og_locale":"en_US","og_type":"article","og_title":"The Ministry of the Environment presents the Biosphere Reserve Action Plan for the period 2007-2008 - Fundaci\u00f3n Biodiversidad","og_description":"The Secretary General for Territory and Biodiversity of the Ministry of the Environment and president of the Spanish MaB Committee, Antonio Serrano, yesterday presented to [&hellip;]","og_url":"https:\/\/fundacion-biodiversidad.es\/en\/actualidad_home\/the-ministry-of-the-environment-presents-the-biosphere-reserve-action-plan-for-the-period-2007-2008\/","og_site_name":"Fundaci\u00f3n Biodiversidad","og_image":[{"width":720,"height":405,"url":"https:\/\/fundacion-biodiversidad.es\/wp-content\/uploads\/2023\/01\/2487661294_35330241_720x405.png","type":"image\/png"}],"twitter_card":"summary_large_image","twitter_misc":{"Est. reading time":"1 minute"},"schema":{"@context":"https:\/\/schema.org","@graph":[{"@type":"WebPage","@id":"https:\/\/fundacion-biodiversidad.es\/en\/actualidad_home\/the-ministry-of-the-environment-presents-the-biosphere-reserve-action-plan-for-the-period-2007-2008\/","url":"https:\/\/fundacion-biodiversidad.es\/en\/actualidad_home\/the-ministry-of-the-environment-presents-the-biosphere-reserve-action-plan-for-the-period-2007-2008\/","name":"The Ministry of the Environment presents the Biosphere Reserve Action Plan for the period 2007-2008 - Fundaci\u00f3n Biodiversidad","isPartOf":{"@id":"https:\/\/fundacion-biodiversidad.es\/en\/#website"},"datePublished":"2014-03-24T15:22:53+00:00","breadcrumb":{"@id":"https:\/\/fundacion-biodiversidad.es\/en\/actualidad_home\/the-ministry-of-the-environment-presents-the-biosphere-reserve-action-plan-for-the-period-2007-2008\/#breadcrumb"},"inLanguage":"en-US","potentialAction":[{"@type":"ReadAction","target":["https:\/\/fundacion-biodiversidad.es\/en\/actualidad_home\/the-ministry-of-the-environment-presents-the-biosphere-reserve-action-plan-for-the-period-2007-2008\/"]}]},{"@type":"BreadcrumbList","@id":"https:\/\/fundacion-biodiversidad.es\/en\/actualidad_home\/the-ministry-of-the-environment-presents-the-biosphere-reserve-action-plan-for-the-period-2007-2008\/#breadcrumb","itemListElement":[{"@type":"ListItem","position":1,"name":"Portada","item":"https:\/\/fundacion-biodiversidad.es\/en\/inicio\/"},{"@type":"ListItem","position":2,"name":"Noticias de actualidad","item":"https:\/\/fundacion-biodiversidad.es\/en\/actualidad_home\/"},{"@type":"ListItem","position":3,"name":"The Ministry of the Environment presents the Biosphere Reserve Action Plan for the period 2007-2008"}]},{"@type":"WebSite","@id":"https:\/\/fundacion-biodiversidad.es\/en\/#website","url":"https:\/\/fundacion-biodiversidad.es\/en\/","name":"Fundaci\u00f3n Biodiversidad","description":"Fundaci\u00f3n p\u00fablica adscrita al Ministerio para la Transici\u00f3n Ecol\u00f3gica","potentialAction":[{"@type":"SearchAction","target":{"@type":"EntryPoint","urlTemplate":"https:\/\/fundacion-biodiversidad.es\/en\/?s={search_term_string}"},"query-input":{"@type":"PropertyValueSpecification","valueRequired":true,"valueName":"search_term_string"}}],"inLanguage":"en-US"}]}},"_links":{"self":[{"href":"https:\/\/fundacion-biodiversidad.es\/en\/wp-json\/wp\/v2\/actualidad_home\/97857486","targetHints":{"allow":["GET"]}}],"collection":[{"href":"https:\/\/fundacion-biodiversidad.es\/en\/wp-json\/wp\/v2\/actualidad_home"}],"about":[{"href":"https:\/\/fundacion-biodiversidad.es\/en\/wp-json\/wp\/v2\/types\/actualidad_home"}],"author":[{"embeddable":true,"href":"https:\/\/fundacion-biodiversidad.es\/en\/wp-json\/wp\/v2\/users\/11"}],"wp:attachment":[{"href":"https:\/\/fundacion-biodiversidad.es\/en\/wp-json\/wp\/v2\/media?parent=97857486"}],"wp:term":[{"taxonomy":"palabras_clave","embeddable":true,"href":"https:\/\/fundacion-biodiversidad.es\/en\/wp-json\/wp\/v2\/palabras_clave?post=97857486"}],"curies":[{"name":"wp","href":"https:\/\/api.w.org\/{rel}","templated":true}]}}