{"id":97857488,"date":"2014-03-24T16:22:53","date_gmt":"2014-03-24T15:22:53","guid":{"rendered":"https:\/\/fundacion-biodiversidad.es\/actualidad_home\/the-ministries-of-environment-and-foreign-affairs-promote-the-alliance-for-water\/"},"modified":"2014-03-24T16:22:53","modified_gmt":"2014-03-24T15:22:53","slug":"the-ministries-of-environment-and-foreign-affairs-promote-the-alliance-for-water","status":"publish","type":"actualidad_home","link":"https:\/\/fundacion-biodiversidad.es\/en\/actualidad_home\/the-ministries-of-environment-and-foreign-affairs-promote-the-alliance-for-water\/","title":{"rendered":"The Ministries of Environment and Foreign Affairs promote the &#8220;Alliance for Water&#8221;"},"content":{"rendered":"<p>The Secretary General for Territory and Biodiversity of the Ministry of the Environment, Antonio Serrano, and the Secretary of State for International Cooperation, Leire Paj\u00edn, presented last Friday the &#8220;Alliance for Water&#8221;, a solidarity initiative aimed at promoting water supply and infrastructure in Central America.  <\/p>\n<p><!--more--><\/p>\n<p>The main axis of the &#8220;Alliance for Water&#8221; is to contribute to achieving the United Nations Millennium Development Goals in those aspects that refer to the supply of drinking water, which focus on reducing by half the population without access to drinking water and basic sanitation by 2015. Currently, 1 billion people do not have access to safe drinking water and some 2.6 billion lack basic sanitation services.   <\/p>\n<p>  The &#8220;Alliance for Water&#8221; aims to promote practices of rational use of water among the Spanish population and the different economic sectors, with the aim of allocating 2 million euros a year to water-related projects in Central America to ensure that 5 million more Central Americans have access to drinking water and sanitation in adequate conditions by 2015.  <br \/>\n&nbsp;<\/p>\n","protected":false},"author":11,"featured_media":0,"template":"","meta":{"_acf_changed":false},"palabras_clave":[],"class_list":["post-97857488","actualidad_home","type-actualidad_home","status-publish","hentry"],"acf":[],"yoast_head":"<!-- This site is optimized with the Yoast SEO plugin v26.9 - https:\/\/yoast.com\/product\/yoast-seo-wordpress\/ -->\n<title>The Ministries of Environment and Foreign Affairs promote the &quot;Alliance for Water&quot; - Fundaci\u00f3n Biodiversidad<\/title>\n<meta name=\"robots\" content=\"index, follow, max-snippet:-1, max-image-preview:large, max-video-preview:-1\" \/>\n<link rel=\"canonical\" href=\"https:\/\/fundacion-biodiversidad.es\/en\/actualidad_home\/the-ministries-of-environment-and-foreign-affairs-promote-the-alliance-for-water\/\" \/>\n<meta property=\"og:locale\" content=\"en_US\" \/>\n<meta property=\"og:type\" content=\"article\" \/>\n<meta property=\"og:title\" content=\"The Ministries of Environment and Foreign Affairs promote the &quot;Alliance for Water&quot; - Fundaci\u00f3n Biodiversidad\" \/>\n<meta property=\"og:description\" content=\"The Secretary General for Territory and Biodiversity of the Ministry of the Environment, Antonio Serrano, and the Secretary of State for International Cooperation, Leire Paj\u00edn, [&hellip;]\" \/>\n<meta property=\"og:url\" content=\"https:\/\/fundacion-biodiversidad.es\/en\/actualidad_home\/the-ministries-of-environment-and-foreign-affairs-promote-the-alliance-for-water\/\" \/>\n<meta property=\"og:site_name\" content=\"Fundaci\u00f3n Biodiversidad\" \/>\n<meta property=\"og:image\" content=\"https:\/\/fundacion-biodiversidad.es\/wp-content\/uploads\/2023\/01\/2487661294_35330241_720x405.png\" \/>\n\t<meta property=\"og:image:width\" content=\"720\" \/>\n\t<meta property=\"og:image:height\" content=\"405\" \/>\n\t<meta property=\"og:image:type\" content=\"image\/png\" \/>\n<meta name=\"twitter:card\" content=\"summary_large_image\" \/>\n<meta name=\"twitter:label1\" content=\"Est. reading time\" \/>\n\t<meta name=\"twitter:data1\" content=\"1 minute\" \/>\n<script type=\"application\/ld+json\" class=\"yoast-schema-graph\">{\"@context\":\"https:\/\/schema.org\",\"@graph\":[{\"@type\":\"WebPage\",\"@id\":\"https:\/\/fundacion-biodiversidad.es\/en\/actualidad_home\/the-ministries-of-environment-and-foreign-affairs-promote-the-alliance-for-water\/\",\"url\":\"https:\/\/fundacion-biodiversidad.es\/en\/actualidad_home\/the-ministries-of-environment-and-foreign-affairs-promote-the-alliance-for-water\/\",\"name\":\"The Ministries of Environment and Foreign Affairs promote the \\\"Alliance for Water\\\" - Fundaci\u00f3n Biodiversidad\",\"isPartOf\":{\"@id\":\"https:\/\/fundacion-biodiversidad.es\/en\/#website\"},\"datePublished\":\"2014-03-24T15:22:53+00:00\",\"breadcrumb\":{\"@id\":\"https:\/\/fundacion-biodiversidad.es\/en\/actualidad_home\/the-ministries-of-environment-and-foreign-affairs-promote-the-alliance-for-water\/#breadcrumb\"},\"inLanguage\":\"en-US\",\"potentialAction\":[{\"@type\":\"ReadAction\",\"target\":[\"https:\/\/fundacion-biodiversidad.es\/en\/actualidad_home\/the-ministries-of-environment-and-foreign-affairs-promote-the-alliance-for-water\/\"]}]},{\"@type\":\"BreadcrumbList\",\"@id\":\"https:\/\/fundacion-biodiversidad.es\/en\/actualidad_home\/the-ministries-of-environment-and-foreign-affairs-promote-the-alliance-for-water\/#breadcrumb\",\"itemListElement\":[{\"@type\":\"ListItem\",\"position\":1,\"name\":\"Portada\",\"item\":\"https:\/\/fundacion-biodiversidad.es\/en\/inicio\/\"},{\"@type\":\"ListItem\",\"position\":2,\"name\":\"Noticias de actualidad\",\"item\":\"https:\/\/fundacion-biodiversidad.es\/en\/actualidad_home\/\"},{\"@type\":\"ListItem\",\"position\":3,\"name\":\"The Ministries of Environment and Foreign Affairs promote the &#8220;Alliance for Water&#8221;\"}]},{\"@type\":\"WebSite\",\"@id\":\"https:\/\/fundacion-biodiversidad.es\/en\/#website\",\"url\":\"https:\/\/fundacion-biodiversidad.es\/en\/\",\"name\":\"Fundaci\u00f3n Biodiversidad\",\"description\":\"Fundaci\u00f3n p\u00fablica adscrita al Ministerio para la Transici\u00f3n Ecol\u00f3gica\",\"potentialAction\":[{\"@type\":\"SearchAction\",\"target\":{\"@type\":\"EntryPoint\",\"urlTemplate\":\"https:\/\/fundacion-biodiversidad.es\/en\/?s={search_term_string}\"},\"query-input\":{\"@type\":\"PropertyValueSpecification\",\"valueRequired\":true,\"valueName\":\"search_term_string\"}}],\"inLanguage\":\"en-US\"}]}<\/script>\n<!-- \/ Yoast SEO plugin. -->","yoast_head_json":{"title":"The Ministries of Environment and Foreign Affairs promote the \"Alliance for Water\" - Fundaci\u00f3n Biodiversidad","robots":{"index":"index","follow":"follow","max-snippet":"max-snippet:-1","max-image-preview":"max-image-preview:large","max-video-preview":"max-video-preview:-1"},"canonical":"https:\/\/fundacion-biodiversidad.es\/en\/actualidad_home\/the-ministries-of-environment-and-foreign-affairs-promote-the-alliance-for-water\/","og_locale":"en_US","og_type":"article","og_title":"The Ministries of Environment and Foreign Affairs promote the \"Alliance for Water\" - Fundaci\u00f3n Biodiversidad","og_description":"The Secretary General for Territory and Biodiversity of the Ministry of the Environment, Antonio Serrano, and the Secretary of State for International Cooperation, Leire Paj\u00edn, [&hellip;]","og_url":"https:\/\/fundacion-biodiversidad.es\/en\/actualidad_home\/the-ministries-of-environment-and-foreign-affairs-promote-the-alliance-for-water\/","og_site_name":"Fundaci\u00f3n Biodiversidad","og_image":[{"width":720,"height":405,"url":"https:\/\/fundacion-biodiversidad.es\/wp-content\/uploads\/2023\/01\/2487661294_35330241_720x405.png","type":"image\/png"}],"twitter_card":"summary_large_image","twitter_misc":{"Est. reading time":"1 minute"},"schema":{"@context":"https:\/\/schema.org","@graph":[{"@type":"WebPage","@id":"https:\/\/fundacion-biodiversidad.es\/en\/actualidad_home\/the-ministries-of-environment-and-foreign-affairs-promote-the-alliance-for-water\/","url":"https:\/\/fundacion-biodiversidad.es\/en\/actualidad_home\/the-ministries-of-environment-and-foreign-affairs-promote-the-alliance-for-water\/","name":"The Ministries of Environment and Foreign Affairs promote the \"Alliance for Water\" - Fundaci\u00f3n Biodiversidad","isPartOf":{"@id":"https:\/\/fundacion-biodiversidad.es\/en\/#website"},"datePublished":"2014-03-24T15:22:53+00:00","breadcrumb":{"@id":"https:\/\/fundacion-biodiversidad.es\/en\/actualidad_home\/the-ministries-of-environment-and-foreign-affairs-promote-the-alliance-for-water\/#breadcrumb"},"inLanguage":"en-US","potentialAction":[{"@type":"ReadAction","target":["https:\/\/fundacion-biodiversidad.es\/en\/actualidad_home\/the-ministries-of-environment-and-foreign-affairs-promote-the-alliance-for-water\/"]}]},{"@type":"BreadcrumbList","@id":"https:\/\/fundacion-biodiversidad.es\/en\/actualidad_home\/the-ministries-of-environment-and-foreign-affairs-promote-the-alliance-for-water\/#breadcrumb","itemListElement":[{"@type":"ListItem","position":1,"name":"Portada","item":"https:\/\/fundacion-biodiversidad.es\/en\/inicio\/"},{"@type":"ListItem","position":2,"name":"Noticias de actualidad","item":"https:\/\/fundacion-biodiversidad.es\/en\/actualidad_home\/"},{"@type":"ListItem","position":3,"name":"The Ministries of Environment and Foreign Affairs promote the &#8220;Alliance for Water&#8221;"}]},{"@type":"WebSite","@id":"https:\/\/fundacion-biodiversidad.es\/en\/#website","url":"https:\/\/fundacion-biodiversidad.es\/en\/","name":"Fundaci\u00f3n Biodiversidad","description":"Fundaci\u00f3n p\u00fablica adscrita al Ministerio para la Transici\u00f3n Ecol\u00f3gica","potentialAction":[{"@type":"SearchAction","target":{"@type":"EntryPoint","urlTemplate":"https:\/\/fundacion-biodiversidad.es\/en\/?s={search_term_string}"},"query-input":{"@type":"PropertyValueSpecification","valueRequired":true,"valueName":"search_term_string"}}],"inLanguage":"en-US"}]}},"_links":{"self":[{"href":"https:\/\/fundacion-biodiversidad.es\/en\/wp-json\/wp\/v2\/actualidad_home\/97857488","targetHints":{"allow":["GET"]}}],"collection":[{"href":"https:\/\/fundacion-biodiversidad.es\/en\/wp-json\/wp\/v2\/actualidad_home"}],"about":[{"href":"https:\/\/fundacion-biodiversidad.es\/en\/wp-json\/wp\/v2\/types\/actualidad_home"}],"author":[{"embeddable":true,"href":"https:\/\/fundacion-biodiversidad.es\/en\/wp-json\/wp\/v2\/users\/11"}],"wp:attachment":[{"href":"https:\/\/fundacion-biodiversidad.es\/en\/wp-json\/wp\/v2\/media?parent=97857488"}],"wp:term":[{"taxonomy":"palabras_clave","embeddable":true,"href":"https:\/\/fundacion-biodiversidad.es\/en\/wp-json\/wp\/v2\/palabras_clave?post=97857488"}],"curies":[{"name":"wp","href":"https:\/\/api.w.org\/{rel}","templated":true}]}}