{"id":97857490,"date":"2014-03-24T16:22:53","date_gmt":"2014-03-24T15:22:53","guid":{"rendered":"https:\/\/fundacion-biodiversidad.es\/actualidad_home\/cristina-narbona-inaugurates-the-first-congress-of-spanish-biosphere-reserves\/"},"modified":"2014-03-24T16:22:53","modified_gmt":"2014-03-24T15:22:53","slug":"cristina-narbona-inaugurates-the-first-congress-of-spanish-biosphere-reserves","status":"publish","type":"actualidad_home","link":"https:\/\/fundacion-biodiversidad.es\/en\/actualidad_home\/cristina-narbona-inaugurates-the-first-congress-of-spanish-biosphere-reserves\/","title":{"rendered":"Cristina Narbona inaugurates the First Congress of Spanish Biosphere Reserves"},"content":{"rendered":"<p>The Minister of the Environment, Cristina Narbona, today inaugurated the Congress of Spanish Biosphere Reserves, which will be held in Lanzarote until the 18th. The event is organized by the Ministry of the Environment and the Cabildo de Lanzarote, in collaboration with the Canary Islands Government.   <\/p>\n<p><!--more--><\/p>\n<p>UNESCO&#8217;s Man and Biosphere Programme \u2013 known as MaB for short (Man and Biosphere) \u2013 has been, since its inception in the early 1970s, an advanced instrument for formulating criteria and exemplifying a new model of relationship between man and nature. As a result of their work, an International Network of Protected Areas emerged, which, to date, covers more than 478 reserves in 102 countries.   <\/p>\n<p>  Spain, with 33 biosphere reserves, is the third country in the world in areas attached to the Programme, only behind the United States and the Russian Federation. In total, 14 autonomous communities (Extremadura, Cantabria, Castilla y Le\u00f3n, Andalusia, Catalonia, Castilla-La Mancha, Canary Islands, Euskadi, Madrid, Balearic Islands, Asturias, Navarre, Galicia and La Rioja) have territory declared a biosphere reserve. The Congress of Lanzarote will establish the new lines of action in these reserves, strengthening coordination and cooperation between Administrations.    <br \/>\n&nbsp;<\/p>\n","protected":false},"author":11,"featured_media":0,"template":"","meta":{"_acf_changed":false},"palabras_clave":[],"class_list":["post-97857490","actualidad_home","type-actualidad_home","status-publish","hentry"],"acf":[],"yoast_head":"<!-- This site is optimized with the Yoast SEO plugin v26.9 - https:\/\/yoast.com\/product\/yoast-seo-wordpress\/ -->\n<title>Cristina Narbona inaugurates the First Congress of Spanish Biosphere Reserves - Fundaci\u00f3n Biodiversidad<\/title>\n<meta name=\"robots\" content=\"index, follow, max-snippet:-1, max-image-preview:large, max-video-preview:-1\" \/>\n<link rel=\"canonical\" href=\"https:\/\/fundacion-biodiversidad.es\/en\/actualidad_home\/cristina-narbona-inaugurates-the-first-congress-of-spanish-biosphere-reserves\/\" \/>\n<meta property=\"og:locale\" content=\"en_US\" \/>\n<meta property=\"og:type\" content=\"article\" \/>\n<meta property=\"og:title\" content=\"Cristina Narbona inaugurates the First Congress of Spanish Biosphere Reserves - Fundaci\u00f3n Biodiversidad\" \/>\n<meta property=\"og:description\" content=\"The Minister of the Environment, Cristina Narbona, today inaugurated the Congress of Spanish Biosphere Reserves, which will be held in Lanzarote until the 18th. The [&hellip;]\" \/>\n<meta property=\"og:url\" content=\"https:\/\/fundacion-biodiversidad.es\/en\/actualidad_home\/cristina-narbona-inaugurates-the-first-congress-of-spanish-biosphere-reserves\/\" \/>\n<meta property=\"og:site_name\" content=\"Fundaci\u00f3n Biodiversidad\" \/>\n<meta property=\"og:image\" content=\"https:\/\/fundacion-biodiversidad.es\/wp-content\/uploads\/2023\/01\/2487661294_35330241_720x405.png\" \/>\n\t<meta property=\"og:image:width\" content=\"720\" \/>\n\t<meta property=\"og:image:height\" content=\"405\" \/>\n\t<meta property=\"og:image:type\" content=\"image\/png\" \/>\n<meta name=\"twitter:card\" content=\"summary_large_image\" \/>\n<meta name=\"twitter:label1\" content=\"Est. reading time\" \/>\n\t<meta name=\"twitter:data1\" content=\"1 minute\" \/>\n<script type=\"application\/ld+json\" class=\"yoast-schema-graph\">{\"@context\":\"https:\/\/schema.org\",\"@graph\":[{\"@type\":\"WebPage\",\"@id\":\"https:\/\/fundacion-biodiversidad.es\/en\/actualidad_home\/cristina-narbona-inaugurates-the-first-congress-of-spanish-biosphere-reserves\/\",\"url\":\"https:\/\/fundacion-biodiversidad.es\/en\/actualidad_home\/cristina-narbona-inaugurates-the-first-congress-of-spanish-biosphere-reserves\/\",\"name\":\"Cristina Narbona inaugurates the First Congress of Spanish Biosphere Reserves - Fundaci\u00f3n Biodiversidad\",\"isPartOf\":{\"@id\":\"https:\/\/fundacion-biodiversidad.es\/en\/#website\"},\"datePublished\":\"2014-03-24T15:22:53+00:00\",\"breadcrumb\":{\"@id\":\"https:\/\/fundacion-biodiversidad.es\/en\/actualidad_home\/cristina-narbona-inaugurates-the-first-congress-of-spanish-biosphere-reserves\/#breadcrumb\"},\"inLanguage\":\"en-US\",\"potentialAction\":[{\"@type\":\"ReadAction\",\"target\":[\"https:\/\/fundacion-biodiversidad.es\/en\/actualidad_home\/cristina-narbona-inaugurates-the-first-congress-of-spanish-biosphere-reserves\/\"]}]},{\"@type\":\"BreadcrumbList\",\"@id\":\"https:\/\/fundacion-biodiversidad.es\/en\/actualidad_home\/cristina-narbona-inaugurates-the-first-congress-of-spanish-biosphere-reserves\/#breadcrumb\",\"itemListElement\":[{\"@type\":\"ListItem\",\"position\":1,\"name\":\"Portada\",\"item\":\"https:\/\/fundacion-biodiversidad.es\/en\/inicio\/\"},{\"@type\":\"ListItem\",\"position\":2,\"name\":\"Noticias de actualidad\",\"item\":\"https:\/\/fundacion-biodiversidad.es\/en\/actualidad_home\/\"},{\"@type\":\"ListItem\",\"position\":3,\"name\":\"Cristina Narbona inaugurates the First Congress of Spanish Biosphere Reserves\"}]},{\"@type\":\"WebSite\",\"@id\":\"https:\/\/fundacion-biodiversidad.es\/en\/#website\",\"url\":\"https:\/\/fundacion-biodiversidad.es\/en\/\",\"name\":\"Fundaci\u00f3n Biodiversidad\",\"description\":\"Fundaci\u00f3n p\u00fablica adscrita al Ministerio para la Transici\u00f3n Ecol\u00f3gica\",\"potentialAction\":[{\"@type\":\"SearchAction\",\"target\":{\"@type\":\"EntryPoint\",\"urlTemplate\":\"https:\/\/fundacion-biodiversidad.es\/en\/?s={search_term_string}\"},\"query-input\":{\"@type\":\"PropertyValueSpecification\",\"valueRequired\":true,\"valueName\":\"search_term_string\"}}],\"inLanguage\":\"en-US\"}]}<\/script>\n<!-- \/ Yoast SEO plugin. -->","yoast_head_json":{"title":"Cristina Narbona inaugurates the First Congress of Spanish Biosphere Reserves - Fundaci\u00f3n Biodiversidad","robots":{"index":"index","follow":"follow","max-snippet":"max-snippet:-1","max-image-preview":"max-image-preview:large","max-video-preview":"max-video-preview:-1"},"canonical":"https:\/\/fundacion-biodiversidad.es\/en\/actualidad_home\/cristina-narbona-inaugurates-the-first-congress-of-spanish-biosphere-reserves\/","og_locale":"en_US","og_type":"article","og_title":"Cristina Narbona inaugurates the First Congress of Spanish Biosphere Reserves - Fundaci\u00f3n Biodiversidad","og_description":"The Minister of the Environment, Cristina Narbona, today inaugurated the Congress of Spanish Biosphere Reserves, which will be held in Lanzarote until the 18th. The [&hellip;]","og_url":"https:\/\/fundacion-biodiversidad.es\/en\/actualidad_home\/cristina-narbona-inaugurates-the-first-congress-of-spanish-biosphere-reserves\/","og_site_name":"Fundaci\u00f3n Biodiversidad","og_image":[{"width":720,"height":405,"url":"https:\/\/fundacion-biodiversidad.es\/wp-content\/uploads\/2023\/01\/2487661294_35330241_720x405.png","type":"image\/png"}],"twitter_card":"summary_large_image","twitter_misc":{"Est. reading time":"1 minute"},"schema":{"@context":"https:\/\/schema.org","@graph":[{"@type":"WebPage","@id":"https:\/\/fundacion-biodiversidad.es\/en\/actualidad_home\/cristina-narbona-inaugurates-the-first-congress-of-spanish-biosphere-reserves\/","url":"https:\/\/fundacion-biodiversidad.es\/en\/actualidad_home\/cristina-narbona-inaugurates-the-first-congress-of-spanish-biosphere-reserves\/","name":"Cristina Narbona inaugurates the First Congress of Spanish Biosphere Reserves - Fundaci\u00f3n Biodiversidad","isPartOf":{"@id":"https:\/\/fundacion-biodiversidad.es\/en\/#website"},"datePublished":"2014-03-24T15:22:53+00:00","breadcrumb":{"@id":"https:\/\/fundacion-biodiversidad.es\/en\/actualidad_home\/cristina-narbona-inaugurates-the-first-congress-of-spanish-biosphere-reserves\/#breadcrumb"},"inLanguage":"en-US","potentialAction":[{"@type":"ReadAction","target":["https:\/\/fundacion-biodiversidad.es\/en\/actualidad_home\/cristina-narbona-inaugurates-the-first-congress-of-spanish-biosphere-reserves\/"]}]},{"@type":"BreadcrumbList","@id":"https:\/\/fundacion-biodiversidad.es\/en\/actualidad_home\/cristina-narbona-inaugurates-the-first-congress-of-spanish-biosphere-reserves\/#breadcrumb","itemListElement":[{"@type":"ListItem","position":1,"name":"Portada","item":"https:\/\/fundacion-biodiversidad.es\/en\/inicio\/"},{"@type":"ListItem","position":2,"name":"Noticias de actualidad","item":"https:\/\/fundacion-biodiversidad.es\/en\/actualidad_home\/"},{"@type":"ListItem","position":3,"name":"Cristina Narbona inaugurates the First Congress of Spanish Biosphere Reserves"}]},{"@type":"WebSite","@id":"https:\/\/fundacion-biodiversidad.es\/en\/#website","url":"https:\/\/fundacion-biodiversidad.es\/en\/","name":"Fundaci\u00f3n Biodiversidad","description":"Fundaci\u00f3n p\u00fablica adscrita al Ministerio para la Transici\u00f3n Ecol\u00f3gica","potentialAction":[{"@type":"SearchAction","target":{"@type":"EntryPoint","urlTemplate":"https:\/\/fundacion-biodiversidad.es\/en\/?s={search_term_string}"},"query-input":{"@type":"PropertyValueSpecification","valueRequired":true,"valueName":"search_term_string"}}],"inLanguage":"en-US"}]}},"_links":{"self":[{"href":"https:\/\/fundacion-biodiversidad.es\/en\/wp-json\/wp\/v2\/actualidad_home\/97857490","targetHints":{"allow":["GET"]}}],"collection":[{"href":"https:\/\/fundacion-biodiversidad.es\/en\/wp-json\/wp\/v2\/actualidad_home"}],"about":[{"href":"https:\/\/fundacion-biodiversidad.es\/en\/wp-json\/wp\/v2\/types\/actualidad_home"}],"author":[{"embeddable":true,"href":"https:\/\/fundacion-biodiversidad.es\/en\/wp-json\/wp\/v2\/users\/11"}],"wp:attachment":[{"href":"https:\/\/fundacion-biodiversidad.es\/en\/wp-json\/wp\/v2\/media?parent=97857490"}],"wp:term":[{"taxonomy":"palabras_clave","embeddable":true,"href":"https:\/\/fundacion-biodiversidad.es\/en\/wp-json\/wp\/v2\/palabras_clave?post=97857490"}],"curies":[{"name":"wp","href":"https:\/\/api.w.org\/{rel}","templated":true}]}}