{"id":97857497,"date":"2014-03-24T16:22:53","date_gmt":"2014-03-24T15:22:53","guid":{"rendered":"https:\/\/fundacion-biodiversidad.es\/actualidad_home\/antonio-serrano-presents-the-biodiversity-foundation-reporting-awards\/"},"modified":"2014-03-24T16:22:53","modified_gmt":"2014-03-24T15:22:53","slug":"antonio-serrano-presents-the-biodiversity-foundation-reporting-awards","status":"publish","type":"actualidad_home","link":"https:\/\/fundacion-biodiversidad.es\/en\/actualidad_home\/antonio-serrano-presents-the-biodiversity-foundation-reporting-awards\/","title":{"rendered":"Antonio Serrano presents the Biodiversity Foundation Reporting Awards"},"content":{"rendered":"<p>The Secretary General for Territory and Biodiversity and President of the Board of Trustees of the Biodiversity Foundation, Antonio Serrano, today presented the awards of the &#8220;II Prize for Reporting on Biodiversity in Spain 2006&#8221; organized by the Biodiversity Foundation. During this event, which was held within the framework of the National Congress on the Environment, CONAMA 8, Antonio Serrano was accompanied by the director of the Biodiversity Foundation, Mar\u00eda Artola, and the executive director of the Biodiversity Reporting Award in Latin America, Haroldo Castro.   <\/p>\n<p><!--more--><\/p>\n<p>The &#8220;Prize for Reporting on Biodiversity in Spain 2006&#8221; recognises the best works on biodiversity conservation, published in the Spanish press, radio, television and online media from January to October 2006. The winning report in each of these four categories has been awarded 3,000 euros.   <\/p>\n<p>  The &#8220;Prize for Reporting on Biodiversity in Spain 2006&#8221; in the category of written press has corresponded to the report &#8220;The desert that migrates&#8221;, published by Antonio Barrero in the supplement A Tu Salud Verde, of the newspaper La Raz\u00f3n. In the radio category, the winning work has been &#8220;Electric lines: danger for birds&#8221;, made by Javier Gregori and broadcast on the environmental news &#8220;La hora del siglo XXI&#8221; of the SER chain. As for the television modality, the award-winning report has been &#8220;Cave fauna&#8221;, prepared by Abel Campos and broadcast on the Medi Ambient program of Televisi\u00f3 Valenciana. In the online media category, the work &#8220;La Amazonia&#8221;, published by Martha Goyeneche on the ecoestrategia.com portal, has been awarded.    <\/p>\n<p>  A total of 50 journalists have presented their reports in this second edition of the Biodiversity Reporting Award in Spain, with most of the works presented being of high quality, which has made the work of the jury difficult.  <\/p>\n<p>  As in the first edition held last year, the jury was made up of renowned personalities from the world of communication, science and the environment, and they mainly valued those reports that highlighted their relationship with sustainable development, the mobilisation of citizens in the defence of natural resources and those that were based on the strategic lines of the Biodiversity Foundation.  <\/p>\n<p>  Likewise, during this event, the &#8220;Biodiversity Reporting Awards 2006&#8221; were presented in the different Latin American countries where this journalistic contest is held, and organized by the Biodiversity Foundation and the environmental organization Conservation International. Thus, the winners of Bolivia, Brazil, Colombia, Ecuador, Mexico, Peru and Venezuela \u2013 a contest that is organized only for the press \u2013 as well as the winner of the edition of the Reporting Award in the Brazilian television category, have received their awards.   <\/p>\n<p>  In addition, during this ceremony, the first and second &#8220;Andean Biodiversity Reporting Awards&#8221; promoted by the Biodiversity Foundation and Conservation International were presented. The winner of the first Andean prize was the Ecuadorian journalist Marjorie Jacqueline Ortiz for her report &#8220;Export of fins with permission from the country&#8221;, published in the newspaper El Universo. The second Andean prize went to the report &#8220;Yo, el sin\u00fa: humillado y offendido&#8221; by the journalist Rafael Cervantes, and published in the newspaper Tierra Caliente, in Colombia.    <\/p>\n<p>  The winners of the Andean Award are chosen from among the journalists who have won the &#8220;Biodiversity Reporting Award&#8221; in the Spanish-speaking countries that compete in this journalistic contest \u2013 Bolivia, Colombia, Ecuador, Mexico, Peru and Venezuela \u2013 and have been decided today.  <\/p>\n<p>&nbsp;<\/p>\n","protected":false},"author":11,"featured_media":0,"template":"","meta":{"_acf_changed":false},"palabras_clave":[],"class_list":["post-97857497","actualidad_home","type-actualidad_home","status-publish","hentry"],"acf":[],"yoast_head":"<!-- This site is optimized with the Yoast SEO plugin v26.9 - https:\/\/yoast.com\/product\/yoast-seo-wordpress\/ -->\n<title>Antonio Serrano presents the Biodiversity Foundation Reporting Awards - Fundaci\u00f3n Biodiversidad<\/title>\n<meta name=\"robots\" content=\"index, follow, max-snippet:-1, max-image-preview:large, max-video-preview:-1\" \/>\n<link rel=\"canonical\" href=\"https:\/\/fundacion-biodiversidad.es\/en\/actualidad_home\/antonio-serrano-presents-the-biodiversity-foundation-reporting-awards\/\" \/>\n<meta property=\"og:locale\" content=\"en_US\" \/>\n<meta property=\"og:type\" content=\"article\" \/>\n<meta property=\"og:title\" content=\"Antonio Serrano presents the Biodiversity Foundation Reporting Awards - Fundaci\u00f3n Biodiversidad\" \/>\n<meta property=\"og:description\" content=\"The Secretary General for Territory and Biodiversity and President of the Board of Trustees of the Biodiversity Foundation, Antonio Serrano, today presented the awards of [&hellip;]\" \/>\n<meta property=\"og:url\" content=\"https:\/\/fundacion-biodiversidad.es\/en\/actualidad_home\/antonio-serrano-presents-the-biodiversity-foundation-reporting-awards\/\" \/>\n<meta property=\"og:site_name\" content=\"Fundaci\u00f3n Biodiversidad\" \/>\n<meta property=\"og:image\" content=\"https:\/\/fundacion-biodiversidad.es\/wp-content\/uploads\/2023\/01\/2487661294_35330241_720x405.png\" \/>\n\t<meta property=\"og:image:width\" content=\"720\" \/>\n\t<meta property=\"og:image:height\" content=\"405\" \/>\n\t<meta property=\"og:image:type\" content=\"image\/png\" \/>\n<meta name=\"twitter:card\" content=\"summary_large_image\" \/>\n<meta name=\"twitter:label1\" content=\"Est. reading time\" \/>\n\t<meta name=\"twitter:data1\" content=\"3 minutes\" \/>\n<script type=\"application\/ld+json\" class=\"yoast-schema-graph\">{\"@context\":\"https:\/\/schema.org\",\"@graph\":[{\"@type\":\"WebPage\",\"@id\":\"https:\/\/fundacion-biodiversidad.es\/en\/actualidad_home\/antonio-serrano-presents-the-biodiversity-foundation-reporting-awards\/\",\"url\":\"https:\/\/fundacion-biodiversidad.es\/en\/actualidad_home\/antonio-serrano-presents-the-biodiversity-foundation-reporting-awards\/\",\"name\":\"Antonio Serrano presents the Biodiversity Foundation Reporting Awards - Fundaci\u00f3n Biodiversidad\",\"isPartOf\":{\"@id\":\"https:\/\/fundacion-biodiversidad.es\/en\/#website\"},\"datePublished\":\"2014-03-24T15:22:53+00:00\",\"breadcrumb\":{\"@id\":\"https:\/\/fundacion-biodiversidad.es\/en\/actualidad_home\/antonio-serrano-presents-the-biodiversity-foundation-reporting-awards\/#breadcrumb\"},\"inLanguage\":\"en-US\",\"potentialAction\":[{\"@type\":\"ReadAction\",\"target\":[\"https:\/\/fundacion-biodiversidad.es\/en\/actualidad_home\/antonio-serrano-presents-the-biodiversity-foundation-reporting-awards\/\"]}]},{\"@type\":\"BreadcrumbList\",\"@id\":\"https:\/\/fundacion-biodiversidad.es\/en\/actualidad_home\/antonio-serrano-presents-the-biodiversity-foundation-reporting-awards\/#breadcrumb\",\"itemListElement\":[{\"@type\":\"ListItem\",\"position\":1,\"name\":\"Portada\",\"item\":\"https:\/\/fundacion-biodiversidad.es\/en\/inicio\/\"},{\"@type\":\"ListItem\",\"position\":2,\"name\":\"Noticias de actualidad\",\"item\":\"https:\/\/fundacion-biodiversidad.es\/en\/actualidad_home\/\"},{\"@type\":\"ListItem\",\"position\":3,\"name\":\"Antonio Serrano presents the Biodiversity Foundation Reporting Awards\"}]},{\"@type\":\"WebSite\",\"@id\":\"https:\/\/fundacion-biodiversidad.es\/en\/#website\",\"url\":\"https:\/\/fundacion-biodiversidad.es\/en\/\",\"name\":\"Fundaci\u00f3n Biodiversidad\",\"description\":\"Fundaci\u00f3n p\u00fablica adscrita al Ministerio para la Transici\u00f3n Ecol\u00f3gica\",\"potentialAction\":[{\"@type\":\"SearchAction\",\"target\":{\"@type\":\"EntryPoint\",\"urlTemplate\":\"https:\/\/fundacion-biodiversidad.es\/en\/?s={search_term_string}\"},\"query-input\":{\"@type\":\"PropertyValueSpecification\",\"valueRequired\":true,\"valueName\":\"search_term_string\"}}],\"inLanguage\":\"en-US\"}]}<\/script>\n<!-- \/ Yoast SEO plugin. -->","yoast_head_json":{"title":"Antonio Serrano presents the Biodiversity Foundation Reporting Awards - Fundaci\u00f3n Biodiversidad","robots":{"index":"index","follow":"follow","max-snippet":"max-snippet:-1","max-image-preview":"max-image-preview:large","max-video-preview":"max-video-preview:-1"},"canonical":"https:\/\/fundacion-biodiversidad.es\/en\/actualidad_home\/antonio-serrano-presents-the-biodiversity-foundation-reporting-awards\/","og_locale":"en_US","og_type":"article","og_title":"Antonio Serrano presents the Biodiversity Foundation Reporting Awards - Fundaci\u00f3n Biodiversidad","og_description":"The Secretary General for Territory and Biodiversity and President of the Board of Trustees of the Biodiversity Foundation, Antonio Serrano, today presented the awards of [&hellip;]","og_url":"https:\/\/fundacion-biodiversidad.es\/en\/actualidad_home\/antonio-serrano-presents-the-biodiversity-foundation-reporting-awards\/","og_site_name":"Fundaci\u00f3n Biodiversidad","og_image":[{"width":720,"height":405,"url":"https:\/\/fundacion-biodiversidad.es\/wp-content\/uploads\/2023\/01\/2487661294_35330241_720x405.png","type":"image\/png"}],"twitter_card":"summary_large_image","twitter_misc":{"Est. reading time":"3 minutes"},"schema":{"@context":"https:\/\/schema.org","@graph":[{"@type":"WebPage","@id":"https:\/\/fundacion-biodiversidad.es\/en\/actualidad_home\/antonio-serrano-presents-the-biodiversity-foundation-reporting-awards\/","url":"https:\/\/fundacion-biodiversidad.es\/en\/actualidad_home\/antonio-serrano-presents-the-biodiversity-foundation-reporting-awards\/","name":"Antonio Serrano presents the Biodiversity Foundation Reporting Awards - Fundaci\u00f3n Biodiversidad","isPartOf":{"@id":"https:\/\/fundacion-biodiversidad.es\/en\/#website"},"datePublished":"2014-03-24T15:22:53+00:00","breadcrumb":{"@id":"https:\/\/fundacion-biodiversidad.es\/en\/actualidad_home\/antonio-serrano-presents-the-biodiversity-foundation-reporting-awards\/#breadcrumb"},"inLanguage":"en-US","potentialAction":[{"@type":"ReadAction","target":["https:\/\/fundacion-biodiversidad.es\/en\/actualidad_home\/antonio-serrano-presents-the-biodiversity-foundation-reporting-awards\/"]}]},{"@type":"BreadcrumbList","@id":"https:\/\/fundacion-biodiversidad.es\/en\/actualidad_home\/antonio-serrano-presents-the-biodiversity-foundation-reporting-awards\/#breadcrumb","itemListElement":[{"@type":"ListItem","position":1,"name":"Portada","item":"https:\/\/fundacion-biodiversidad.es\/en\/inicio\/"},{"@type":"ListItem","position":2,"name":"Noticias de actualidad","item":"https:\/\/fundacion-biodiversidad.es\/en\/actualidad_home\/"},{"@type":"ListItem","position":3,"name":"Antonio Serrano presents the Biodiversity Foundation Reporting Awards"}]},{"@type":"WebSite","@id":"https:\/\/fundacion-biodiversidad.es\/en\/#website","url":"https:\/\/fundacion-biodiversidad.es\/en\/","name":"Fundaci\u00f3n Biodiversidad","description":"Fundaci\u00f3n p\u00fablica adscrita al Ministerio para la Transici\u00f3n Ecol\u00f3gica","potentialAction":[{"@type":"SearchAction","target":{"@type":"EntryPoint","urlTemplate":"https:\/\/fundacion-biodiversidad.es\/en\/?s={search_term_string}"},"query-input":{"@type":"PropertyValueSpecification","valueRequired":true,"valueName":"search_term_string"}}],"inLanguage":"en-US"}]}},"_links":{"self":[{"href":"https:\/\/fundacion-biodiversidad.es\/en\/wp-json\/wp\/v2\/actualidad_home\/97857497","targetHints":{"allow":["GET"]}}],"collection":[{"href":"https:\/\/fundacion-biodiversidad.es\/en\/wp-json\/wp\/v2\/actualidad_home"}],"about":[{"href":"https:\/\/fundacion-biodiversidad.es\/en\/wp-json\/wp\/v2\/types\/actualidad_home"}],"author":[{"embeddable":true,"href":"https:\/\/fundacion-biodiversidad.es\/en\/wp-json\/wp\/v2\/users\/11"}],"wp:attachment":[{"href":"https:\/\/fundacion-biodiversidad.es\/en\/wp-json\/wp\/v2\/media?parent=97857497"}],"wp:term":[{"taxonomy":"palabras_clave","embeddable":true,"href":"https:\/\/fundacion-biodiversidad.es\/en\/wp-json\/wp\/v2\/palabras_clave?post=97857497"}],"curies":[{"name":"wp","href":"https:\/\/api.w.org\/{rel}","templated":true}]}}