{"id":97857500,"date":"2014-03-24T16:22:53","date_gmt":"2014-03-24T15:22:53","guid":{"rendered":"https:\/\/fundacion-biodiversidad.es\/actualidad_home\/the-ministry-of-the-environment-celebrates-the-thirtieth-anniversary-of-the-barcelona-convention\/"},"modified":"2014-03-24T16:22:53","modified_gmt":"2014-03-24T15:22:53","slug":"the-ministry-of-the-environment-celebrates-the-thirtieth-anniversary-of-the-barcelona-convention","status":"publish","type":"actualidad_home","link":"https:\/\/fundacion-biodiversidad.es\/en\/actualidad_home\/the-ministry-of-the-environment-celebrates-the-thirtieth-anniversary-of-the-barcelona-convention\/","title":{"rendered":"The Ministry of the Environment celebrates the thirtieth anniversary of the Barcelona Convention"},"content":{"rendered":"<p>Barcelona has hosted the commemorative event of the thirtieth anniversary of the signing of the Barcelona Convention for the Protection of the Mediterranean Sea against Pollution, organised by the Ministry of the Environment. In 1995, the convention was amended and amended to the Convention for the Protection of the Marine Environment and the Coastal Area of the Mediterranean, including the coastal zone and incorporating the principles of sustainable development.   <\/p>\n<p><!--more--><\/p>\n<p>Over the course of these thirty years, the convention and its current protocols, of which Spain is the depositary country, have become a useful tool for environmental protection through the implementation of action plans, strategies and recommendations adopted by the contracting parties (21 coastal countries and the European Union). It also plays a fundamental role as a permanent meeting place between countries of very different conditions and levels of development.   <\/p>\n<p>  The commemoration of the 30th anniversary of the Barcelona Convention by the Ministry of the Environment is taking place in Barcelona coinciding with the celebration of the Conference on Places of Refuge organized by the Regional Marine Pollution Emergency Response Centre for de Mediterranean Sea,  REMPEC) and the Directorate-General of the Merchant Navy, which is attended by representatives of the maritime administrations of the countries bordering the Mediterranean Sea.  <\/p>\n<p>\n&nbsp;<\/p>\n","protected":false},"author":11,"featured_media":0,"template":"","meta":{"_acf_changed":false},"palabras_clave":[],"class_list":["post-97857500","actualidad_home","type-actualidad_home","status-publish","hentry"],"acf":[],"yoast_head":"<!-- This site is optimized with the Yoast SEO plugin v26.9 - https:\/\/yoast.com\/product\/yoast-seo-wordpress\/ -->\n<title>The Ministry of the Environment celebrates the thirtieth anniversary of the Barcelona Convention - Fundaci\u00f3n Biodiversidad<\/title>\n<meta name=\"robots\" content=\"index, follow, max-snippet:-1, max-image-preview:large, max-video-preview:-1\" \/>\n<link rel=\"canonical\" href=\"https:\/\/fundacion-biodiversidad.es\/en\/actualidad_home\/the-ministry-of-the-environment-celebrates-the-thirtieth-anniversary-of-the-barcelona-convention\/\" \/>\n<meta property=\"og:locale\" content=\"en_US\" \/>\n<meta property=\"og:type\" content=\"article\" \/>\n<meta property=\"og:title\" content=\"The Ministry of the Environment celebrates the thirtieth anniversary of the Barcelona Convention - Fundaci\u00f3n Biodiversidad\" \/>\n<meta property=\"og:description\" content=\"Barcelona has hosted the commemorative event of the thirtieth anniversary of the signing of the Barcelona Convention for the Protection of the Mediterranean Sea against [&hellip;]\" \/>\n<meta property=\"og:url\" content=\"https:\/\/fundacion-biodiversidad.es\/en\/actualidad_home\/the-ministry-of-the-environment-celebrates-the-thirtieth-anniversary-of-the-barcelona-convention\/\" \/>\n<meta property=\"og:site_name\" content=\"Fundaci\u00f3n Biodiversidad\" \/>\n<meta property=\"og:image\" content=\"https:\/\/fundacion-biodiversidad.es\/wp-content\/uploads\/2023\/01\/2487661294_35330241_720x405.png\" \/>\n\t<meta property=\"og:image:width\" content=\"720\" \/>\n\t<meta property=\"og:image:height\" content=\"405\" \/>\n\t<meta property=\"og:image:type\" content=\"image\/png\" \/>\n<meta name=\"twitter:card\" content=\"summary_large_image\" \/>\n<meta name=\"twitter:label1\" content=\"Est. reading time\" \/>\n\t<meta name=\"twitter:data1\" content=\"1 minute\" \/>\n<script type=\"application\/ld+json\" class=\"yoast-schema-graph\">{\"@context\":\"https:\/\/schema.org\",\"@graph\":[{\"@type\":\"WebPage\",\"@id\":\"https:\/\/fundacion-biodiversidad.es\/en\/actualidad_home\/the-ministry-of-the-environment-celebrates-the-thirtieth-anniversary-of-the-barcelona-convention\/\",\"url\":\"https:\/\/fundacion-biodiversidad.es\/en\/actualidad_home\/the-ministry-of-the-environment-celebrates-the-thirtieth-anniversary-of-the-barcelona-convention\/\",\"name\":\"The Ministry of the Environment celebrates the thirtieth anniversary of the Barcelona Convention - Fundaci\u00f3n Biodiversidad\",\"isPartOf\":{\"@id\":\"https:\/\/fundacion-biodiversidad.es\/en\/#website\"},\"datePublished\":\"2014-03-24T15:22:53+00:00\",\"breadcrumb\":{\"@id\":\"https:\/\/fundacion-biodiversidad.es\/en\/actualidad_home\/the-ministry-of-the-environment-celebrates-the-thirtieth-anniversary-of-the-barcelona-convention\/#breadcrumb\"},\"inLanguage\":\"en-US\",\"potentialAction\":[{\"@type\":\"ReadAction\",\"target\":[\"https:\/\/fundacion-biodiversidad.es\/en\/actualidad_home\/the-ministry-of-the-environment-celebrates-the-thirtieth-anniversary-of-the-barcelona-convention\/\"]}]},{\"@type\":\"BreadcrumbList\",\"@id\":\"https:\/\/fundacion-biodiversidad.es\/en\/actualidad_home\/the-ministry-of-the-environment-celebrates-the-thirtieth-anniversary-of-the-barcelona-convention\/#breadcrumb\",\"itemListElement\":[{\"@type\":\"ListItem\",\"position\":1,\"name\":\"Portada\",\"item\":\"https:\/\/fundacion-biodiversidad.es\/en\/inicio\/\"},{\"@type\":\"ListItem\",\"position\":2,\"name\":\"Noticias de actualidad\",\"item\":\"https:\/\/fundacion-biodiversidad.es\/en\/actualidad_home\/\"},{\"@type\":\"ListItem\",\"position\":3,\"name\":\"The Ministry of the Environment celebrates the thirtieth anniversary of the Barcelona Convention\"}]},{\"@type\":\"WebSite\",\"@id\":\"https:\/\/fundacion-biodiversidad.es\/en\/#website\",\"url\":\"https:\/\/fundacion-biodiversidad.es\/en\/\",\"name\":\"Fundaci\u00f3n Biodiversidad\",\"description\":\"Fundaci\u00f3n p\u00fablica adscrita al Ministerio para la Transici\u00f3n Ecol\u00f3gica\",\"potentialAction\":[{\"@type\":\"SearchAction\",\"target\":{\"@type\":\"EntryPoint\",\"urlTemplate\":\"https:\/\/fundacion-biodiversidad.es\/en\/?s={search_term_string}\"},\"query-input\":{\"@type\":\"PropertyValueSpecification\",\"valueRequired\":true,\"valueName\":\"search_term_string\"}}],\"inLanguage\":\"en-US\"}]}<\/script>\n<!-- \/ Yoast SEO plugin. -->","yoast_head_json":{"title":"The Ministry of the Environment celebrates the thirtieth anniversary of the Barcelona Convention - Fundaci\u00f3n Biodiversidad","robots":{"index":"index","follow":"follow","max-snippet":"max-snippet:-1","max-image-preview":"max-image-preview:large","max-video-preview":"max-video-preview:-1"},"canonical":"https:\/\/fundacion-biodiversidad.es\/en\/actualidad_home\/the-ministry-of-the-environment-celebrates-the-thirtieth-anniversary-of-the-barcelona-convention\/","og_locale":"en_US","og_type":"article","og_title":"The Ministry of the Environment celebrates the thirtieth anniversary of the Barcelona Convention - Fundaci\u00f3n Biodiversidad","og_description":"Barcelona has hosted the commemorative event of the thirtieth anniversary of the signing of the Barcelona Convention for the Protection of the Mediterranean Sea against [&hellip;]","og_url":"https:\/\/fundacion-biodiversidad.es\/en\/actualidad_home\/the-ministry-of-the-environment-celebrates-the-thirtieth-anniversary-of-the-barcelona-convention\/","og_site_name":"Fundaci\u00f3n Biodiversidad","og_image":[{"width":720,"height":405,"url":"https:\/\/fundacion-biodiversidad.es\/wp-content\/uploads\/2023\/01\/2487661294_35330241_720x405.png","type":"image\/png"}],"twitter_card":"summary_large_image","twitter_misc":{"Est. reading time":"1 minute"},"schema":{"@context":"https:\/\/schema.org","@graph":[{"@type":"WebPage","@id":"https:\/\/fundacion-biodiversidad.es\/en\/actualidad_home\/the-ministry-of-the-environment-celebrates-the-thirtieth-anniversary-of-the-barcelona-convention\/","url":"https:\/\/fundacion-biodiversidad.es\/en\/actualidad_home\/the-ministry-of-the-environment-celebrates-the-thirtieth-anniversary-of-the-barcelona-convention\/","name":"The Ministry of the Environment celebrates the thirtieth anniversary of the Barcelona Convention - Fundaci\u00f3n Biodiversidad","isPartOf":{"@id":"https:\/\/fundacion-biodiversidad.es\/en\/#website"},"datePublished":"2014-03-24T15:22:53+00:00","breadcrumb":{"@id":"https:\/\/fundacion-biodiversidad.es\/en\/actualidad_home\/the-ministry-of-the-environment-celebrates-the-thirtieth-anniversary-of-the-barcelona-convention\/#breadcrumb"},"inLanguage":"en-US","potentialAction":[{"@type":"ReadAction","target":["https:\/\/fundacion-biodiversidad.es\/en\/actualidad_home\/the-ministry-of-the-environment-celebrates-the-thirtieth-anniversary-of-the-barcelona-convention\/"]}]},{"@type":"BreadcrumbList","@id":"https:\/\/fundacion-biodiversidad.es\/en\/actualidad_home\/the-ministry-of-the-environment-celebrates-the-thirtieth-anniversary-of-the-barcelona-convention\/#breadcrumb","itemListElement":[{"@type":"ListItem","position":1,"name":"Portada","item":"https:\/\/fundacion-biodiversidad.es\/en\/inicio\/"},{"@type":"ListItem","position":2,"name":"Noticias de actualidad","item":"https:\/\/fundacion-biodiversidad.es\/en\/actualidad_home\/"},{"@type":"ListItem","position":3,"name":"The Ministry of the Environment celebrates the thirtieth anniversary of the Barcelona Convention"}]},{"@type":"WebSite","@id":"https:\/\/fundacion-biodiversidad.es\/en\/#website","url":"https:\/\/fundacion-biodiversidad.es\/en\/","name":"Fundaci\u00f3n Biodiversidad","description":"Fundaci\u00f3n p\u00fablica adscrita al Ministerio para la Transici\u00f3n Ecol\u00f3gica","potentialAction":[{"@type":"SearchAction","target":{"@type":"EntryPoint","urlTemplate":"https:\/\/fundacion-biodiversidad.es\/en\/?s={search_term_string}"},"query-input":{"@type":"PropertyValueSpecification","valueRequired":true,"valueName":"search_term_string"}}],"inLanguage":"en-US"}]}},"_links":{"self":[{"href":"https:\/\/fundacion-biodiversidad.es\/en\/wp-json\/wp\/v2\/actualidad_home\/97857500","targetHints":{"allow":["GET"]}}],"collection":[{"href":"https:\/\/fundacion-biodiversidad.es\/en\/wp-json\/wp\/v2\/actualidad_home"}],"about":[{"href":"https:\/\/fundacion-biodiversidad.es\/en\/wp-json\/wp\/v2\/types\/actualidad_home"}],"author":[{"embeddable":true,"href":"https:\/\/fundacion-biodiversidad.es\/en\/wp-json\/wp\/v2\/users\/11"}],"wp:attachment":[{"href":"https:\/\/fundacion-biodiversidad.es\/en\/wp-json\/wp\/v2\/media?parent=97857500"}],"wp:term":[{"taxonomy":"palabras_clave","embeddable":true,"href":"https:\/\/fundacion-biodiversidad.es\/en\/wp-json\/wp\/v2\/palabras_clave?post=97857500"}],"curies":[{"name":"wp","href":"https:\/\/api.w.org\/{rel}","templated":true}]}}