{"id":97857519,"date":"2014-03-24T16:22:50","date_gmt":"2014-03-24T15:22:50","guid":{"rendered":"https:\/\/fundacion-biodiversidad.es\/actualidad_home\/antonio-serrano-inaugurates-the-i-conference-on-research-in-the-network-of-national-parks\/"},"modified":"2014-03-24T16:22:50","modified_gmt":"2014-03-24T15:22:50","slug":"antonio-serrano-inaugurates-the-i-conference-on-research-in-the-network-of-national-parks","status":"publish","type":"actualidad_home","link":"https:\/\/fundacion-biodiversidad.es\/en\/actualidad_home\/antonio-serrano-inaugurates-the-i-conference-on-research-in-the-network-of-national-parks\/","title":{"rendered":"Antonio Serrano inaugurates the I Conference on Research in the Network of National Parks"},"content":{"rendered":"<p>The Secretary General for Territory and Biodiversity of the Ministry of the Environment, Antonio Serrano, inaugurated today in Madrid the First Conference on Research in the Network of National Parks. The objective of the conference, which will take place on March 13, 14 and 15, is to present the results of the research projects subsidized by the Autonomous Agency National Parks of the Ministry of the Environment.   <\/p>\n<p><!--more--><\/p>\n<p>During the conference, the results of three-year projects related to work that covers different areas of knowledge will be presented: from specific studies on species of flora and fauna, to issues related to activities for public use, including knowledge about the functioning of natural, marine and terrestrial systems. All of them are works carried out and endorsed by research teams with extensive and recognized professional careers, which guarantees the high quality of their results.   <\/p>\n<p>  The event held today has also contributed to promoting the consolidation of Biosphere Reserves and strengthening their sense of Network, with the delivery of the four diplomas to the new Spanish Biosphere Reserves, within the MaB, Person and Biosphere programme, of UNESCO. The Ancares Leoneses, Ancares Lucenses, Sierra de B\u00e9jar and Francia Reserves and the Mediterranean Intercontinental Reserve have received their accreditation today.   <\/p>\n<p>  Currently, the Spanish Network has 37 spaces included in the World Network of Biosphere Reserves, and is the third country in the world in areas attached to the Programme, only behind the United States and the Russian Federation. Currently, 14 autonomous communities have territory declared as a Biosphere Reserve. The draft Law on Natural Heritage and Biodiversity aims to incorporate a specific section that provides a legal and institutional framework to these unique spaces.    <\/p>\n<p>&nbsp;<\/p>\n","protected":false},"author":11,"featured_media":0,"template":"","meta":{"_acf_changed":false},"palabras_clave":[],"class_list":["post-97857519","actualidad_home","type-actualidad_home","status-publish","hentry"],"acf":[],"yoast_head":"<!-- This site is optimized with the Yoast SEO plugin v26.9 - https:\/\/yoast.com\/product\/yoast-seo-wordpress\/ -->\n<title>Antonio Serrano inaugurates the I Conference on Research in the Network of National Parks - Fundaci\u00f3n Biodiversidad<\/title>\n<meta name=\"robots\" content=\"index, follow, max-snippet:-1, max-image-preview:large, max-video-preview:-1\" \/>\n<link rel=\"canonical\" href=\"https:\/\/fundacion-biodiversidad.es\/en\/actualidad_home\/antonio-serrano-inaugurates-the-i-conference-on-research-in-the-network-of-national-parks\/\" \/>\n<meta property=\"og:locale\" content=\"en_US\" \/>\n<meta property=\"og:type\" content=\"article\" \/>\n<meta property=\"og:title\" content=\"Antonio Serrano inaugurates the I Conference on Research in the Network of National Parks - Fundaci\u00f3n Biodiversidad\" \/>\n<meta property=\"og:description\" content=\"The Secretary General for Territory and Biodiversity of the Ministry of the Environment, Antonio Serrano, inaugurated today in Madrid the First Conference on Research in [&hellip;]\" \/>\n<meta property=\"og:url\" content=\"https:\/\/fundacion-biodiversidad.es\/en\/actualidad_home\/antonio-serrano-inaugurates-the-i-conference-on-research-in-the-network-of-national-parks\/\" \/>\n<meta property=\"og:site_name\" content=\"Fundaci\u00f3n Biodiversidad\" \/>\n<meta property=\"og:image\" content=\"https:\/\/fundacion-biodiversidad.es\/wp-content\/uploads\/2023\/01\/2487661294_35330241_720x405.png\" \/>\n\t<meta property=\"og:image:width\" content=\"720\" \/>\n\t<meta property=\"og:image:height\" content=\"405\" \/>\n\t<meta property=\"og:image:type\" content=\"image\/png\" \/>\n<meta name=\"twitter:card\" content=\"summary_large_image\" \/>\n<meta name=\"twitter:label1\" content=\"Est. reading time\" \/>\n\t<meta name=\"twitter:data1\" content=\"1 minute\" \/>\n<script type=\"application\/ld+json\" class=\"yoast-schema-graph\">{\"@context\":\"https:\/\/schema.org\",\"@graph\":[{\"@type\":\"WebPage\",\"@id\":\"https:\/\/fundacion-biodiversidad.es\/en\/actualidad_home\/antonio-serrano-inaugurates-the-i-conference-on-research-in-the-network-of-national-parks\/\",\"url\":\"https:\/\/fundacion-biodiversidad.es\/en\/actualidad_home\/antonio-serrano-inaugurates-the-i-conference-on-research-in-the-network-of-national-parks\/\",\"name\":\"Antonio Serrano inaugurates the I Conference on Research in the Network of National Parks - Fundaci\u00f3n Biodiversidad\",\"isPartOf\":{\"@id\":\"https:\/\/fundacion-biodiversidad.es\/en\/#website\"},\"datePublished\":\"2014-03-24T15:22:50+00:00\",\"breadcrumb\":{\"@id\":\"https:\/\/fundacion-biodiversidad.es\/en\/actualidad_home\/antonio-serrano-inaugurates-the-i-conference-on-research-in-the-network-of-national-parks\/#breadcrumb\"},\"inLanguage\":\"en-US\",\"potentialAction\":[{\"@type\":\"ReadAction\",\"target\":[\"https:\/\/fundacion-biodiversidad.es\/en\/actualidad_home\/antonio-serrano-inaugurates-the-i-conference-on-research-in-the-network-of-national-parks\/\"]}]},{\"@type\":\"BreadcrumbList\",\"@id\":\"https:\/\/fundacion-biodiversidad.es\/en\/actualidad_home\/antonio-serrano-inaugurates-the-i-conference-on-research-in-the-network-of-national-parks\/#breadcrumb\",\"itemListElement\":[{\"@type\":\"ListItem\",\"position\":1,\"name\":\"Portada\",\"item\":\"https:\/\/fundacion-biodiversidad.es\/en\/inicio\/\"},{\"@type\":\"ListItem\",\"position\":2,\"name\":\"Noticias de actualidad\",\"item\":\"https:\/\/fundacion-biodiversidad.es\/en\/actualidad_home\/\"},{\"@type\":\"ListItem\",\"position\":3,\"name\":\"Antonio Serrano inaugurates the I Conference on Research in the Network of National Parks\"}]},{\"@type\":\"WebSite\",\"@id\":\"https:\/\/fundacion-biodiversidad.es\/en\/#website\",\"url\":\"https:\/\/fundacion-biodiversidad.es\/en\/\",\"name\":\"Fundaci\u00f3n Biodiversidad\",\"description\":\"Fundaci\u00f3n p\u00fablica adscrita al Ministerio para la Transici\u00f3n Ecol\u00f3gica\",\"potentialAction\":[{\"@type\":\"SearchAction\",\"target\":{\"@type\":\"EntryPoint\",\"urlTemplate\":\"https:\/\/fundacion-biodiversidad.es\/en\/?s={search_term_string}\"},\"query-input\":{\"@type\":\"PropertyValueSpecification\",\"valueRequired\":true,\"valueName\":\"search_term_string\"}}],\"inLanguage\":\"en-US\"}]}<\/script>\n<!-- \/ Yoast SEO plugin. -->","yoast_head_json":{"title":"Antonio Serrano inaugurates the I Conference on Research in the Network of National Parks - Fundaci\u00f3n Biodiversidad","robots":{"index":"index","follow":"follow","max-snippet":"max-snippet:-1","max-image-preview":"max-image-preview:large","max-video-preview":"max-video-preview:-1"},"canonical":"https:\/\/fundacion-biodiversidad.es\/en\/actualidad_home\/antonio-serrano-inaugurates-the-i-conference-on-research-in-the-network-of-national-parks\/","og_locale":"en_US","og_type":"article","og_title":"Antonio Serrano inaugurates the I Conference on Research in the Network of National Parks - Fundaci\u00f3n Biodiversidad","og_description":"The Secretary General for Territory and Biodiversity of the Ministry of the Environment, Antonio Serrano, inaugurated today in Madrid the First Conference on Research in [&hellip;]","og_url":"https:\/\/fundacion-biodiversidad.es\/en\/actualidad_home\/antonio-serrano-inaugurates-the-i-conference-on-research-in-the-network-of-national-parks\/","og_site_name":"Fundaci\u00f3n Biodiversidad","og_image":[{"width":720,"height":405,"url":"https:\/\/fundacion-biodiversidad.es\/wp-content\/uploads\/2023\/01\/2487661294_35330241_720x405.png","type":"image\/png"}],"twitter_card":"summary_large_image","twitter_misc":{"Est. reading time":"1 minute"},"schema":{"@context":"https:\/\/schema.org","@graph":[{"@type":"WebPage","@id":"https:\/\/fundacion-biodiversidad.es\/en\/actualidad_home\/antonio-serrano-inaugurates-the-i-conference-on-research-in-the-network-of-national-parks\/","url":"https:\/\/fundacion-biodiversidad.es\/en\/actualidad_home\/antonio-serrano-inaugurates-the-i-conference-on-research-in-the-network-of-national-parks\/","name":"Antonio Serrano inaugurates the I Conference on Research in the Network of National Parks - Fundaci\u00f3n Biodiversidad","isPartOf":{"@id":"https:\/\/fundacion-biodiversidad.es\/en\/#website"},"datePublished":"2014-03-24T15:22:50+00:00","breadcrumb":{"@id":"https:\/\/fundacion-biodiversidad.es\/en\/actualidad_home\/antonio-serrano-inaugurates-the-i-conference-on-research-in-the-network-of-national-parks\/#breadcrumb"},"inLanguage":"en-US","potentialAction":[{"@type":"ReadAction","target":["https:\/\/fundacion-biodiversidad.es\/en\/actualidad_home\/antonio-serrano-inaugurates-the-i-conference-on-research-in-the-network-of-national-parks\/"]}]},{"@type":"BreadcrumbList","@id":"https:\/\/fundacion-biodiversidad.es\/en\/actualidad_home\/antonio-serrano-inaugurates-the-i-conference-on-research-in-the-network-of-national-parks\/#breadcrumb","itemListElement":[{"@type":"ListItem","position":1,"name":"Portada","item":"https:\/\/fundacion-biodiversidad.es\/en\/inicio\/"},{"@type":"ListItem","position":2,"name":"Noticias de actualidad","item":"https:\/\/fundacion-biodiversidad.es\/en\/actualidad_home\/"},{"@type":"ListItem","position":3,"name":"Antonio Serrano inaugurates the I Conference on Research in the Network of National Parks"}]},{"@type":"WebSite","@id":"https:\/\/fundacion-biodiversidad.es\/en\/#website","url":"https:\/\/fundacion-biodiversidad.es\/en\/","name":"Fundaci\u00f3n Biodiversidad","description":"Fundaci\u00f3n p\u00fablica adscrita al Ministerio para la Transici\u00f3n Ecol\u00f3gica","potentialAction":[{"@type":"SearchAction","target":{"@type":"EntryPoint","urlTemplate":"https:\/\/fundacion-biodiversidad.es\/en\/?s={search_term_string}"},"query-input":{"@type":"PropertyValueSpecification","valueRequired":true,"valueName":"search_term_string"}}],"inLanguage":"en-US"}]}},"_links":{"self":[{"href":"https:\/\/fundacion-biodiversidad.es\/en\/wp-json\/wp\/v2\/actualidad_home\/97857519","targetHints":{"allow":["GET"]}}],"collection":[{"href":"https:\/\/fundacion-biodiversidad.es\/en\/wp-json\/wp\/v2\/actualidad_home"}],"about":[{"href":"https:\/\/fundacion-biodiversidad.es\/en\/wp-json\/wp\/v2\/types\/actualidad_home"}],"author":[{"embeddable":true,"href":"https:\/\/fundacion-biodiversidad.es\/en\/wp-json\/wp\/v2\/users\/11"}],"wp:attachment":[{"href":"https:\/\/fundacion-biodiversidad.es\/en\/wp-json\/wp\/v2\/media?parent=97857519"}],"wp:term":[{"taxonomy":"palabras_clave","embeddable":true,"href":"https:\/\/fundacion-biodiversidad.es\/en\/wp-json\/wp\/v2\/palabras_clave?post=97857519"}],"curies":[{"name":"wp","href":"https:\/\/api.w.org\/{rel}","templated":true}]}}