{"id":97857538,"date":"2014-03-24T16:22:46","date_gmt":"2014-03-24T15:22:46","guid":{"rendered":"https:\/\/fundacion-biodiversidad.es\/actualidad_home\/the-biodiversity-foundation-allocates-more-than-1-3-million-euros-to-andalusian-entities-to-promote-employment-and-the-environment\/"},"modified":"2014-03-24T16:22:46","modified_gmt":"2014-03-24T15:22:46","slug":"the-biodiversity-foundation-allocates-more-than-1-3-million-euros-to-andalusian-entities-to-promote-employment-and-the-environment","status":"publish","type":"actualidad_home","link":"https:\/\/fundacion-biodiversidad.es\/en\/actualidad_home\/the-biodiversity-foundation-allocates-more-than-1-3-million-euros-to-andalusian-entities-to-promote-employment-and-the-environment\/","title":{"rendered":"The Biodiversity Foundation allocates more than 1.3 million euros to Andalusian entities to promote employment and the environment"},"content":{"rendered":"<p>The director of the Biodiversity Foundation, a public foundation of the Government of Spain, under the Ministry of the Environment, Rural and Marine Affairs, Ana Leiva, has signed three collaboration agreements today in Seville, with the president of the National Association of Segure\u00f1o Sheep Breeders (ANCOS), Jos\u00e9 Antonio Puntas; with the manager and vice-president of the Protected Natural Areas of Andalusia Foundation (ANDANATURA), Clifford Wait and Roc\u00edo Espinosa; and with the president of the Gondwana Foundation, Roberto Garc\u00eda, for a total amount of 1,366,001 euros. This investment will be used to develop three projects that promote employment and good environmental practices mainly in Andalusia, and also in Castilla-La Mancha and Murcia.   <\/p>\n<p><!--more--><\/p>\n<p>The Biodiversity Foundation is the managing body of the European Social Fund (F.S.E.) and in 2008 it allocated 14.8 million euros to finance 32 projects aimed at improving employment and the environment, through the Empleaverde Programme. Three of these initiatives are those that will be developed by Andalusian entities.   <\/p>\n<p>  Through the empleaverde Programme, the Foundation manages the funds allocated to it by the Adaptability and Employment Operational Programme of the European Social Fund (F.S.E.) for the period 2007-2013.  <\/p>\n<p>  Promotion of sustainability in Andalusian protected natural areas <\/p>\n<p> These three initiatives aim to promote sustainable economic activities that respect the environment in the Andalusian business sector, in the production process of Segure\u00f1o lamb as well as in the food sector of Andalusia.  <\/p>\n<p>  The initiative proposed by the National Association of Segure\u00f1o Sheep Breeders (ANCOS) aims to contribute to the revitalization and modernization of Segure\u00f1o lamb production, laying the foundations for the sustainability of its production, minimizing the environmental impact throughout the production process, and choosing as the main vehicle to achieve the objectives the training of the people involved in the process. Likewise, the implementation of the Protected Geographical Indication (PGI) &#8220;Cordero de las Sierra de Segura and La Sagra&#8221; is proposed.   <\/p>\n<p>  The objective of the project of the Andalusian Protected Natural Areas Foundation (ANDANATURA) is to encourage the business sector of Andalusia and, especially, of the Andalusian protected areas, to contribute to the conservation of the environment and biodiversity, training and raising awareness in environmental and sustainability matters, and promoting sustainable economic activities. The aim is to promote business competitiveness and, with it, the improvement and stability of employment; and to promote the sustainability of economic activities through modernization, innovation and differentiation.   <\/p>\n<p>  In addition, the project will promote the development of the European Charter for Sustainable Tourism in Andalusia and will promote and improve employment in sectors such as fishing and coastal tourism, through the incorporation of complementary activities.  <\/p>\n<p>  Finally, the Gondwana Foundation project is aimed at workers belonging to companies (SMEs and micro-SMEs) that are part of food systems in Andalusia. Its objective is to influence the global improvement of the Andalusian food system using organic food as a reference and example of sustainability, addressing everything from production to consumption aspects. In addition, it aims to raise awareness among workers in school kitchens and school canteen catering companies about the effects of organic food on health and the environment, as well as to promote organic farms as a contribution to climate change mitigation.  <\/p>\n<p>&nbsp;<\/p>\n","protected":false},"author":11,"featured_media":35371,"template":"","meta":{"_acf_changed":false},"palabras_clave":[],"class_list":["post-97857538","actualidad_home","type-actualidad_home","status-publish","has-post-thumbnail","hentry"],"acf":[],"yoast_head":"<!-- This site is optimized with the Yoast SEO plugin v26.9 - https:\/\/yoast.com\/product\/yoast-seo-wordpress\/ -->\n<title>The Biodiversity Foundation allocates more than 1.3 million euros to Andalusian entities to promote employment and the environment - Fundaci\u00f3n Biodiversidad<\/title>\n<meta name=\"robots\" content=\"index, follow, max-snippet:-1, max-image-preview:large, max-video-preview:-1\" \/>\n<link rel=\"canonical\" href=\"https:\/\/fundacion-biodiversidad.es\/en\/actualidad_home\/the-biodiversity-foundation-allocates-more-than-1-3-million-euros-to-andalusian-entities-to-promote-employment-and-the-environment\/\" \/>\n<meta property=\"og:locale\" content=\"en_US\" \/>\n<meta property=\"og:type\" content=\"article\" \/>\n<meta property=\"og:title\" content=\"The Biodiversity Foundation allocates more than 1.3 million euros to Andalusian entities to promote employment and the environment - Fundaci\u00f3n Biodiversidad\" \/>\n<meta property=\"og:description\" content=\"The director of the Biodiversity Foundation, a public foundation of the Government of Spain, under the Ministry of the Environment, Rural and Marine Affairs, Ana [&hellip;]\" \/>\n<meta property=\"og:url\" content=\"https:\/\/fundacion-biodiversidad.es\/en\/actualidad_home\/the-biodiversity-foundation-allocates-more-than-1-3-million-euros-to-andalusian-entities-to-promote-employment-and-the-environment\/\" \/>\n<meta property=\"og:site_name\" content=\"Fundaci\u00f3n Biodiversidad\" \/>\n<meta property=\"og:image\" content=\"https:\/\/fundacion-biodiversidad.es\/wp-content\/uploads\/2023\/01\/2487661294_35330241_720x405.png\" \/>\n\t<meta property=\"og:image:width\" content=\"720\" \/>\n\t<meta property=\"og:image:height\" content=\"405\" \/>\n\t<meta property=\"og:image:type\" content=\"image\/png\" \/>\n<meta name=\"twitter:card\" content=\"summary_large_image\" \/>\n<meta name=\"twitter:label1\" content=\"Est. reading time\" \/>\n\t<meta name=\"twitter:data1\" content=\"3 minutes\" \/>\n<script type=\"application\/ld+json\" class=\"yoast-schema-graph\">{\"@context\":\"https:\/\/schema.org\",\"@graph\":[{\"@type\":\"WebPage\",\"@id\":\"https:\/\/fundacion-biodiversidad.es\/en\/actualidad_home\/the-biodiversity-foundation-allocates-more-than-1-3-million-euros-to-andalusian-entities-to-promote-employment-and-the-environment\/\",\"url\":\"https:\/\/fundacion-biodiversidad.es\/en\/actualidad_home\/the-biodiversity-foundation-allocates-more-than-1-3-million-euros-to-andalusian-entities-to-promote-employment-and-the-environment\/\",\"name\":\"The Biodiversity Foundation allocates more than 1.3 million euros to Andalusian entities to promote employment and the environment - Fundaci\u00f3n Biodiversidad\",\"isPartOf\":{\"@id\":\"https:\/\/fundacion-biodiversidad.es\/en\/#website\"},\"primaryImageOfPage\":{\"@id\":\"https:\/\/fundacion-biodiversidad.es\/en\/actualidad_home\/the-biodiversity-foundation-allocates-more-than-1-3-million-euros-to-andalusian-entities-to-promote-employment-and-the-environment\/#primaryimage\"},\"image\":{\"@id\":\"https:\/\/fundacion-biodiversidad.es\/en\/actualidad_home\/the-biodiversity-foundation-allocates-more-than-1-3-million-euros-to-andalusian-entities-to-promote-employment-and-the-environment\/#primaryimage\"},\"thumbnailUrl\":\"https:\/\/fundacion-biodiversidad.es\/wp-content\/uploads\/2014\/05\/act_20081030_01_0.jpg\",\"datePublished\":\"2014-03-24T15:22:46+00:00\",\"breadcrumb\":{\"@id\":\"https:\/\/fundacion-biodiversidad.es\/en\/actualidad_home\/the-biodiversity-foundation-allocates-more-than-1-3-million-euros-to-andalusian-entities-to-promote-employment-and-the-environment\/#breadcrumb\"},\"inLanguage\":\"en-US\",\"potentialAction\":[{\"@type\":\"ReadAction\",\"target\":[\"https:\/\/fundacion-biodiversidad.es\/en\/actualidad_home\/the-biodiversity-foundation-allocates-more-than-1-3-million-euros-to-andalusian-entities-to-promote-employment-and-the-environment\/\"]}]},{\"@type\":\"ImageObject\",\"inLanguage\":\"en-US\",\"@id\":\"https:\/\/fundacion-biodiversidad.es\/en\/actualidad_home\/the-biodiversity-foundation-allocates-more-than-1-3-million-euros-to-andalusian-entities-to-promote-employment-and-the-environment\/#primaryimage\",\"url\":\"https:\/\/fundacion-biodiversidad.es\/wp-content\/uploads\/2014\/05\/act_20081030_01_0.jpg\",\"contentUrl\":\"https:\/\/fundacion-biodiversidad.es\/wp-content\/uploads\/2014\/05\/act_20081030_01_0.jpg\",\"width\":220,\"height\":135},{\"@type\":\"BreadcrumbList\",\"@id\":\"https:\/\/fundacion-biodiversidad.es\/en\/actualidad_home\/the-biodiversity-foundation-allocates-more-than-1-3-million-euros-to-andalusian-entities-to-promote-employment-and-the-environment\/#breadcrumb\",\"itemListElement\":[{\"@type\":\"ListItem\",\"position\":1,\"name\":\"Portada\",\"item\":\"https:\/\/fundacion-biodiversidad.es\/en\/inicio\/\"},{\"@type\":\"ListItem\",\"position\":2,\"name\":\"Noticias de actualidad\",\"item\":\"https:\/\/fundacion-biodiversidad.es\/en\/actualidad_home\/\"},{\"@type\":\"ListItem\",\"position\":3,\"name\":\"The Biodiversity Foundation allocates more than 1.3 million euros to Andalusian entities to promote employment and the environment\"}]},{\"@type\":\"WebSite\",\"@id\":\"https:\/\/fundacion-biodiversidad.es\/en\/#website\",\"url\":\"https:\/\/fundacion-biodiversidad.es\/en\/\",\"name\":\"Fundaci\u00f3n Biodiversidad\",\"description\":\"Fundaci\u00f3n p\u00fablica adscrita al Ministerio para la Transici\u00f3n Ecol\u00f3gica\",\"potentialAction\":[{\"@type\":\"SearchAction\",\"target\":{\"@type\":\"EntryPoint\",\"urlTemplate\":\"https:\/\/fundacion-biodiversidad.es\/en\/?s={search_term_string}\"},\"query-input\":{\"@type\":\"PropertyValueSpecification\",\"valueRequired\":true,\"valueName\":\"search_term_string\"}}],\"inLanguage\":\"en-US\"}]}<\/script>\n<!-- \/ Yoast SEO plugin. -->","yoast_head_json":{"title":"The Biodiversity Foundation allocates more than 1.3 million euros to Andalusian entities to promote employment and the environment - Fundaci\u00f3n Biodiversidad","robots":{"index":"index","follow":"follow","max-snippet":"max-snippet:-1","max-image-preview":"max-image-preview:large","max-video-preview":"max-video-preview:-1"},"canonical":"https:\/\/fundacion-biodiversidad.es\/en\/actualidad_home\/the-biodiversity-foundation-allocates-more-than-1-3-million-euros-to-andalusian-entities-to-promote-employment-and-the-environment\/","og_locale":"en_US","og_type":"article","og_title":"The Biodiversity Foundation allocates more than 1.3 million euros to Andalusian entities to promote employment and the environment - Fundaci\u00f3n Biodiversidad","og_description":"The director of the Biodiversity Foundation, a public foundation of the Government of Spain, under the Ministry of the Environment, Rural and Marine Affairs, Ana [&hellip;]","og_url":"https:\/\/fundacion-biodiversidad.es\/en\/actualidad_home\/the-biodiversity-foundation-allocates-more-than-1-3-million-euros-to-andalusian-entities-to-promote-employment-and-the-environment\/","og_site_name":"Fundaci\u00f3n Biodiversidad","og_image":[{"width":720,"height":405,"url":"https:\/\/fundacion-biodiversidad.es\/wp-content\/uploads\/2023\/01\/2487661294_35330241_720x405.png","type":"image\/png"}],"twitter_card":"summary_large_image","twitter_misc":{"Est. reading time":"3 minutes"},"schema":{"@context":"https:\/\/schema.org","@graph":[{"@type":"WebPage","@id":"https:\/\/fundacion-biodiversidad.es\/en\/actualidad_home\/the-biodiversity-foundation-allocates-more-than-1-3-million-euros-to-andalusian-entities-to-promote-employment-and-the-environment\/","url":"https:\/\/fundacion-biodiversidad.es\/en\/actualidad_home\/the-biodiversity-foundation-allocates-more-than-1-3-million-euros-to-andalusian-entities-to-promote-employment-and-the-environment\/","name":"The Biodiversity Foundation allocates more than 1.3 million euros to Andalusian entities to promote employment and the environment - Fundaci\u00f3n Biodiversidad","isPartOf":{"@id":"https:\/\/fundacion-biodiversidad.es\/en\/#website"},"primaryImageOfPage":{"@id":"https:\/\/fundacion-biodiversidad.es\/en\/actualidad_home\/the-biodiversity-foundation-allocates-more-than-1-3-million-euros-to-andalusian-entities-to-promote-employment-and-the-environment\/#primaryimage"},"image":{"@id":"https:\/\/fundacion-biodiversidad.es\/en\/actualidad_home\/the-biodiversity-foundation-allocates-more-than-1-3-million-euros-to-andalusian-entities-to-promote-employment-and-the-environment\/#primaryimage"},"thumbnailUrl":"https:\/\/fundacion-biodiversidad.es\/wp-content\/uploads\/2014\/05\/act_20081030_01_0.jpg","datePublished":"2014-03-24T15:22:46+00:00","breadcrumb":{"@id":"https:\/\/fundacion-biodiversidad.es\/en\/actualidad_home\/the-biodiversity-foundation-allocates-more-than-1-3-million-euros-to-andalusian-entities-to-promote-employment-and-the-environment\/#breadcrumb"},"inLanguage":"en-US","potentialAction":[{"@type":"ReadAction","target":["https:\/\/fundacion-biodiversidad.es\/en\/actualidad_home\/the-biodiversity-foundation-allocates-more-than-1-3-million-euros-to-andalusian-entities-to-promote-employment-and-the-environment\/"]}]},{"@type":"ImageObject","inLanguage":"en-US","@id":"https:\/\/fundacion-biodiversidad.es\/en\/actualidad_home\/the-biodiversity-foundation-allocates-more-than-1-3-million-euros-to-andalusian-entities-to-promote-employment-and-the-environment\/#primaryimage","url":"https:\/\/fundacion-biodiversidad.es\/wp-content\/uploads\/2014\/05\/act_20081030_01_0.jpg","contentUrl":"https:\/\/fundacion-biodiversidad.es\/wp-content\/uploads\/2014\/05\/act_20081030_01_0.jpg","width":220,"height":135},{"@type":"BreadcrumbList","@id":"https:\/\/fundacion-biodiversidad.es\/en\/actualidad_home\/the-biodiversity-foundation-allocates-more-than-1-3-million-euros-to-andalusian-entities-to-promote-employment-and-the-environment\/#breadcrumb","itemListElement":[{"@type":"ListItem","position":1,"name":"Portada","item":"https:\/\/fundacion-biodiversidad.es\/en\/inicio\/"},{"@type":"ListItem","position":2,"name":"Noticias de actualidad","item":"https:\/\/fundacion-biodiversidad.es\/en\/actualidad_home\/"},{"@type":"ListItem","position":3,"name":"The Biodiversity Foundation allocates more than 1.3 million euros to Andalusian entities to promote employment and the environment"}]},{"@type":"WebSite","@id":"https:\/\/fundacion-biodiversidad.es\/en\/#website","url":"https:\/\/fundacion-biodiversidad.es\/en\/","name":"Fundaci\u00f3n Biodiversidad","description":"Fundaci\u00f3n p\u00fablica adscrita al Ministerio para la Transici\u00f3n Ecol\u00f3gica","potentialAction":[{"@type":"SearchAction","target":{"@type":"EntryPoint","urlTemplate":"https:\/\/fundacion-biodiversidad.es\/en\/?s={search_term_string}"},"query-input":{"@type":"PropertyValueSpecification","valueRequired":true,"valueName":"search_term_string"}}],"inLanguage":"en-US"}]}},"_links":{"self":[{"href":"https:\/\/fundacion-biodiversidad.es\/en\/wp-json\/wp\/v2\/actualidad_home\/97857538","targetHints":{"allow":["GET"]}}],"collection":[{"href":"https:\/\/fundacion-biodiversidad.es\/en\/wp-json\/wp\/v2\/actualidad_home"}],"about":[{"href":"https:\/\/fundacion-biodiversidad.es\/en\/wp-json\/wp\/v2\/types\/actualidad_home"}],"author":[{"embeddable":true,"href":"https:\/\/fundacion-biodiversidad.es\/en\/wp-json\/wp\/v2\/users\/11"}],"wp:featuredmedia":[{"embeddable":true,"href":"https:\/\/fundacion-biodiversidad.es\/en\/wp-json\/wp\/v2\/media\/35371"}],"wp:attachment":[{"href":"https:\/\/fundacion-biodiversidad.es\/en\/wp-json\/wp\/v2\/media?parent=97857538"}],"wp:term":[{"taxonomy":"palabras_clave","embeddable":true,"href":"https:\/\/fundacion-biodiversidad.es\/en\/wp-json\/wp\/v2\/palabras_clave?post=97857538"}],"curies":[{"name":"wp","href":"https:\/\/api.w.org\/{rel}","templated":true}]}}