{"id":97857540,"date":"2014-03-24T16:22:46","date_gmt":"2014-03-24T15:22:46","guid":{"rendered":"https:\/\/fundacion-biodiversidad.es\/actualidad_home\/the-biodiversity-foundation-allocates-more-than-500000-euros-to-promote-employment-and-the-environment-in-castilla-la-mancha\/"},"modified":"2014-03-24T16:22:46","modified_gmt":"2014-03-24T15:22:46","slug":"the-biodiversity-foundation-allocates-more-than-500000-euros-to-promote-employment-and-the-environment-in-castilla-la-mancha","status":"publish","type":"actualidad_home","link":"https:\/\/fundacion-biodiversidad.es\/en\/actualidad_home\/the-biodiversity-foundation-allocates-more-than-500000-euros-to-promote-employment-and-the-environment-in-castilla-la-mancha\/","title":{"rendered":"The Biodiversity Foundation allocates more than 500,000 euros to promote employment and the environment in Castilla-La Mancha"},"content":{"rendered":"<p>  The director of the Biodiversity Foundation, a public foundation of the Government of Spain, under the Ministry of the Environment, Rural and Marine Affairs, Ana Leiva, has signed today in Guadalajara a collaboration agreement with the general director of the General Foundation of the University of Alcal\u00e1, Arsenio Lope, for a total amount of 503,000 euros. This investment will serve to develop a project that will promote employment and good environmental practices in Castilla-La Mancha. <\/p>\n<p><!--more--><\/p>\n<p>The event was also attended by the Minister of Agriculture and Rural Development of the Regional Government of Castilla-La Mancha, Jos\u00e9 Luis Mart\u00ednez; the mayor of Molina de Arag\u00f3n and president of LEADER, David Pascual, representing the Molina de Arag\u00f3n-Alto Tajo Rural Development Association; and the president of the Association for the Promotion and Development of the Serran\u00eda de Cuenca, Jesus Fern\u00e1ndez; as representatives of the institutions and entities collaborating in this project.<\/p>\n<p>The Biodiversity Foundation is the managing body of the European Social Fund (F.S.E.) and in 2008 it allocated 14,870,837.51 euros to finance 32 projects aimed at improving employment and the environment, through the Empleaverde Programme. One of these initiatives is the one that will be developed in Castilla-La Mancha. <\/p>\n<p>The objective of the project proposed by the General Foundation of the University of Alcal\u00e1 is to improve the training of workers linked to rural areas of Guadalajara and Cuenca to promote a new economic activity, truffle farming, as well as to promote the development of gastronomic tourism around it. In addition, personalised advice will be provided to agricultural workers on the suitability of agricultural land for truffle cultivation and plant certification, and the creation of an association of truffle growers will be promoted in the regions where this initiative is being developed. <\/p>\n<p>With this initiative, it is expected to train more than 540 people and that some 5,600 will participate in the actions. It is also expected to contribute to the creation of 15 companies. <\/p>\n","protected":false},"author":11,"featured_media":35368,"template":"","meta":{"_acf_changed":false},"palabras_clave":[],"class_list":["post-97857540","actualidad_home","type-actualidad_home","status-publish","has-post-thumbnail","hentry"],"acf":[],"yoast_head":"<!-- This site is optimized with the Yoast SEO plugin v26.9 - https:\/\/yoast.com\/product\/yoast-seo-wordpress\/ -->\n<title>The Biodiversity Foundation allocates more than 500,000 euros to promote employment and the environment in Castilla-La Mancha - Fundaci\u00f3n Biodiversidad<\/title>\n<meta name=\"robots\" content=\"index, follow, max-snippet:-1, max-image-preview:large, max-video-preview:-1\" \/>\n<link rel=\"canonical\" href=\"https:\/\/fundacion-biodiversidad.es\/en\/actualidad_home\/the-biodiversity-foundation-allocates-more-than-500000-euros-to-promote-employment-and-the-environment-in-castilla-la-mancha\/\" \/>\n<meta property=\"og:locale\" content=\"en_US\" \/>\n<meta property=\"og:type\" content=\"article\" \/>\n<meta property=\"og:title\" content=\"The Biodiversity Foundation allocates more than 500,000 euros to promote employment and the environment in Castilla-La Mancha - Fundaci\u00f3n Biodiversidad\" \/>\n<meta property=\"og:description\" content=\"The director of the Biodiversity Foundation, a public foundation of the Government of Spain, under the Ministry of the Environment, Rural and Marine Affairs, Ana [&hellip;]\" \/>\n<meta property=\"og:url\" content=\"https:\/\/fundacion-biodiversidad.es\/en\/actualidad_home\/the-biodiversity-foundation-allocates-more-than-500000-euros-to-promote-employment-and-the-environment-in-castilla-la-mancha\/\" \/>\n<meta property=\"og:site_name\" content=\"Fundaci\u00f3n Biodiversidad\" \/>\n<meta property=\"og:image\" content=\"https:\/\/fundacion-biodiversidad.es\/wp-content\/uploads\/2023\/01\/2487661294_35330241_720x405.png\" \/>\n\t<meta property=\"og:image:width\" content=\"720\" \/>\n\t<meta property=\"og:image:height\" content=\"405\" \/>\n\t<meta property=\"og:image:type\" content=\"image\/png\" \/>\n<meta name=\"twitter:card\" content=\"summary_large_image\" \/>\n<meta name=\"twitter:label1\" content=\"Est. reading time\" \/>\n\t<meta name=\"twitter:data1\" content=\"2 minutes\" \/>\n<script type=\"application\/ld+json\" class=\"yoast-schema-graph\">{\"@context\":\"https:\/\/schema.org\",\"@graph\":[{\"@type\":\"WebPage\",\"@id\":\"https:\/\/fundacion-biodiversidad.es\/en\/actualidad_home\/the-biodiversity-foundation-allocates-more-than-500000-euros-to-promote-employment-and-the-environment-in-castilla-la-mancha\/\",\"url\":\"https:\/\/fundacion-biodiversidad.es\/en\/actualidad_home\/the-biodiversity-foundation-allocates-more-than-500000-euros-to-promote-employment-and-the-environment-in-castilla-la-mancha\/\",\"name\":\"The Biodiversity Foundation allocates more than 500,000 euros to promote employment and the environment in Castilla-La Mancha - Fundaci\u00f3n Biodiversidad\",\"isPartOf\":{\"@id\":\"https:\/\/fundacion-biodiversidad.es\/en\/#website\"},\"primaryImageOfPage\":{\"@id\":\"https:\/\/fundacion-biodiversidad.es\/en\/actualidad_home\/the-biodiversity-foundation-allocates-more-than-500000-euros-to-promote-employment-and-the-environment-in-castilla-la-mancha\/#primaryimage\"},\"image\":{\"@id\":\"https:\/\/fundacion-biodiversidad.es\/en\/actualidad_home\/the-biodiversity-foundation-allocates-more-than-500000-euros-to-promote-employment-and-the-environment-in-castilla-la-mancha\/#primaryimage\"},\"thumbnailUrl\":\"https:\/\/fundacion-biodiversidad.es\/wp-content\/uploads\/2014\/05\/act_20081112_01_0.jpg\",\"datePublished\":\"2014-03-24T15:22:46+00:00\",\"breadcrumb\":{\"@id\":\"https:\/\/fundacion-biodiversidad.es\/en\/actualidad_home\/the-biodiversity-foundation-allocates-more-than-500000-euros-to-promote-employment-and-the-environment-in-castilla-la-mancha\/#breadcrumb\"},\"inLanguage\":\"en-US\",\"potentialAction\":[{\"@type\":\"ReadAction\",\"target\":[\"https:\/\/fundacion-biodiversidad.es\/en\/actualidad_home\/the-biodiversity-foundation-allocates-more-than-500000-euros-to-promote-employment-and-the-environment-in-castilla-la-mancha\/\"]}]},{\"@type\":\"ImageObject\",\"inLanguage\":\"en-US\",\"@id\":\"https:\/\/fundacion-biodiversidad.es\/en\/actualidad_home\/the-biodiversity-foundation-allocates-more-than-500000-euros-to-promote-employment-and-the-environment-in-castilla-la-mancha\/#primaryimage\",\"url\":\"https:\/\/fundacion-biodiversidad.es\/wp-content\/uploads\/2014\/05\/act_20081112_01_0.jpg\",\"contentUrl\":\"https:\/\/fundacion-biodiversidad.es\/wp-content\/uploads\/2014\/05\/act_20081112_01_0.jpg\",\"width\":220,\"height\":165},{\"@type\":\"BreadcrumbList\",\"@id\":\"https:\/\/fundacion-biodiversidad.es\/en\/actualidad_home\/the-biodiversity-foundation-allocates-more-than-500000-euros-to-promote-employment-and-the-environment-in-castilla-la-mancha\/#breadcrumb\",\"itemListElement\":[{\"@type\":\"ListItem\",\"position\":1,\"name\":\"Portada\",\"item\":\"https:\/\/fundacion-biodiversidad.es\/en\/inicio\/\"},{\"@type\":\"ListItem\",\"position\":2,\"name\":\"Noticias de actualidad\",\"item\":\"https:\/\/fundacion-biodiversidad.es\/en\/actualidad_home\/\"},{\"@type\":\"ListItem\",\"position\":3,\"name\":\"The Biodiversity Foundation allocates more than 500,000 euros to promote employment and the environment in Castilla-La Mancha\"}]},{\"@type\":\"WebSite\",\"@id\":\"https:\/\/fundacion-biodiversidad.es\/en\/#website\",\"url\":\"https:\/\/fundacion-biodiversidad.es\/en\/\",\"name\":\"Fundaci\u00f3n Biodiversidad\",\"description\":\"Fundaci\u00f3n p\u00fablica adscrita al Ministerio para la Transici\u00f3n Ecol\u00f3gica\",\"potentialAction\":[{\"@type\":\"SearchAction\",\"target\":{\"@type\":\"EntryPoint\",\"urlTemplate\":\"https:\/\/fundacion-biodiversidad.es\/en\/?s={search_term_string}\"},\"query-input\":{\"@type\":\"PropertyValueSpecification\",\"valueRequired\":true,\"valueName\":\"search_term_string\"}}],\"inLanguage\":\"en-US\"}]}<\/script>\n<!-- \/ Yoast SEO plugin. -->","yoast_head_json":{"title":"The Biodiversity Foundation allocates more than 500,000 euros to promote employment and the environment in Castilla-La Mancha - Fundaci\u00f3n Biodiversidad","robots":{"index":"index","follow":"follow","max-snippet":"max-snippet:-1","max-image-preview":"max-image-preview:large","max-video-preview":"max-video-preview:-1"},"canonical":"https:\/\/fundacion-biodiversidad.es\/en\/actualidad_home\/the-biodiversity-foundation-allocates-more-than-500000-euros-to-promote-employment-and-the-environment-in-castilla-la-mancha\/","og_locale":"en_US","og_type":"article","og_title":"The Biodiversity Foundation allocates more than 500,000 euros to promote employment and the environment in Castilla-La Mancha - Fundaci\u00f3n Biodiversidad","og_description":"The director of the Biodiversity Foundation, a public foundation of the Government of Spain, under the Ministry of the Environment, Rural and Marine Affairs, Ana [&hellip;]","og_url":"https:\/\/fundacion-biodiversidad.es\/en\/actualidad_home\/the-biodiversity-foundation-allocates-more-than-500000-euros-to-promote-employment-and-the-environment-in-castilla-la-mancha\/","og_site_name":"Fundaci\u00f3n Biodiversidad","og_image":[{"width":720,"height":405,"url":"https:\/\/fundacion-biodiversidad.es\/wp-content\/uploads\/2023\/01\/2487661294_35330241_720x405.png","type":"image\/png"}],"twitter_card":"summary_large_image","twitter_misc":{"Est. reading time":"2 minutes"},"schema":{"@context":"https:\/\/schema.org","@graph":[{"@type":"WebPage","@id":"https:\/\/fundacion-biodiversidad.es\/en\/actualidad_home\/the-biodiversity-foundation-allocates-more-than-500000-euros-to-promote-employment-and-the-environment-in-castilla-la-mancha\/","url":"https:\/\/fundacion-biodiversidad.es\/en\/actualidad_home\/the-biodiversity-foundation-allocates-more-than-500000-euros-to-promote-employment-and-the-environment-in-castilla-la-mancha\/","name":"The Biodiversity Foundation allocates more than 500,000 euros to promote employment and the environment in Castilla-La Mancha - Fundaci\u00f3n Biodiversidad","isPartOf":{"@id":"https:\/\/fundacion-biodiversidad.es\/en\/#website"},"primaryImageOfPage":{"@id":"https:\/\/fundacion-biodiversidad.es\/en\/actualidad_home\/the-biodiversity-foundation-allocates-more-than-500000-euros-to-promote-employment-and-the-environment-in-castilla-la-mancha\/#primaryimage"},"image":{"@id":"https:\/\/fundacion-biodiversidad.es\/en\/actualidad_home\/the-biodiversity-foundation-allocates-more-than-500000-euros-to-promote-employment-and-the-environment-in-castilla-la-mancha\/#primaryimage"},"thumbnailUrl":"https:\/\/fundacion-biodiversidad.es\/wp-content\/uploads\/2014\/05\/act_20081112_01_0.jpg","datePublished":"2014-03-24T15:22:46+00:00","breadcrumb":{"@id":"https:\/\/fundacion-biodiversidad.es\/en\/actualidad_home\/the-biodiversity-foundation-allocates-more-than-500000-euros-to-promote-employment-and-the-environment-in-castilla-la-mancha\/#breadcrumb"},"inLanguage":"en-US","potentialAction":[{"@type":"ReadAction","target":["https:\/\/fundacion-biodiversidad.es\/en\/actualidad_home\/the-biodiversity-foundation-allocates-more-than-500000-euros-to-promote-employment-and-the-environment-in-castilla-la-mancha\/"]}]},{"@type":"ImageObject","inLanguage":"en-US","@id":"https:\/\/fundacion-biodiversidad.es\/en\/actualidad_home\/the-biodiversity-foundation-allocates-more-than-500000-euros-to-promote-employment-and-the-environment-in-castilla-la-mancha\/#primaryimage","url":"https:\/\/fundacion-biodiversidad.es\/wp-content\/uploads\/2014\/05\/act_20081112_01_0.jpg","contentUrl":"https:\/\/fundacion-biodiversidad.es\/wp-content\/uploads\/2014\/05\/act_20081112_01_0.jpg","width":220,"height":165},{"@type":"BreadcrumbList","@id":"https:\/\/fundacion-biodiversidad.es\/en\/actualidad_home\/the-biodiversity-foundation-allocates-more-than-500000-euros-to-promote-employment-and-the-environment-in-castilla-la-mancha\/#breadcrumb","itemListElement":[{"@type":"ListItem","position":1,"name":"Portada","item":"https:\/\/fundacion-biodiversidad.es\/en\/inicio\/"},{"@type":"ListItem","position":2,"name":"Noticias de actualidad","item":"https:\/\/fundacion-biodiversidad.es\/en\/actualidad_home\/"},{"@type":"ListItem","position":3,"name":"The Biodiversity Foundation allocates more than 500,000 euros to promote employment and the environment in Castilla-La Mancha"}]},{"@type":"WebSite","@id":"https:\/\/fundacion-biodiversidad.es\/en\/#website","url":"https:\/\/fundacion-biodiversidad.es\/en\/","name":"Fundaci\u00f3n Biodiversidad","description":"Fundaci\u00f3n p\u00fablica adscrita al Ministerio para la Transici\u00f3n Ecol\u00f3gica","potentialAction":[{"@type":"SearchAction","target":{"@type":"EntryPoint","urlTemplate":"https:\/\/fundacion-biodiversidad.es\/en\/?s={search_term_string}"},"query-input":{"@type":"PropertyValueSpecification","valueRequired":true,"valueName":"search_term_string"}}],"inLanguage":"en-US"}]}},"_links":{"self":[{"href":"https:\/\/fundacion-biodiversidad.es\/en\/wp-json\/wp\/v2\/actualidad_home\/97857540","targetHints":{"allow":["GET"]}}],"collection":[{"href":"https:\/\/fundacion-biodiversidad.es\/en\/wp-json\/wp\/v2\/actualidad_home"}],"about":[{"href":"https:\/\/fundacion-biodiversidad.es\/en\/wp-json\/wp\/v2\/types\/actualidad_home"}],"author":[{"embeddable":true,"href":"https:\/\/fundacion-biodiversidad.es\/en\/wp-json\/wp\/v2\/users\/11"}],"wp:featuredmedia":[{"embeddable":true,"href":"https:\/\/fundacion-biodiversidad.es\/en\/wp-json\/wp\/v2\/media\/35368"}],"wp:attachment":[{"href":"https:\/\/fundacion-biodiversidad.es\/en\/wp-json\/wp\/v2\/media?parent=97857540"}],"wp:term":[{"taxonomy":"palabras_clave","embeddable":true,"href":"https:\/\/fundacion-biodiversidad.es\/en\/wp-json\/wp\/v2\/palabras_clave?post=97857540"}],"curies":[{"name":"wp","href":"https:\/\/api.w.org\/{rel}","templated":true}]}}