{"id":97857542,"date":"2014-03-24T16:22:46","date_gmt":"2014-03-24T15:22:46","guid":{"rendered":"https:\/\/fundacion-biodiversidad.es\/actualidad_home\/the-director-of-the-biodiversity-foundation-opens-the-course-the-landscapes-of-the-vineyard-in-najera-la-rioja\/"},"modified":"2014-03-24T16:22:46","modified_gmt":"2014-03-24T15:22:46","slug":"the-director-of-the-biodiversity-foundation-opens-the-course-the-landscapes-of-the-vineyard-in-najera-la-rioja","status":"publish","type":"actualidad_home","link":"https:\/\/fundacion-biodiversidad.es\/en\/actualidad_home\/the-director-of-the-biodiversity-foundation-opens-the-course-the-landscapes-of-the-vineyard-in-najera-la-rioja\/","title":{"rendered":"The Director of the Biodiversity Foundation opens the course &#8220;The landscapes of the vineyard&#8221;, in N\u00e1jera, La Rioja"},"content":{"rendered":"<p>The director of the Biodiversity Foundation, a public foundation of the Government of Spain, under the Ministry of the Environment, Rural and Marine Affairs, Ana Leiva, inaugurated today, in N\u00e1jera, La Rioja, the course &#8220;Vineyard landscapes: Ethnography as a tool for their study and protection&#8221;.  <\/p>\n<p><!--more--><\/p>\n<p>The opening of the seminar, organised by the Monastery of Santa Mar\u00eda La Real School of Historical Heritage, with the collaboration of the Biodiversity Foundation, brought together senior officials from the Administrations, specialists from the Cultural Heritage Institute of the Ministry of Culture and the Regulatory Council of the Rioja Qualified Designation, as well as representatives of wineries in the area.  <\/p>\n<p>  The course is proposed as a meeting place to analyse the economic, environmental and social benefits that cultural landscapes generate, within the framework of the postulates of the European Landscape Convention. It is a matter of placing the emphasis, in particular, on the landscapes of vine cultivation and on everything related to the culture associated with wine.   <\/p>\n<p>  Man and vine are the two terms of this interrelationship that the specialists will address to examine the current opportunities of the wine industry in Spain and enhance the sustainability of rural development.<\/p>\n<p>&nbsp;<\/p>\n","protected":false},"author":11,"featured_media":0,"template":"","meta":{"_acf_changed":false},"palabras_clave":[],"class_list":["post-97857542","actualidad_home","type-actualidad_home","status-publish","hentry"],"acf":[],"yoast_head":"<!-- This site is optimized with the Yoast SEO plugin v26.9 - https:\/\/yoast.com\/product\/yoast-seo-wordpress\/ -->\n<title>The Director of the Biodiversity Foundation opens the course &quot;The landscapes of the vineyard&quot;, in N\u00e1jera, La Rioja - Fundaci\u00f3n Biodiversidad<\/title>\n<meta name=\"robots\" content=\"index, follow, max-snippet:-1, max-image-preview:large, max-video-preview:-1\" \/>\n<link rel=\"canonical\" href=\"https:\/\/fundacion-biodiversidad.es\/en\/actualidad_home\/the-director-of-the-biodiversity-foundation-opens-the-course-the-landscapes-of-the-vineyard-in-najera-la-rioja\/\" \/>\n<meta property=\"og:locale\" content=\"en_US\" \/>\n<meta property=\"og:type\" content=\"article\" \/>\n<meta property=\"og:title\" content=\"The Director of the Biodiversity Foundation opens the course &quot;The landscapes of the vineyard&quot;, in N\u00e1jera, La Rioja - Fundaci\u00f3n Biodiversidad\" \/>\n<meta property=\"og:description\" content=\"The director of the Biodiversity Foundation, a public foundation of the Government of Spain, under the Ministry of the Environment, Rural and Marine Affairs, Ana [&hellip;]\" \/>\n<meta property=\"og:url\" content=\"https:\/\/fundacion-biodiversidad.es\/en\/actualidad_home\/the-director-of-the-biodiversity-foundation-opens-the-course-the-landscapes-of-the-vineyard-in-najera-la-rioja\/\" \/>\n<meta property=\"og:site_name\" content=\"Fundaci\u00f3n Biodiversidad\" \/>\n<meta property=\"og:image\" content=\"https:\/\/fundacion-biodiversidad.es\/wp-content\/uploads\/2023\/01\/2487661294_35330241_720x405.png\" \/>\n\t<meta property=\"og:image:width\" content=\"720\" \/>\n\t<meta property=\"og:image:height\" content=\"405\" \/>\n\t<meta property=\"og:image:type\" content=\"image\/png\" \/>\n<meta name=\"twitter:card\" content=\"summary_large_image\" \/>\n<meta name=\"twitter:label1\" content=\"Est. reading time\" \/>\n\t<meta name=\"twitter:data1\" content=\"1 minute\" \/>\n<script type=\"application\/ld+json\" class=\"yoast-schema-graph\">{\"@context\":\"https:\/\/schema.org\",\"@graph\":[{\"@type\":\"WebPage\",\"@id\":\"https:\/\/fundacion-biodiversidad.es\/en\/actualidad_home\/the-director-of-the-biodiversity-foundation-opens-the-course-the-landscapes-of-the-vineyard-in-najera-la-rioja\/\",\"url\":\"https:\/\/fundacion-biodiversidad.es\/en\/actualidad_home\/the-director-of-the-biodiversity-foundation-opens-the-course-the-landscapes-of-the-vineyard-in-najera-la-rioja\/\",\"name\":\"The Director of the Biodiversity Foundation opens the course \\\"The landscapes of the vineyard\\\", in N\u00e1jera, La Rioja - Fundaci\u00f3n Biodiversidad\",\"isPartOf\":{\"@id\":\"https:\/\/fundacion-biodiversidad.es\/en\/#website\"},\"datePublished\":\"2014-03-24T15:22:46+00:00\",\"breadcrumb\":{\"@id\":\"https:\/\/fundacion-biodiversidad.es\/en\/actualidad_home\/the-director-of-the-biodiversity-foundation-opens-the-course-the-landscapes-of-the-vineyard-in-najera-la-rioja\/#breadcrumb\"},\"inLanguage\":\"en-US\",\"potentialAction\":[{\"@type\":\"ReadAction\",\"target\":[\"https:\/\/fundacion-biodiversidad.es\/en\/actualidad_home\/the-director-of-the-biodiversity-foundation-opens-the-course-the-landscapes-of-the-vineyard-in-najera-la-rioja\/\"]}]},{\"@type\":\"BreadcrumbList\",\"@id\":\"https:\/\/fundacion-biodiversidad.es\/en\/actualidad_home\/the-director-of-the-biodiversity-foundation-opens-the-course-the-landscapes-of-the-vineyard-in-najera-la-rioja\/#breadcrumb\",\"itemListElement\":[{\"@type\":\"ListItem\",\"position\":1,\"name\":\"Portada\",\"item\":\"https:\/\/fundacion-biodiversidad.es\/en\/inicio\/\"},{\"@type\":\"ListItem\",\"position\":2,\"name\":\"Noticias de actualidad\",\"item\":\"https:\/\/fundacion-biodiversidad.es\/en\/actualidad_home\/\"},{\"@type\":\"ListItem\",\"position\":3,\"name\":\"The Director of the Biodiversity Foundation opens the course &#8220;The landscapes of the vineyard&#8221;, in N\u00e1jera, La Rioja\"}]},{\"@type\":\"WebSite\",\"@id\":\"https:\/\/fundacion-biodiversidad.es\/en\/#website\",\"url\":\"https:\/\/fundacion-biodiversidad.es\/en\/\",\"name\":\"Fundaci\u00f3n Biodiversidad\",\"description\":\"Fundaci\u00f3n p\u00fablica adscrita al Ministerio para la Transici\u00f3n Ecol\u00f3gica\",\"potentialAction\":[{\"@type\":\"SearchAction\",\"target\":{\"@type\":\"EntryPoint\",\"urlTemplate\":\"https:\/\/fundacion-biodiversidad.es\/en\/?s={search_term_string}\"},\"query-input\":{\"@type\":\"PropertyValueSpecification\",\"valueRequired\":true,\"valueName\":\"search_term_string\"}}],\"inLanguage\":\"en-US\"}]}<\/script>\n<!-- \/ Yoast SEO plugin. -->","yoast_head_json":{"title":"The Director of the Biodiversity Foundation opens the course \"The landscapes of the vineyard\", in N\u00e1jera, La Rioja - Fundaci\u00f3n Biodiversidad","robots":{"index":"index","follow":"follow","max-snippet":"max-snippet:-1","max-image-preview":"max-image-preview:large","max-video-preview":"max-video-preview:-1"},"canonical":"https:\/\/fundacion-biodiversidad.es\/en\/actualidad_home\/the-director-of-the-biodiversity-foundation-opens-the-course-the-landscapes-of-the-vineyard-in-najera-la-rioja\/","og_locale":"en_US","og_type":"article","og_title":"The Director of the Biodiversity Foundation opens the course \"The landscapes of the vineyard\", in N\u00e1jera, La Rioja - Fundaci\u00f3n Biodiversidad","og_description":"The director of the Biodiversity Foundation, a public foundation of the Government of Spain, under the Ministry of the Environment, Rural and Marine Affairs, Ana [&hellip;]","og_url":"https:\/\/fundacion-biodiversidad.es\/en\/actualidad_home\/the-director-of-the-biodiversity-foundation-opens-the-course-the-landscapes-of-the-vineyard-in-najera-la-rioja\/","og_site_name":"Fundaci\u00f3n Biodiversidad","og_image":[{"width":720,"height":405,"url":"https:\/\/fundacion-biodiversidad.es\/wp-content\/uploads\/2023\/01\/2487661294_35330241_720x405.png","type":"image\/png"}],"twitter_card":"summary_large_image","twitter_misc":{"Est. reading time":"1 minute"},"schema":{"@context":"https:\/\/schema.org","@graph":[{"@type":"WebPage","@id":"https:\/\/fundacion-biodiversidad.es\/en\/actualidad_home\/the-director-of-the-biodiversity-foundation-opens-the-course-the-landscapes-of-the-vineyard-in-najera-la-rioja\/","url":"https:\/\/fundacion-biodiversidad.es\/en\/actualidad_home\/the-director-of-the-biodiversity-foundation-opens-the-course-the-landscapes-of-the-vineyard-in-najera-la-rioja\/","name":"The Director of the Biodiversity Foundation opens the course \"The landscapes of the vineyard\", in N\u00e1jera, La Rioja - Fundaci\u00f3n Biodiversidad","isPartOf":{"@id":"https:\/\/fundacion-biodiversidad.es\/en\/#website"},"datePublished":"2014-03-24T15:22:46+00:00","breadcrumb":{"@id":"https:\/\/fundacion-biodiversidad.es\/en\/actualidad_home\/the-director-of-the-biodiversity-foundation-opens-the-course-the-landscapes-of-the-vineyard-in-najera-la-rioja\/#breadcrumb"},"inLanguage":"en-US","potentialAction":[{"@type":"ReadAction","target":["https:\/\/fundacion-biodiversidad.es\/en\/actualidad_home\/the-director-of-the-biodiversity-foundation-opens-the-course-the-landscapes-of-the-vineyard-in-najera-la-rioja\/"]}]},{"@type":"BreadcrumbList","@id":"https:\/\/fundacion-biodiversidad.es\/en\/actualidad_home\/the-director-of-the-biodiversity-foundation-opens-the-course-the-landscapes-of-the-vineyard-in-najera-la-rioja\/#breadcrumb","itemListElement":[{"@type":"ListItem","position":1,"name":"Portada","item":"https:\/\/fundacion-biodiversidad.es\/en\/inicio\/"},{"@type":"ListItem","position":2,"name":"Noticias de actualidad","item":"https:\/\/fundacion-biodiversidad.es\/en\/actualidad_home\/"},{"@type":"ListItem","position":3,"name":"The Director of the Biodiversity Foundation opens the course &#8220;The landscapes of the vineyard&#8221;, in N\u00e1jera, La Rioja"}]},{"@type":"WebSite","@id":"https:\/\/fundacion-biodiversidad.es\/en\/#website","url":"https:\/\/fundacion-biodiversidad.es\/en\/","name":"Fundaci\u00f3n Biodiversidad","description":"Fundaci\u00f3n p\u00fablica adscrita al Ministerio para la Transici\u00f3n Ecol\u00f3gica","potentialAction":[{"@type":"SearchAction","target":{"@type":"EntryPoint","urlTemplate":"https:\/\/fundacion-biodiversidad.es\/en\/?s={search_term_string}"},"query-input":{"@type":"PropertyValueSpecification","valueRequired":true,"valueName":"search_term_string"}}],"inLanguage":"en-US"}]}},"_links":{"self":[{"href":"https:\/\/fundacion-biodiversidad.es\/en\/wp-json\/wp\/v2\/actualidad_home\/97857542","targetHints":{"allow":["GET"]}}],"collection":[{"href":"https:\/\/fundacion-biodiversidad.es\/en\/wp-json\/wp\/v2\/actualidad_home"}],"about":[{"href":"https:\/\/fundacion-biodiversidad.es\/en\/wp-json\/wp\/v2\/types\/actualidad_home"}],"author":[{"embeddable":true,"href":"https:\/\/fundacion-biodiversidad.es\/en\/wp-json\/wp\/v2\/users\/11"}],"wp:attachment":[{"href":"https:\/\/fundacion-biodiversidad.es\/en\/wp-json\/wp\/v2\/media?parent=97857542"}],"wp:term":[{"taxonomy":"palabras_clave","embeddable":true,"href":"https:\/\/fundacion-biodiversidad.es\/en\/wp-json\/wp\/v2\/palabras_clave?post=97857542"}],"curies":[{"name":"wp","href":"https:\/\/api.w.org\/{rel}","templated":true}]}}