{"id":97857547,"date":"2014-03-24T16:22:46","date_gmt":"2014-03-24T15:22:46","guid":{"rendered":"https:\/\/fundacion-biodiversidad.es\/actualidad_home\/the-biodiversity-foundation-allocates-almost-two-million-euros-to-promote-employment-and-the-environment-in-castilla-y-leon\/"},"modified":"2014-03-24T16:22:46","modified_gmt":"2014-03-24T15:22:46","slug":"the-biodiversity-foundation-allocates-almost-two-million-euros-to-promote-employment-and-the-environment-in-castilla-y-leon","status":"publish","type":"actualidad_home","link":"https:\/\/fundacion-biodiversidad.es\/en\/actualidad_home\/the-biodiversity-foundation-allocates-almost-two-million-euros-to-promote-employment-and-the-environment-in-castilla-y-leon\/","title":{"rendered":"The Biodiversity Foundation allocates almost two million euros to promote employment and the environment in Castilla y Le\u00f3n"},"content":{"rendered":"<p>The director of the Biodiversity Foundation, a public foundation of the Government of Spain, under the Ministry of the Environment, Rural and Marine Affairs, Ana Leiva, has signed today in Le\u00f3n four collaboration agreements to develop projects that promote employment and the environment in Castilla y Le\u00f3n. The vice-president of the Bierzo County Council, Bel\u00e9n Fern\u00e1ndez; the general director of the Cartif Foundation, Jos\u00e9 Ram\u00f3n Per\u00e1n; the president of the Progress, Employment and Services Foundation in Salamanca (Premysa Foundation), Antonio Caldera; and the secretary general of the Union of Ranchers and Farmers of Le\u00f3n (UGAL-UPA), Mat\u00edas Llorente, have signed the respective collaboration agreements for a total amount of 1,892,246.42 euros.   <\/p>\n<p><!--more--><\/p>\n<p>In addition to the projects of the Castilian-Leonese entities, the initiatives of the State Federation of Transport, Communications and the Sea of UGT, the Healthy Life Association, the Union of Small Farmers and Ranchers (UPA), the National Association of Aggregate Manufacturing Companies (ANEFA) and PEFC Spain, will be aimed, in part, at workers in Castilla y Le\u00f3n.  <\/p>\n<p>  These four initiatives aim to promote business initiatives in the environmental sector as well as the use of renewable energies and the environmental improvement of agricultural and livestock farms.  <\/p>\n<p>  The objective of the project proposed by the Bierzo County Council is to develop business initiatives in the environmental sector of the region, including workers in the agricultural and livestock sectors, the agri-food processing industry and the tourism sector. In addition, it will include advisory actions related to energy saving and efficiency processes in companies and business projects in the environmental sector.   <\/p>\n<p>  The initiative to be carried out by the Cartif Foundation aims to promote the use of solid biomass as a renewable energy resource within the forestry, agricultural and wood industry sectors in Castilla y Le\u00f3n. This is intended to train people and promote employment in the rural areas of the Autonomous Community. Likewise, through this initiative, personalized advice will be provided on the energy use of biomass, the creation of companies in the forestry, agricultural and wood industry sectors, thus contributing to the generation of employment.    <\/p>\n<p>  The project of the Progress, Employment and Services Foundation in Salamanca (Premysa Foundation) is aimed at generating a comprehensive model for sustainable development in rural areas that guarantees the conservation of natural heritage, the environmental training of workers and the creation of companies. In addition, it proposes to develop several studies on the feasibility of different types of plants destined, both to the use of renewable energies, as well as to mycological production and the replanting of goats.   <\/p>\n<p>  The initiative proposed by the Union of Livestock Breeders and Farmers of Le\u00f3n (UGAL-UPA) aims to promote energy saving and efficiency on farms and develop the production of biomass for first and second generation biofuels, respecting the biodiversity of agricultural areas. It will also develop individualised environmental advice to agricultural and livestock farms, for their environmental improvement. <\/p>\n<p>&nbsp;<\/p>\n","protected":false},"author":11,"featured_media":0,"template":"","meta":{"_acf_changed":false},"palabras_clave":[],"class_list":["post-97857547","actualidad_home","type-actualidad_home","status-publish","hentry"],"acf":[],"yoast_head":"<!-- This site is optimized with the Yoast SEO plugin v26.9 - https:\/\/yoast.com\/product\/yoast-seo-wordpress\/ -->\n<title>The Biodiversity Foundation allocates almost two million euros to promote employment and the environment in Castilla y Le\u00f3n - Fundaci\u00f3n Biodiversidad<\/title>\n<meta name=\"robots\" content=\"index, follow, max-snippet:-1, max-image-preview:large, max-video-preview:-1\" \/>\n<link rel=\"canonical\" href=\"https:\/\/fundacion-biodiversidad.es\/en\/actualidad_home\/the-biodiversity-foundation-allocates-almost-two-million-euros-to-promote-employment-and-the-environment-in-castilla-y-leon\/\" \/>\n<meta property=\"og:locale\" content=\"en_US\" \/>\n<meta property=\"og:type\" content=\"article\" \/>\n<meta property=\"og:title\" content=\"The Biodiversity Foundation allocates almost two million euros to promote employment and the environment in Castilla y Le\u00f3n - Fundaci\u00f3n Biodiversidad\" \/>\n<meta property=\"og:description\" content=\"The director of the Biodiversity Foundation, a public foundation of the Government of Spain, under the Ministry of the Environment, Rural and Marine Affairs, Ana [&hellip;]\" \/>\n<meta property=\"og:url\" content=\"https:\/\/fundacion-biodiversidad.es\/en\/actualidad_home\/the-biodiversity-foundation-allocates-almost-two-million-euros-to-promote-employment-and-the-environment-in-castilla-y-leon\/\" \/>\n<meta property=\"og:site_name\" content=\"Fundaci\u00f3n Biodiversidad\" \/>\n<meta property=\"og:image\" content=\"https:\/\/fundacion-biodiversidad.es\/wp-content\/uploads\/2023\/01\/2487661294_35330241_720x405.png\" \/>\n\t<meta property=\"og:image:width\" content=\"720\" \/>\n\t<meta property=\"og:image:height\" content=\"405\" \/>\n\t<meta property=\"og:image:type\" content=\"image\/png\" \/>\n<meta name=\"twitter:card\" content=\"summary_large_image\" \/>\n<meta name=\"twitter:label1\" content=\"Est. reading time\" \/>\n\t<meta name=\"twitter:data1\" content=\"2 minutes\" \/>\n<script type=\"application\/ld+json\" class=\"yoast-schema-graph\">{\"@context\":\"https:\/\/schema.org\",\"@graph\":[{\"@type\":\"WebPage\",\"@id\":\"https:\/\/fundacion-biodiversidad.es\/en\/actualidad_home\/the-biodiversity-foundation-allocates-almost-two-million-euros-to-promote-employment-and-the-environment-in-castilla-y-leon\/\",\"url\":\"https:\/\/fundacion-biodiversidad.es\/en\/actualidad_home\/the-biodiversity-foundation-allocates-almost-two-million-euros-to-promote-employment-and-the-environment-in-castilla-y-leon\/\",\"name\":\"The Biodiversity Foundation allocates almost two million euros to promote employment and the environment in Castilla y Le\u00f3n - Fundaci\u00f3n Biodiversidad\",\"isPartOf\":{\"@id\":\"https:\/\/fundacion-biodiversidad.es\/en\/#website\"},\"datePublished\":\"2014-03-24T15:22:46+00:00\",\"breadcrumb\":{\"@id\":\"https:\/\/fundacion-biodiversidad.es\/en\/actualidad_home\/the-biodiversity-foundation-allocates-almost-two-million-euros-to-promote-employment-and-the-environment-in-castilla-y-leon\/#breadcrumb\"},\"inLanguage\":\"en-US\",\"potentialAction\":[{\"@type\":\"ReadAction\",\"target\":[\"https:\/\/fundacion-biodiversidad.es\/en\/actualidad_home\/the-biodiversity-foundation-allocates-almost-two-million-euros-to-promote-employment-and-the-environment-in-castilla-y-leon\/\"]}]},{\"@type\":\"BreadcrumbList\",\"@id\":\"https:\/\/fundacion-biodiversidad.es\/en\/actualidad_home\/the-biodiversity-foundation-allocates-almost-two-million-euros-to-promote-employment-and-the-environment-in-castilla-y-leon\/#breadcrumb\",\"itemListElement\":[{\"@type\":\"ListItem\",\"position\":1,\"name\":\"Portada\",\"item\":\"https:\/\/fundacion-biodiversidad.es\/en\/inicio\/\"},{\"@type\":\"ListItem\",\"position\":2,\"name\":\"Noticias de actualidad\",\"item\":\"https:\/\/fundacion-biodiversidad.es\/en\/actualidad_home\/\"},{\"@type\":\"ListItem\",\"position\":3,\"name\":\"The Biodiversity Foundation allocates almost two million euros to promote employment and the environment in Castilla y Le\u00f3n\"}]},{\"@type\":\"WebSite\",\"@id\":\"https:\/\/fundacion-biodiversidad.es\/en\/#website\",\"url\":\"https:\/\/fundacion-biodiversidad.es\/en\/\",\"name\":\"Fundaci\u00f3n Biodiversidad\",\"description\":\"Fundaci\u00f3n p\u00fablica adscrita al Ministerio para la Transici\u00f3n Ecol\u00f3gica\",\"potentialAction\":[{\"@type\":\"SearchAction\",\"target\":{\"@type\":\"EntryPoint\",\"urlTemplate\":\"https:\/\/fundacion-biodiversidad.es\/en\/?s={search_term_string}\"},\"query-input\":{\"@type\":\"PropertyValueSpecification\",\"valueRequired\":true,\"valueName\":\"search_term_string\"}}],\"inLanguage\":\"en-US\"}]}<\/script>\n<!-- \/ Yoast SEO plugin. -->","yoast_head_json":{"title":"The Biodiversity Foundation allocates almost two million euros to promote employment and the environment in Castilla y Le\u00f3n - Fundaci\u00f3n Biodiversidad","robots":{"index":"index","follow":"follow","max-snippet":"max-snippet:-1","max-image-preview":"max-image-preview:large","max-video-preview":"max-video-preview:-1"},"canonical":"https:\/\/fundacion-biodiversidad.es\/en\/actualidad_home\/the-biodiversity-foundation-allocates-almost-two-million-euros-to-promote-employment-and-the-environment-in-castilla-y-leon\/","og_locale":"en_US","og_type":"article","og_title":"The Biodiversity Foundation allocates almost two million euros to promote employment and the environment in Castilla y Le\u00f3n - Fundaci\u00f3n Biodiversidad","og_description":"The director of the Biodiversity Foundation, a public foundation of the Government of Spain, under the Ministry of the Environment, Rural and Marine Affairs, Ana [&hellip;]","og_url":"https:\/\/fundacion-biodiversidad.es\/en\/actualidad_home\/the-biodiversity-foundation-allocates-almost-two-million-euros-to-promote-employment-and-the-environment-in-castilla-y-leon\/","og_site_name":"Fundaci\u00f3n Biodiversidad","og_image":[{"width":720,"height":405,"url":"https:\/\/fundacion-biodiversidad.es\/wp-content\/uploads\/2023\/01\/2487661294_35330241_720x405.png","type":"image\/png"}],"twitter_card":"summary_large_image","twitter_misc":{"Est. reading time":"2 minutes"},"schema":{"@context":"https:\/\/schema.org","@graph":[{"@type":"WebPage","@id":"https:\/\/fundacion-biodiversidad.es\/en\/actualidad_home\/the-biodiversity-foundation-allocates-almost-two-million-euros-to-promote-employment-and-the-environment-in-castilla-y-leon\/","url":"https:\/\/fundacion-biodiversidad.es\/en\/actualidad_home\/the-biodiversity-foundation-allocates-almost-two-million-euros-to-promote-employment-and-the-environment-in-castilla-y-leon\/","name":"The Biodiversity Foundation allocates almost two million euros to promote employment and the environment in Castilla y Le\u00f3n - Fundaci\u00f3n Biodiversidad","isPartOf":{"@id":"https:\/\/fundacion-biodiversidad.es\/en\/#website"},"datePublished":"2014-03-24T15:22:46+00:00","breadcrumb":{"@id":"https:\/\/fundacion-biodiversidad.es\/en\/actualidad_home\/the-biodiversity-foundation-allocates-almost-two-million-euros-to-promote-employment-and-the-environment-in-castilla-y-leon\/#breadcrumb"},"inLanguage":"en-US","potentialAction":[{"@type":"ReadAction","target":["https:\/\/fundacion-biodiversidad.es\/en\/actualidad_home\/the-biodiversity-foundation-allocates-almost-two-million-euros-to-promote-employment-and-the-environment-in-castilla-y-leon\/"]}]},{"@type":"BreadcrumbList","@id":"https:\/\/fundacion-biodiversidad.es\/en\/actualidad_home\/the-biodiversity-foundation-allocates-almost-two-million-euros-to-promote-employment-and-the-environment-in-castilla-y-leon\/#breadcrumb","itemListElement":[{"@type":"ListItem","position":1,"name":"Portada","item":"https:\/\/fundacion-biodiversidad.es\/en\/inicio\/"},{"@type":"ListItem","position":2,"name":"Noticias de actualidad","item":"https:\/\/fundacion-biodiversidad.es\/en\/actualidad_home\/"},{"@type":"ListItem","position":3,"name":"The Biodiversity Foundation allocates almost two million euros to promote employment and the environment in Castilla y Le\u00f3n"}]},{"@type":"WebSite","@id":"https:\/\/fundacion-biodiversidad.es\/en\/#website","url":"https:\/\/fundacion-biodiversidad.es\/en\/","name":"Fundaci\u00f3n Biodiversidad","description":"Fundaci\u00f3n p\u00fablica adscrita al Ministerio para la Transici\u00f3n Ecol\u00f3gica","potentialAction":[{"@type":"SearchAction","target":{"@type":"EntryPoint","urlTemplate":"https:\/\/fundacion-biodiversidad.es\/en\/?s={search_term_string}"},"query-input":{"@type":"PropertyValueSpecification","valueRequired":true,"valueName":"search_term_string"}}],"inLanguage":"en-US"}]}},"_links":{"self":[{"href":"https:\/\/fundacion-biodiversidad.es\/en\/wp-json\/wp\/v2\/actualidad_home\/97857547","targetHints":{"allow":["GET"]}}],"collection":[{"href":"https:\/\/fundacion-biodiversidad.es\/en\/wp-json\/wp\/v2\/actualidad_home"}],"about":[{"href":"https:\/\/fundacion-biodiversidad.es\/en\/wp-json\/wp\/v2\/types\/actualidad_home"}],"author":[{"embeddable":true,"href":"https:\/\/fundacion-biodiversidad.es\/en\/wp-json\/wp\/v2\/users\/11"}],"wp:attachment":[{"href":"https:\/\/fundacion-biodiversidad.es\/en\/wp-json\/wp\/v2\/media?parent=97857547"}],"wp:term":[{"taxonomy":"palabras_clave","embeddable":true,"href":"https:\/\/fundacion-biodiversidad.es\/en\/wp-json\/wp\/v2\/palabras_clave?post=97857547"}],"curies":[{"name":"wp","href":"https:\/\/api.w.org\/{rel}","templated":true}]}}