{"id":97857787,"date":"2014-09-26T07:57:43","date_gmt":"2014-09-26T05:57:43","guid":{"rendered":"https:\/\/fundacion-biodiversidad.es\/actualidad_home\/irrigators-in-mountain-areas-allies-of-the-life-desmania-project\/"},"modified":"2014-09-26T07:57:43","modified_gmt":"2014-09-26T05:57:43","slug":"irrigators-in-mountain-areas-allies-of-the-life-desmania-project","status":"publish","type":"actualidad_home","link":"https:\/\/fundacion-biodiversidad.es\/en\/actualidad_home\/irrigators-in-mountain-areas-allies-of-the-life-desmania-project\/","title":{"rendered":"Irrigators in mountain areas, allies of the LIFE+ Desmania project"},"content":{"rendered":"<p>Within the framework of the actions of the LIFE+ project Programme for the conservation and recovery of the Iberian Desman and its habitat in Castilla y Le\u00f3n and Extremadura (<strong><a href=\"http:\/\/www.lifedesman.es\/\" target=\"_blank\" rel=\"noopener\">LIFE+ Desmania<\/a><\/strong>), contacts will be initiated with irrigators and water users in the Sites of Community Importance (SCI) at the headwaters of mountain rivers, in order <strong>to avoid irreversible effects on biodiversity<\/strong> caused by the decrease in the flow of the rivers below of its ecological flow.<br \/>\n&nbsp;<br \/>  The withdrawal and use of water in certain channels can cause the flows to decrease during the period of maximum drought below the minimum ecological flow, which in some cases can completely dry up the channel. These situations are considerably aggravated in areas of Mediterranean influence, where the damage to biodiversity in rivers is greater. For this reason, the collaboration of irrigators is essential, and it is to them that this action of the project is directed, providing them with the appropriate technical and material means to prevent some channels from being left with flows below the ecological minimum.<\/p>\n<p> One of the species that can be affected by the lack of water is the Iberian desman, which requires a minimum flow for its survival. This jewel of our rivers, considered a <strong>great bioindicator<\/strong>, is <strong>included in the Spanish Catalogue of Threatened Species in the category of Vulnerable<\/strong>, except for the populations of the Central System that are listed as Endangered. The Iberian desman (Galemys pyrenaicus) is a small semi-aquatic insectivorous mammal that is distributed throughout the northern half of the Iberian Peninsula, from the northern third of Portugal to the Pyrenees.    <\/p>\n<p>  The start of the action will take place in the province of Le\u00f3n, later extending to the rest of the provinces of the project (\u00c1vila, Palencia, Zamora, Salamanca and C\u00e1ceres). Technicians from the Junta de Castilla y Le\u00f3n, Cesefor and the Duero Hydrographic Confederation will collaborate in it, which highlights the collaboration and commitment of the entities that participate in the conservation and recovery of the Iberian desman. <br \/>\n&nbsp;<br \/>  The LIFE+ Desmania project, 50% co-financed by the European Commission within the framework of the LIFE+ programme, will be carried out between 2012 and 2016 in Natura 2000 Network areas in the provinces of \u00c1vila, Palencia, Le\u00f3n, Zamora, Salamanca and C\u00e1ceres. It is coordinated by the Biodiversity Foundation of the <a href=\"http:\/\/www.magrama.gob.es\/es\/\" target=\"_blank\" rel=\"noopener\">Ministry of Agriculture, Food and the Environment <\/a>and has as partners the ministry itself, the Junta de Castilla y Le\u00f3n, the Junta de Extremadura, CESEFOR, the Natural Heritage Foundation of Castilla y Le\u00f3n, SOMACYL and Tragsatec.<\/p>\n<p> The City Council of Valencia de Don Juan and the Association of Municipalities of the South of Le\u00f3n participate as co-financiers and has the support of the Hydrographic Confederations of Mi\u00f1o-Sil, Tagus and Duero, research centers and fishermen&#8217;s associations. <br \/>\n&nbsp;<\/p>\n","protected":false},"author":11,"featured_media":35476,"template":"","meta":{"_acf_changed":false},"palabras_clave":[35,45,34,36],"class_list":["post-97857787","actualidad_home","type-actualidad_home","status-publish","has-post-thumbnail","hentry","palabras_clave-biodiversidad","palabras_clave-desmania","palabras_clave-fundacion-biodiversidad","palabras_clave-medio-ambiente"],"acf":[],"yoast_head":"<!-- This site is optimized with the Yoast SEO plugin v26.9 - https:\/\/yoast.com\/product\/yoast-seo-wordpress\/ -->\n<title>Irrigators in mountain areas, allies of the LIFE+ Desmania project - Fundaci\u00f3n Biodiversidad<\/title>\n<meta name=\"robots\" content=\"index, follow, max-snippet:-1, max-image-preview:large, max-video-preview:-1\" \/>\n<link rel=\"canonical\" href=\"https:\/\/fundacion-biodiversidad.es\/en\/actualidad_home\/irrigators-in-mountain-areas-allies-of-the-life-desmania-project\/\" \/>\n<meta property=\"og:locale\" content=\"en_US\" \/>\n<meta property=\"og:type\" content=\"article\" \/>\n<meta property=\"og:title\" content=\"Irrigators in mountain areas, allies of the LIFE+ Desmania project - Fundaci\u00f3n Biodiversidad\" \/>\n<meta property=\"og:description\" content=\"Within the framework of the actions of the LIFE+ project Programme for the conservation and recovery of the Iberian Desman and its habitat in Castilla [&hellip;]\" \/>\n<meta property=\"og:url\" content=\"https:\/\/fundacion-biodiversidad.es\/en\/actualidad_home\/irrigators-in-mountain-areas-allies-of-the-life-desmania-project\/\" \/>\n<meta property=\"og:site_name\" content=\"Fundaci\u00f3n Biodiversidad\" \/>\n<meta property=\"og:image\" content=\"https:\/\/fundacion-biodiversidad.es\/wp-content\/uploads\/2023\/01\/2487661294_35330241_720x405.png\" \/>\n\t<meta property=\"og:image:width\" content=\"720\" \/>\n\t<meta property=\"og:image:height\" content=\"405\" \/>\n\t<meta property=\"og:image:type\" content=\"image\/png\" \/>\n<meta name=\"twitter:card\" content=\"summary_large_image\" \/>\n<meta name=\"twitter:label1\" content=\"Est. reading time\" \/>\n\t<meta name=\"twitter:data1\" content=\"2 minutes\" \/>\n<script type=\"application\/ld+json\" class=\"yoast-schema-graph\">{\"@context\":\"https:\/\/schema.org\",\"@graph\":[{\"@type\":\"WebPage\",\"@id\":\"https:\/\/fundacion-biodiversidad.es\/en\/actualidad_home\/irrigators-in-mountain-areas-allies-of-the-life-desmania-project\/\",\"url\":\"https:\/\/fundacion-biodiversidad.es\/en\/actualidad_home\/irrigators-in-mountain-areas-allies-of-the-life-desmania-project\/\",\"name\":\"Irrigators in mountain areas, allies of the LIFE+ Desmania project - Fundaci\u00f3n Biodiversidad\",\"isPartOf\":{\"@id\":\"https:\/\/fundacion-biodiversidad.es\/en\/#website\"},\"primaryImageOfPage\":{\"@id\":\"https:\/\/fundacion-biodiversidad.es\/en\/actualidad_home\/irrigators-in-mountain-areas-allies-of-the-life-desmania-project\/#primaryimage\"},\"image\":{\"@id\":\"https:\/\/fundacion-biodiversidad.es\/en\/actualidad_home\/irrigators-in-mountain-areas-allies-of-the-life-desmania-project\/#primaryimage\"},\"thumbnailUrl\":\"https:\/\/fundacion-biodiversidad.es\/wp-content\/uploads\/2014\/09\/prospecciones_rio_desman-scaled.jpg\",\"datePublished\":\"2014-09-26T05:57:43+00:00\",\"breadcrumb\":{\"@id\":\"https:\/\/fundacion-biodiversidad.es\/en\/actualidad_home\/irrigators-in-mountain-areas-allies-of-the-life-desmania-project\/#breadcrumb\"},\"inLanguage\":\"en-US\",\"potentialAction\":[{\"@type\":\"ReadAction\",\"target\":[\"https:\/\/fundacion-biodiversidad.es\/en\/actualidad_home\/irrigators-in-mountain-areas-allies-of-the-life-desmania-project\/\"]}]},{\"@type\":\"ImageObject\",\"inLanguage\":\"en-US\",\"@id\":\"https:\/\/fundacion-biodiversidad.es\/en\/actualidad_home\/irrigators-in-mountain-areas-allies-of-the-life-desmania-project\/#primaryimage\",\"url\":\"https:\/\/fundacion-biodiversidad.es\/wp-content\/uploads\/2014\/09\/prospecciones_rio_desman-scaled.jpg\",\"contentUrl\":\"https:\/\/fundacion-biodiversidad.es\/wp-content\/uploads\/2014\/09\/prospecciones_rio_desman-scaled.jpg\",\"width\":2560,\"height\":1920},{\"@type\":\"BreadcrumbList\",\"@id\":\"https:\/\/fundacion-biodiversidad.es\/en\/actualidad_home\/irrigators-in-mountain-areas-allies-of-the-life-desmania-project\/#breadcrumb\",\"itemListElement\":[{\"@type\":\"ListItem\",\"position\":1,\"name\":\"Portada\",\"item\":\"https:\/\/fundacion-biodiversidad.es\/en\/inicio\/\"},{\"@type\":\"ListItem\",\"position\":2,\"name\":\"Noticias de actualidad\",\"item\":\"https:\/\/fundacion-biodiversidad.es\/en\/actualidad_home\/\"},{\"@type\":\"ListItem\",\"position\":3,\"name\":\"Irrigators in mountain areas, allies of the LIFE+ Desmania project\"}]},{\"@type\":\"WebSite\",\"@id\":\"https:\/\/fundacion-biodiversidad.es\/en\/#website\",\"url\":\"https:\/\/fundacion-biodiversidad.es\/en\/\",\"name\":\"Fundaci\u00f3n Biodiversidad\",\"description\":\"Fundaci\u00f3n p\u00fablica adscrita al Ministerio para la Transici\u00f3n Ecol\u00f3gica\",\"potentialAction\":[{\"@type\":\"SearchAction\",\"target\":{\"@type\":\"EntryPoint\",\"urlTemplate\":\"https:\/\/fundacion-biodiversidad.es\/en\/?s={search_term_string}\"},\"query-input\":{\"@type\":\"PropertyValueSpecification\",\"valueRequired\":true,\"valueName\":\"search_term_string\"}}],\"inLanguage\":\"en-US\"}]}<\/script>\n<!-- \/ Yoast SEO plugin. -->","yoast_head_json":{"title":"Irrigators in mountain areas, allies of the LIFE+ Desmania project - Fundaci\u00f3n Biodiversidad","robots":{"index":"index","follow":"follow","max-snippet":"max-snippet:-1","max-image-preview":"max-image-preview:large","max-video-preview":"max-video-preview:-1"},"canonical":"https:\/\/fundacion-biodiversidad.es\/en\/actualidad_home\/irrigators-in-mountain-areas-allies-of-the-life-desmania-project\/","og_locale":"en_US","og_type":"article","og_title":"Irrigators in mountain areas, allies of the LIFE+ Desmania project - Fundaci\u00f3n Biodiversidad","og_description":"Within the framework of the actions of the LIFE+ project Programme for the conservation and recovery of the Iberian Desman and its habitat in Castilla [&hellip;]","og_url":"https:\/\/fundacion-biodiversidad.es\/en\/actualidad_home\/irrigators-in-mountain-areas-allies-of-the-life-desmania-project\/","og_site_name":"Fundaci\u00f3n Biodiversidad","og_image":[{"width":720,"height":405,"url":"https:\/\/fundacion-biodiversidad.es\/wp-content\/uploads\/2023\/01\/2487661294_35330241_720x405.png","type":"image\/png"}],"twitter_card":"summary_large_image","twitter_misc":{"Est. reading time":"2 minutes"},"schema":{"@context":"https:\/\/schema.org","@graph":[{"@type":"WebPage","@id":"https:\/\/fundacion-biodiversidad.es\/en\/actualidad_home\/irrigators-in-mountain-areas-allies-of-the-life-desmania-project\/","url":"https:\/\/fundacion-biodiversidad.es\/en\/actualidad_home\/irrigators-in-mountain-areas-allies-of-the-life-desmania-project\/","name":"Irrigators in mountain areas, allies of the LIFE+ Desmania project - Fundaci\u00f3n Biodiversidad","isPartOf":{"@id":"https:\/\/fundacion-biodiversidad.es\/en\/#website"},"primaryImageOfPage":{"@id":"https:\/\/fundacion-biodiversidad.es\/en\/actualidad_home\/irrigators-in-mountain-areas-allies-of-the-life-desmania-project\/#primaryimage"},"image":{"@id":"https:\/\/fundacion-biodiversidad.es\/en\/actualidad_home\/irrigators-in-mountain-areas-allies-of-the-life-desmania-project\/#primaryimage"},"thumbnailUrl":"https:\/\/fundacion-biodiversidad.es\/wp-content\/uploads\/2014\/09\/prospecciones_rio_desman-scaled.jpg","datePublished":"2014-09-26T05:57:43+00:00","breadcrumb":{"@id":"https:\/\/fundacion-biodiversidad.es\/en\/actualidad_home\/irrigators-in-mountain-areas-allies-of-the-life-desmania-project\/#breadcrumb"},"inLanguage":"en-US","potentialAction":[{"@type":"ReadAction","target":["https:\/\/fundacion-biodiversidad.es\/en\/actualidad_home\/irrigators-in-mountain-areas-allies-of-the-life-desmania-project\/"]}]},{"@type":"ImageObject","inLanguage":"en-US","@id":"https:\/\/fundacion-biodiversidad.es\/en\/actualidad_home\/irrigators-in-mountain-areas-allies-of-the-life-desmania-project\/#primaryimage","url":"https:\/\/fundacion-biodiversidad.es\/wp-content\/uploads\/2014\/09\/prospecciones_rio_desman-scaled.jpg","contentUrl":"https:\/\/fundacion-biodiversidad.es\/wp-content\/uploads\/2014\/09\/prospecciones_rio_desman-scaled.jpg","width":2560,"height":1920},{"@type":"BreadcrumbList","@id":"https:\/\/fundacion-biodiversidad.es\/en\/actualidad_home\/irrigators-in-mountain-areas-allies-of-the-life-desmania-project\/#breadcrumb","itemListElement":[{"@type":"ListItem","position":1,"name":"Portada","item":"https:\/\/fundacion-biodiversidad.es\/en\/inicio\/"},{"@type":"ListItem","position":2,"name":"Noticias de actualidad","item":"https:\/\/fundacion-biodiversidad.es\/en\/actualidad_home\/"},{"@type":"ListItem","position":3,"name":"Irrigators in mountain areas, allies of the LIFE+ Desmania project"}]},{"@type":"WebSite","@id":"https:\/\/fundacion-biodiversidad.es\/en\/#website","url":"https:\/\/fundacion-biodiversidad.es\/en\/","name":"Fundaci\u00f3n Biodiversidad","description":"Fundaci\u00f3n p\u00fablica adscrita al Ministerio para la Transici\u00f3n Ecol\u00f3gica","potentialAction":[{"@type":"SearchAction","target":{"@type":"EntryPoint","urlTemplate":"https:\/\/fundacion-biodiversidad.es\/en\/?s={search_term_string}"},"query-input":{"@type":"PropertyValueSpecification","valueRequired":true,"valueName":"search_term_string"}}],"inLanguage":"en-US"}]}},"_links":{"self":[{"href":"https:\/\/fundacion-biodiversidad.es\/en\/wp-json\/wp\/v2\/actualidad_home\/97857787","targetHints":{"allow":["GET"]}}],"collection":[{"href":"https:\/\/fundacion-biodiversidad.es\/en\/wp-json\/wp\/v2\/actualidad_home"}],"about":[{"href":"https:\/\/fundacion-biodiversidad.es\/en\/wp-json\/wp\/v2\/types\/actualidad_home"}],"author":[{"embeddable":true,"href":"https:\/\/fundacion-biodiversidad.es\/en\/wp-json\/wp\/v2\/users\/11"}],"wp:featuredmedia":[{"embeddable":true,"href":"https:\/\/fundacion-biodiversidad.es\/en\/wp-json\/wp\/v2\/media\/35476"}],"wp:attachment":[{"href":"https:\/\/fundacion-biodiversidad.es\/en\/wp-json\/wp\/v2\/media?parent=97857787"}],"wp:term":[{"taxonomy":"palabras_clave","embeddable":true,"href":"https:\/\/fundacion-biodiversidad.es\/en\/wp-json\/wp\/v2\/palabras_clave?post=97857787"}],"curies":[{"name":"wp","href":"https:\/\/api.w.org\/{rel}","templated":true}]}}