{"id":97857793,"date":"2014-09-23T10:57:31","date_gmt":"2014-09-23T08:57:31","guid":{"rendered":"https:\/\/fundacion-biodiversidad.es\/actualidad_home\/seville-hosts-a-conference-with-entrepreneurs-and-investors-from-the-emprendeverde-network\/"},"modified":"2014-09-23T10:57:31","modified_gmt":"2014-09-23T08:57:31","slug":"seville-hosts-a-conference-with-entrepreneurs-and-investors-from-the-emprendeverde-network","status":"publish","type":"actualidad_home","link":"https:\/\/fundacion-biodiversidad.es\/en\/actualidad_home\/seville-hosts-a-conference-with-entrepreneurs-and-investors-from-the-emprendeverde-network\/","title":{"rendered":"Seville hosts a conference with entrepreneurs and investors from the Emprendeverde Network"},"content":{"rendered":"<p><strong>The Biodiversity Foundation of the Ministry of Agriculture, Food and the Environment<\/strong> is celebrating, at its headquarters in Seville, together with the <a href=\"http:\/\/www.incyde.org\/\">INCYDE Foundation<\/a>, a <strong>demo-day conference for investors and a showcase for business projects<\/strong>. The objective is to give visibility to the entrepreneurs of the Emprendeverde Network and put them in contact with potential investors. <br \/>\n&nbsp;<br \/>  The two activities, the demo-day and the Project Showcase, have focused, respectively, on the <strong>presentation of projects to potential investors<\/strong> and on the dissemination of companies linked to the green economy. Some of the companies that have participated in this presentation are <a href=\"http:\/\/www.escaparate.redemprendeverde.es\/e\/greenway\">Green Way<\/a>, a web platform for sustainable labour mobility aimed at companies and public organisations; <a href=\"http:\/\/www.redemprendeverde.es\/pg\/entrevistas\/admin\/read\/55626\/ciclogreen\">Ciclogreen<\/a>, an online platform where companies reward citizens for their sustainable mobility practices, and <a href=\"http:\/\/escaparate.redemprendeverde.es\/e\/metrica6\">M\u00e9trica 6<\/a>, a company dedicated to the development and marketing of Dolphin, a water-saving device in the home, which will allow the user to reduce up to 40% of the drinking water consumed. <br \/>\n&nbsp;<br \/>  In line with this day, a <strong>presentation<\/strong> was also held, by a <strong>business angel<\/strong>, on business creation and investment.<br \/>\n&nbsp;<br \/>  The event is part of the <strong>SAAF project <\/strong>of the INCYDE Foundation, focused on meeting the needs of all parties involved in the area of entrepreneurship: from guidance on the different ways of financing and how to opt for them (the most frequent demand of entrepreneurs) to financial education of the same, one of the main requirements of investors. This project has been in development since last year and to date it has already trained 400 people. <br \/>\n&nbsp;<br \/>  This day is part of the calendar of activities programmed by the <strong>Biodiversity Foundation <\/strong>for this quarter at its <strong>headquarters in Seville.<\/strong> Among them, the course <strong>&#8220;Ecology applied to companies&#8221;,<\/strong> which will be held <strong>between October 8 and 30<\/strong> with the collaboration of the Men\u00e9ndez Pelayo International University.<br \/>\n&nbsp;<br \/>  The &#8220;<strong>Conference on the Common Fisheries Policy, Fisheries Sustainability and Information Provided to the Final Consumer on Fishery Products&#8221; <\/strong>will also take place on <strong>24 November <\/strong>and the &#8220;<strong>Presentation of the results of the Greenhouse Gas Conversion and Recovery project&#8221;<\/strong> on <strong>12 December.<\/strong>&nbsp;<\/p>\n","protected":false},"author":11,"featured_media":35473,"template":"","meta":{"_acf_changed":false},"palabras_clave":[],"class_list":["post-97857793","actualidad_home","type-actualidad_home","status-publish","has-post-thumbnail","hentry"],"acf":[],"yoast_head":"<!-- This site is optimized with the Yoast SEO plugin v26.9 - https:\/\/yoast.com\/product\/yoast-seo-wordpress\/ -->\n<title>Seville hosts a conference with entrepreneurs and investors from the Emprendeverde Network - Fundaci\u00f3n Biodiversidad<\/title>\n<meta name=\"robots\" content=\"index, follow, max-snippet:-1, max-image-preview:large, max-video-preview:-1\" \/>\n<link rel=\"canonical\" href=\"https:\/\/fundacion-biodiversidad.es\/en\/actualidad_home\/seville-hosts-a-conference-with-entrepreneurs-and-investors-from-the-emprendeverde-network\/\" \/>\n<meta property=\"og:locale\" content=\"en_US\" \/>\n<meta property=\"og:type\" content=\"article\" \/>\n<meta property=\"og:title\" content=\"Seville hosts a conference with entrepreneurs and investors from the Emprendeverde Network - Fundaci\u00f3n Biodiversidad\" \/>\n<meta property=\"og:description\" content=\"The Biodiversity Foundation of the Ministry of Agriculture, Food and the Environment is celebrating, at its headquarters in Seville, together with the INCYDE Foundation, a [&hellip;]\" \/>\n<meta property=\"og:url\" content=\"https:\/\/fundacion-biodiversidad.es\/en\/actualidad_home\/seville-hosts-a-conference-with-entrepreneurs-and-investors-from-the-emprendeverde-network\/\" \/>\n<meta property=\"og:site_name\" content=\"Fundaci\u00f3n Biodiversidad\" \/>\n<meta property=\"og:image\" content=\"https:\/\/fundacion-biodiversidad.es\/wp-content\/uploads\/2023\/01\/2487661294_35330241_720x405.png\" \/>\n\t<meta property=\"og:image:width\" content=\"720\" \/>\n\t<meta property=\"og:image:height\" content=\"405\" \/>\n\t<meta property=\"og:image:type\" content=\"image\/png\" \/>\n<meta name=\"twitter:card\" content=\"summary_large_image\" \/>\n<meta name=\"twitter:label1\" content=\"Est. reading time\" \/>\n\t<meta name=\"twitter:data1\" content=\"2 minutes\" \/>\n<script type=\"application\/ld+json\" class=\"yoast-schema-graph\">{\"@context\":\"https:\/\/schema.org\",\"@graph\":[{\"@type\":\"WebPage\",\"@id\":\"https:\/\/fundacion-biodiversidad.es\/en\/actualidad_home\/seville-hosts-a-conference-with-entrepreneurs-and-investors-from-the-emprendeverde-network\/\",\"url\":\"https:\/\/fundacion-biodiversidad.es\/en\/actualidad_home\/seville-hosts-a-conference-with-entrepreneurs-and-investors-from-the-emprendeverde-network\/\",\"name\":\"Seville hosts a conference with entrepreneurs and investors from the Emprendeverde Network - Fundaci\u00f3n Biodiversidad\",\"isPartOf\":{\"@id\":\"https:\/\/fundacion-biodiversidad.es\/en\/#website\"},\"primaryImageOfPage\":{\"@id\":\"https:\/\/fundacion-biodiversidad.es\/en\/actualidad_home\/seville-hosts-a-conference-with-entrepreneurs-and-investors-from-the-emprendeverde-network\/#primaryimage\"},\"image\":{\"@id\":\"https:\/\/fundacion-biodiversidad.es\/en\/actualidad_home\/seville-hosts-a-conference-with-entrepreneurs-and-investors-from-the-emprendeverde-network\/#primaryimage\"},\"thumbnailUrl\":\"https:\/\/fundacion-biodiversidad.es\/wp-content\/uploads\/2014\/09\/jornada_inversores_emprendedores_sevilla.jpg\",\"datePublished\":\"2014-09-23T08:57:31+00:00\",\"breadcrumb\":{\"@id\":\"https:\/\/fundacion-biodiversidad.es\/en\/actualidad_home\/seville-hosts-a-conference-with-entrepreneurs-and-investors-from-the-emprendeverde-network\/#breadcrumb\"},\"inLanguage\":\"en-US\",\"potentialAction\":[{\"@type\":\"ReadAction\",\"target\":[\"https:\/\/fundacion-biodiversidad.es\/en\/actualidad_home\/seville-hosts-a-conference-with-entrepreneurs-and-investors-from-the-emprendeverde-network\/\"]}]},{\"@type\":\"ImageObject\",\"inLanguage\":\"en-US\",\"@id\":\"https:\/\/fundacion-biodiversidad.es\/en\/actualidad_home\/seville-hosts-a-conference-with-entrepreneurs-and-investors-from-the-emprendeverde-network\/#primaryimage\",\"url\":\"https:\/\/fundacion-biodiversidad.es\/wp-content\/uploads\/2014\/09\/jornada_inversores_emprendedores_sevilla.jpg\",\"contentUrl\":\"https:\/\/fundacion-biodiversidad.es\/wp-content\/uploads\/2014\/09\/jornada_inversores_emprendedores_sevilla.jpg\",\"width\":682,\"height\":383},{\"@type\":\"BreadcrumbList\",\"@id\":\"https:\/\/fundacion-biodiversidad.es\/en\/actualidad_home\/seville-hosts-a-conference-with-entrepreneurs-and-investors-from-the-emprendeverde-network\/#breadcrumb\",\"itemListElement\":[{\"@type\":\"ListItem\",\"position\":1,\"name\":\"Portada\",\"item\":\"https:\/\/fundacion-biodiversidad.es\/en\/inicio\/\"},{\"@type\":\"ListItem\",\"position\":2,\"name\":\"Noticias de actualidad\",\"item\":\"https:\/\/fundacion-biodiversidad.es\/en\/actualidad_home\/\"},{\"@type\":\"ListItem\",\"position\":3,\"name\":\"Seville hosts a conference with entrepreneurs and investors from the Emprendeverde Network\"}]},{\"@type\":\"WebSite\",\"@id\":\"https:\/\/fundacion-biodiversidad.es\/en\/#website\",\"url\":\"https:\/\/fundacion-biodiversidad.es\/en\/\",\"name\":\"Fundaci\u00f3n Biodiversidad\",\"description\":\"Fundaci\u00f3n p\u00fablica adscrita al Ministerio para la Transici\u00f3n Ecol\u00f3gica\",\"potentialAction\":[{\"@type\":\"SearchAction\",\"target\":{\"@type\":\"EntryPoint\",\"urlTemplate\":\"https:\/\/fundacion-biodiversidad.es\/en\/?s={search_term_string}\"},\"query-input\":{\"@type\":\"PropertyValueSpecification\",\"valueRequired\":true,\"valueName\":\"search_term_string\"}}],\"inLanguage\":\"en-US\"}]}<\/script>\n<!-- \/ Yoast SEO plugin. -->","yoast_head_json":{"title":"Seville hosts a conference with entrepreneurs and investors from the Emprendeverde Network - Fundaci\u00f3n Biodiversidad","robots":{"index":"index","follow":"follow","max-snippet":"max-snippet:-1","max-image-preview":"max-image-preview:large","max-video-preview":"max-video-preview:-1"},"canonical":"https:\/\/fundacion-biodiversidad.es\/en\/actualidad_home\/seville-hosts-a-conference-with-entrepreneurs-and-investors-from-the-emprendeverde-network\/","og_locale":"en_US","og_type":"article","og_title":"Seville hosts a conference with entrepreneurs and investors from the Emprendeverde Network - Fundaci\u00f3n Biodiversidad","og_description":"The Biodiversity Foundation of the Ministry of Agriculture, Food and the Environment is celebrating, at its headquarters in Seville, together with the INCYDE Foundation, a [&hellip;]","og_url":"https:\/\/fundacion-biodiversidad.es\/en\/actualidad_home\/seville-hosts-a-conference-with-entrepreneurs-and-investors-from-the-emprendeverde-network\/","og_site_name":"Fundaci\u00f3n Biodiversidad","og_image":[{"width":720,"height":405,"url":"https:\/\/fundacion-biodiversidad.es\/wp-content\/uploads\/2023\/01\/2487661294_35330241_720x405.png","type":"image\/png"}],"twitter_card":"summary_large_image","twitter_misc":{"Est. reading time":"2 minutes"},"schema":{"@context":"https:\/\/schema.org","@graph":[{"@type":"WebPage","@id":"https:\/\/fundacion-biodiversidad.es\/en\/actualidad_home\/seville-hosts-a-conference-with-entrepreneurs-and-investors-from-the-emprendeverde-network\/","url":"https:\/\/fundacion-biodiversidad.es\/en\/actualidad_home\/seville-hosts-a-conference-with-entrepreneurs-and-investors-from-the-emprendeverde-network\/","name":"Seville hosts a conference with entrepreneurs and investors from the Emprendeverde Network - Fundaci\u00f3n Biodiversidad","isPartOf":{"@id":"https:\/\/fundacion-biodiversidad.es\/en\/#website"},"primaryImageOfPage":{"@id":"https:\/\/fundacion-biodiversidad.es\/en\/actualidad_home\/seville-hosts-a-conference-with-entrepreneurs-and-investors-from-the-emprendeverde-network\/#primaryimage"},"image":{"@id":"https:\/\/fundacion-biodiversidad.es\/en\/actualidad_home\/seville-hosts-a-conference-with-entrepreneurs-and-investors-from-the-emprendeverde-network\/#primaryimage"},"thumbnailUrl":"https:\/\/fundacion-biodiversidad.es\/wp-content\/uploads\/2014\/09\/jornada_inversores_emprendedores_sevilla.jpg","datePublished":"2014-09-23T08:57:31+00:00","breadcrumb":{"@id":"https:\/\/fundacion-biodiversidad.es\/en\/actualidad_home\/seville-hosts-a-conference-with-entrepreneurs-and-investors-from-the-emprendeverde-network\/#breadcrumb"},"inLanguage":"en-US","potentialAction":[{"@type":"ReadAction","target":["https:\/\/fundacion-biodiversidad.es\/en\/actualidad_home\/seville-hosts-a-conference-with-entrepreneurs-and-investors-from-the-emprendeverde-network\/"]}]},{"@type":"ImageObject","inLanguage":"en-US","@id":"https:\/\/fundacion-biodiversidad.es\/en\/actualidad_home\/seville-hosts-a-conference-with-entrepreneurs-and-investors-from-the-emprendeverde-network\/#primaryimage","url":"https:\/\/fundacion-biodiversidad.es\/wp-content\/uploads\/2014\/09\/jornada_inversores_emprendedores_sevilla.jpg","contentUrl":"https:\/\/fundacion-biodiversidad.es\/wp-content\/uploads\/2014\/09\/jornada_inversores_emprendedores_sevilla.jpg","width":682,"height":383},{"@type":"BreadcrumbList","@id":"https:\/\/fundacion-biodiversidad.es\/en\/actualidad_home\/seville-hosts-a-conference-with-entrepreneurs-and-investors-from-the-emprendeverde-network\/#breadcrumb","itemListElement":[{"@type":"ListItem","position":1,"name":"Portada","item":"https:\/\/fundacion-biodiversidad.es\/en\/inicio\/"},{"@type":"ListItem","position":2,"name":"Noticias de actualidad","item":"https:\/\/fundacion-biodiversidad.es\/en\/actualidad_home\/"},{"@type":"ListItem","position":3,"name":"Seville hosts a conference with entrepreneurs and investors from the Emprendeverde Network"}]},{"@type":"WebSite","@id":"https:\/\/fundacion-biodiversidad.es\/en\/#website","url":"https:\/\/fundacion-biodiversidad.es\/en\/","name":"Fundaci\u00f3n Biodiversidad","description":"Fundaci\u00f3n p\u00fablica adscrita al Ministerio para la Transici\u00f3n Ecol\u00f3gica","potentialAction":[{"@type":"SearchAction","target":{"@type":"EntryPoint","urlTemplate":"https:\/\/fundacion-biodiversidad.es\/en\/?s={search_term_string}"},"query-input":{"@type":"PropertyValueSpecification","valueRequired":true,"valueName":"search_term_string"}}],"inLanguage":"en-US"}]}},"_links":{"self":[{"href":"https:\/\/fundacion-biodiversidad.es\/en\/wp-json\/wp\/v2\/actualidad_home\/97857793","targetHints":{"allow":["GET"]}}],"collection":[{"href":"https:\/\/fundacion-biodiversidad.es\/en\/wp-json\/wp\/v2\/actualidad_home"}],"about":[{"href":"https:\/\/fundacion-biodiversidad.es\/en\/wp-json\/wp\/v2\/types\/actualidad_home"}],"author":[{"embeddable":true,"href":"https:\/\/fundacion-biodiversidad.es\/en\/wp-json\/wp\/v2\/users\/11"}],"wp:featuredmedia":[{"embeddable":true,"href":"https:\/\/fundacion-biodiversidad.es\/en\/wp-json\/wp\/v2\/media\/35473"}],"wp:attachment":[{"href":"https:\/\/fundacion-biodiversidad.es\/en\/wp-json\/wp\/v2\/media?parent=97857793"}],"wp:term":[{"taxonomy":"palabras_clave","embeddable":true,"href":"https:\/\/fundacion-biodiversidad.es\/en\/wp-json\/wp\/v2\/palabras_clave?post=97857793"}],"curies":[{"name":"wp","href":"https:\/\/api.w.org\/{rel}","templated":true}]}}