{"id":97857795,"date":"2014-09-22T14:49:21","date_gmt":"2014-09-22T12:49:21","guid":{"rendered":"https:\/\/fundacion-biodiversidad.es\/actualidad_home\/conference-to-learn-about-the-adaptecca-platform\/"},"modified":"2014-09-22T14:49:21","modified_gmt":"2014-09-22T12:49:21","slug":"conference-to-learn-about-the-adaptecca-platform","status":"publish","type":"actualidad_home","link":"https:\/\/fundacion-biodiversidad.es\/en\/actualidad_home\/conference-to-learn-about-the-adaptecca-platform\/","title":{"rendered":"Conference to learn about the AdapteCCa platform"},"content":{"rendered":"<p><strong><a href=\"http:\/\/adaptecca.es\/\">Adaptecca<\/a>, <\/strong> a web platform on adaptation to climate change in Spain and promoted by the<strong> Biodiversity Foundation of the Ministry of Agriculture, Food and the Environment<\/strong> together with the <strong>Spanish Office for Climate Change<\/strong> <strong><a href=\"http:\/\/www.magrama.gob.es\/es\/ceneam\/recursos\/quien-es-quien\/oficina_cc.aspx\">(OECC),<\/a><\/strong> has been the meeting point of a conference held at Caixa Forum, in Madrid.<\/p>\n<p> The objective of this conference has been to promote the dissemination of the Adaptecca website and training in its use and management. In addition, a <strong>debate space<\/strong> was held in which options for <strong>dynamizing and improving the content and functionalities <\/strong>of the online platform were discussed. This is intended to achieve a <strong>multiplier effect<\/strong>, in which the participants in the conference act as amplifiers in their fields and networks of experts of said platform, thus adding more users.<\/p>\n<p> The purpose of AdapteCCa is to create a<strong> common working space<\/strong>, serving as an instrument for the exchange of information and communication between all experts in the field of assessment of impacts, vulnerability and adaptation to climate change. In this way, the website is intended to facilitate the <strong>coordination and transfer of knowledge and experiences<\/strong> between the different Spanish administrations, as well as between the scientific and technical community, planners and managers \u2013 both public and private \u2013 and other agents.     &nbsp;The <strong>establishment of a multidirectional channel<\/strong> between all of them is one of the primary objectives of the platform.<\/p>\n<p>  This project is part of the activities<a href=\"http:\/\/www.magrama.gob.es\/es\/cambio-climatico\/temas\/impactos-vulnerabilidad-y-adaptacion\/plan-nacional-adaptacion-cambio-climatico\/\"><strong> of the National Plan for Adaptation to Climate Change (PNACC),<\/strong><\/a> designed to achieve maximum synergy with the corresponding European Climate-Adapt platform.<\/p>\n<p>  The National Plan for Adaptation to Climate Change (PNACC) is the general framework of reference for the assessment of impacts, vulnerability and adaptation to climate change in our country. AdapteCCa is framed under this umbrella, helping to strengthen the structure of the PNACC in its axis of mobilisation of actors and its pillar of coordination between administrations. <\/p>\n<p>  At the European level, the basic reference is the <strong>European Adaptation Strategy<\/strong>, whose fundamental pillar is the <a href=\"http:\/\/climate-adapt.eea.europa.eu\/\" target=\"_blank\" rel=\"noopener\"><strong>European Platform on Adaptation, Climate-Adapt<\/strong><\/a>, an initiative of the European Commission to promote access to and exchange of information on adaptation on the sectors where there are Community policies and on the frameworks and initiatives of the Member States in this field.<\/p>\n<p>  The national AdapteCCa platform has been designed taking into full consideration and seeking maximum synergy with the aforementioned European platform. In the conception and development of AdapteCCa, <strong>the European Commission and the European Environment Agency<\/strong> have an important role to play in maximising the complementarity between the two platforms. <\/p>\n","protected":false},"author":11,"featured_media":35472,"template":"","meta":{"_acf_changed":false},"palabras_clave":[38,35,37,34,40,41,36,39],"class_list":["post-97857795","actualidad_home","type-actualidad_home","status-publish","has-post-thumbnail","hentry","palabras_clave-adaptecca","palabras_clave-biodiversidad","palabras_clave-cambio-climatico","palabras_clave-fundacion-biodiversidad","palabras_clave-inauguracion","palabras_clave-jornada","palabras_clave-medio-ambiente","palabras_clave-oecc"],"acf":[],"yoast_head":"<!-- This site is optimized with the Yoast SEO plugin v26.9 - https:\/\/yoast.com\/product\/yoast-seo-wordpress\/ -->\n<title>Conference to learn about the AdapteCCa platform - Fundaci\u00f3n Biodiversidad<\/title>\n<meta name=\"robots\" content=\"index, follow, max-snippet:-1, max-image-preview:large, max-video-preview:-1\" \/>\n<link rel=\"canonical\" href=\"https:\/\/fundacion-biodiversidad.es\/en\/actualidad_home\/conference-to-learn-about-the-adaptecca-platform\/\" \/>\n<meta property=\"og:locale\" content=\"en_US\" \/>\n<meta property=\"og:type\" content=\"article\" \/>\n<meta property=\"og:title\" content=\"Conference to learn about the AdapteCCa platform - Fundaci\u00f3n Biodiversidad\" \/>\n<meta property=\"og:description\" content=\"Adaptecca, a web platform on adaptation to climate change in Spain and promoted by the Biodiversity Foundation of the Ministry of Agriculture, Food and the [&hellip;]\" \/>\n<meta property=\"og:url\" content=\"https:\/\/fundacion-biodiversidad.es\/en\/actualidad_home\/conference-to-learn-about-the-adaptecca-platform\/\" \/>\n<meta property=\"og:site_name\" content=\"Fundaci\u00f3n Biodiversidad\" \/>\n<meta property=\"og:image\" content=\"https:\/\/fundacion-biodiversidad.es\/wp-content\/uploads\/2023\/01\/2487661294_35330241_720x405.png\" \/>\n\t<meta property=\"og:image:width\" content=\"720\" \/>\n\t<meta property=\"og:image:height\" content=\"405\" \/>\n\t<meta property=\"og:image:type\" content=\"image\/png\" \/>\n<meta name=\"twitter:card\" content=\"summary_large_image\" \/>\n<meta name=\"twitter:label1\" content=\"Est. reading time\" \/>\n\t<meta name=\"twitter:data1\" content=\"2 minutes\" \/>\n<script type=\"application\/ld+json\" class=\"yoast-schema-graph\">{\"@context\":\"https:\/\/schema.org\",\"@graph\":[{\"@type\":\"WebPage\",\"@id\":\"https:\/\/fundacion-biodiversidad.es\/en\/actualidad_home\/conference-to-learn-about-the-adaptecca-platform\/\",\"url\":\"https:\/\/fundacion-biodiversidad.es\/en\/actualidad_home\/conference-to-learn-about-the-adaptecca-platform\/\",\"name\":\"Conference to learn about the AdapteCCa platform - Fundaci\u00f3n Biodiversidad\",\"isPartOf\":{\"@id\":\"https:\/\/fundacion-biodiversidad.es\/en\/#website\"},\"primaryImageOfPage\":{\"@id\":\"https:\/\/fundacion-biodiversidad.es\/en\/actualidad_home\/conference-to-learn-about-the-adaptecca-platform\/#primaryimage\"},\"image\":{\"@id\":\"https:\/\/fundacion-biodiversidad.es\/en\/actualidad_home\/conference-to-learn-about-the-adaptecca-platform\/#primaryimage\"},\"thumbnailUrl\":\"https:\/\/fundacion-biodiversidad.es\/wp-content\/uploads\/2014\/09\/inauguracion_jornada_adaptecca-scaled.jpg\",\"datePublished\":\"2014-09-22T12:49:21+00:00\",\"breadcrumb\":{\"@id\":\"https:\/\/fundacion-biodiversidad.es\/en\/actualidad_home\/conference-to-learn-about-the-adaptecca-platform\/#breadcrumb\"},\"inLanguage\":\"en-US\",\"potentialAction\":[{\"@type\":\"ReadAction\",\"target\":[\"https:\/\/fundacion-biodiversidad.es\/en\/actualidad_home\/conference-to-learn-about-the-adaptecca-platform\/\"]}]},{\"@type\":\"ImageObject\",\"inLanguage\":\"en-US\",\"@id\":\"https:\/\/fundacion-biodiversidad.es\/en\/actualidad_home\/conference-to-learn-about-the-adaptecca-platform\/#primaryimage\",\"url\":\"https:\/\/fundacion-biodiversidad.es\/wp-content\/uploads\/2014\/09\/inauguracion_jornada_adaptecca-scaled.jpg\",\"contentUrl\":\"https:\/\/fundacion-biodiversidad.es\/wp-content\/uploads\/2014\/09\/inauguracion_jornada_adaptecca-scaled.jpg\",\"width\":2560,\"height\":1361},{\"@type\":\"BreadcrumbList\",\"@id\":\"https:\/\/fundacion-biodiversidad.es\/en\/actualidad_home\/conference-to-learn-about-the-adaptecca-platform\/#breadcrumb\",\"itemListElement\":[{\"@type\":\"ListItem\",\"position\":1,\"name\":\"Portada\",\"item\":\"https:\/\/fundacion-biodiversidad.es\/en\/inicio\/\"},{\"@type\":\"ListItem\",\"position\":2,\"name\":\"Noticias de actualidad\",\"item\":\"https:\/\/fundacion-biodiversidad.es\/en\/actualidad_home\/\"},{\"@type\":\"ListItem\",\"position\":3,\"name\":\"Conference to learn about the AdapteCCa platform\"}]},{\"@type\":\"WebSite\",\"@id\":\"https:\/\/fundacion-biodiversidad.es\/en\/#website\",\"url\":\"https:\/\/fundacion-biodiversidad.es\/en\/\",\"name\":\"Fundaci\u00f3n Biodiversidad\",\"description\":\"Fundaci\u00f3n p\u00fablica adscrita al Ministerio para la Transici\u00f3n Ecol\u00f3gica\",\"potentialAction\":[{\"@type\":\"SearchAction\",\"target\":{\"@type\":\"EntryPoint\",\"urlTemplate\":\"https:\/\/fundacion-biodiversidad.es\/en\/?s={search_term_string}\"},\"query-input\":{\"@type\":\"PropertyValueSpecification\",\"valueRequired\":true,\"valueName\":\"search_term_string\"}}],\"inLanguage\":\"en-US\"}]}<\/script>\n<!-- \/ Yoast SEO plugin. -->","yoast_head_json":{"title":"Conference to learn about the AdapteCCa platform - Fundaci\u00f3n Biodiversidad","robots":{"index":"index","follow":"follow","max-snippet":"max-snippet:-1","max-image-preview":"max-image-preview:large","max-video-preview":"max-video-preview:-1"},"canonical":"https:\/\/fundacion-biodiversidad.es\/en\/actualidad_home\/conference-to-learn-about-the-adaptecca-platform\/","og_locale":"en_US","og_type":"article","og_title":"Conference to learn about the AdapteCCa platform - Fundaci\u00f3n Biodiversidad","og_description":"Adaptecca, a web platform on adaptation to climate change in Spain and promoted by the Biodiversity Foundation of the Ministry of Agriculture, Food and the [&hellip;]","og_url":"https:\/\/fundacion-biodiversidad.es\/en\/actualidad_home\/conference-to-learn-about-the-adaptecca-platform\/","og_site_name":"Fundaci\u00f3n Biodiversidad","og_image":[{"width":720,"height":405,"url":"https:\/\/fundacion-biodiversidad.es\/wp-content\/uploads\/2023\/01\/2487661294_35330241_720x405.png","type":"image\/png"}],"twitter_card":"summary_large_image","twitter_misc":{"Est. reading time":"2 minutes"},"schema":{"@context":"https:\/\/schema.org","@graph":[{"@type":"WebPage","@id":"https:\/\/fundacion-biodiversidad.es\/en\/actualidad_home\/conference-to-learn-about-the-adaptecca-platform\/","url":"https:\/\/fundacion-biodiversidad.es\/en\/actualidad_home\/conference-to-learn-about-the-adaptecca-platform\/","name":"Conference to learn about the AdapteCCa platform - Fundaci\u00f3n Biodiversidad","isPartOf":{"@id":"https:\/\/fundacion-biodiversidad.es\/en\/#website"},"primaryImageOfPage":{"@id":"https:\/\/fundacion-biodiversidad.es\/en\/actualidad_home\/conference-to-learn-about-the-adaptecca-platform\/#primaryimage"},"image":{"@id":"https:\/\/fundacion-biodiversidad.es\/en\/actualidad_home\/conference-to-learn-about-the-adaptecca-platform\/#primaryimage"},"thumbnailUrl":"https:\/\/fundacion-biodiversidad.es\/wp-content\/uploads\/2014\/09\/inauguracion_jornada_adaptecca-scaled.jpg","datePublished":"2014-09-22T12:49:21+00:00","breadcrumb":{"@id":"https:\/\/fundacion-biodiversidad.es\/en\/actualidad_home\/conference-to-learn-about-the-adaptecca-platform\/#breadcrumb"},"inLanguage":"en-US","potentialAction":[{"@type":"ReadAction","target":["https:\/\/fundacion-biodiversidad.es\/en\/actualidad_home\/conference-to-learn-about-the-adaptecca-platform\/"]}]},{"@type":"ImageObject","inLanguage":"en-US","@id":"https:\/\/fundacion-biodiversidad.es\/en\/actualidad_home\/conference-to-learn-about-the-adaptecca-platform\/#primaryimage","url":"https:\/\/fundacion-biodiversidad.es\/wp-content\/uploads\/2014\/09\/inauguracion_jornada_adaptecca-scaled.jpg","contentUrl":"https:\/\/fundacion-biodiversidad.es\/wp-content\/uploads\/2014\/09\/inauguracion_jornada_adaptecca-scaled.jpg","width":2560,"height":1361},{"@type":"BreadcrumbList","@id":"https:\/\/fundacion-biodiversidad.es\/en\/actualidad_home\/conference-to-learn-about-the-adaptecca-platform\/#breadcrumb","itemListElement":[{"@type":"ListItem","position":1,"name":"Portada","item":"https:\/\/fundacion-biodiversidad.es\/en\/inicio\/"},{"@type":"ListItem","position":2,"name":"Noticias de actualidad","item":"https:\/\/fundacion-biodiversidad.es\/en\/actualidad_home\/"},{"@type":"ListItem","position":3,"name":"Conference to learn about the AdapteCCa platform"}]},{"@type":"WebSite","@id":"https:\/\/fundacion-biodiversidad.es\/en\/#website","url":"https:\/\/fundacion-biodiversidad.es\/en\/","name":"Fundaci\u00f3n Biodiversidad","description":"Fundaci\u00f3n p\u00fablica adscrita al Ministerio para la Transici\u00f3n Ecol\u00f3gica","potentialAction":[{"@type":"SearchAction","target":{"@type":"EntryPoint","urlTemplate":"https:\/\/fundacion-biodiversidad.es\/en\/?s={search_term_string}"},"query-input":{"@type":"PropertyValueSpecification","valueRequired":true,"valueName":"search_term_string"}}],"inLanguage":"en-US"}]}},"_links":{"self":[{"href":"https:\/\/fundacion-biodiversidad.es\/en\/wp-json\/wp\/v2\/actualidad_home\/97857795","targetHints":{"allow":["GET"]}}],"collection":[{"href":"https:\/\/fundacion-biodiversidad.es\/en\/wp-json\/wp\/v2\/actualidad_home"}],"about":[{"href":"https:\/\/fundacion-biodiversidad.es\/en\/wp-json\/wp\/v2\/types\/actualidad_home"}],"author":[{"embeddable":true,"href":"https:\/\/fundacion-biodiversidad.es\/en\/wp-json\/wp\/v2\/users\/11"}],"wp:featuredmedia":[{"embeddable":true,"href":"https:\/\/fundacion-biodiversidad.es\/en\/wp-json\/wp\/v2\/media\/35472"}],"wp:attachment":[{"href":"https:\/\/fundacion-biodiversidad.es\/en\/wp-json\/wp\/v2\/media?parent=97857795"}],"wp:term":[{"taxonomy":"palabras_clave","embeddable":true,"href":"https:\/\/fundacion-biodiversidad.es\/en\/wp-json\/wp\/v2\/palabras_clave?post=97857795"}],"curies":[{"name":"wp","href":"https:\/\/api.w.org\/{rel}","templated":true}]}}