{"id":97857797,"date":"2014-09-22T13:44:16","date_gmt":"2014-09-22T11:44:16","guid":{"rendered":"https:\/\/fundacion-biodiversidad.es\/actualidad_home\/recognition-of-the-best-initiatives-to-promote-sustainable-mobility\/"},"modified":"2014-09-22T13:44:16","modified_gmt":"2014-09-22T11:44:16","slug":"recognition-of-the-best-initiatives-to-promote-sustainable-mobility","status":"publish","type":"actualidad_home","link":"https:\/\/fundacion-biodiversidad.es\/en\/actualidad_home\/recognition-of-the-best-initiatives-to-promote-sustainable-mobility\/","title":{"rendered":"Recognition of the best initiatives to promote sustainable mobility"},"content":{"rendered":"<p>The Ministry of Agriculture, Food and the Environment has today presented the awards of the IV Edition of the Spanish Sustainable Mobility Week Awards (SEMS-2014), framed in the initiatives programmed for <a href=\"http:\/\/www.magrama.gob.es\/es\/prensa\/noticias\/comienza-la-semana-europea-de-la-movilidad-bajo-el-lema-una-calle-mejor-es-tu-elecci%C3%B3n-\/tcm7-344166-16\" target=\"_blank\" rel=\"noopener\">the European Sustainable Mobility Week<\/a>, organized by the European Commission.<\/p>\n<p>  The objective of these awards, which have the support of the Biodiversity Foundation of the Ministry of Agriculture, Food and the Environment, is to recognize the best initiatives that promote sustainable mobility carried out by City Councils and by Companies, Organizations and Entities.<\/p>\n<p>  The presentation of these awards, chaired by the Director General of Environmental Quality and Assessment and the Natural Environment, Guillermina Yanguas, was also attended by the Director General of Traffic, Mar\u00eda Segu\u00ed, and the Director General of Land Transport, Joaqu\u00edn del Moral.<\/p>\n<p><strong>2014 Winners<\/strong><\/p>\n<p> The winners were, in the category of City Councils with more than 50,000 inhabitants, <strong><a href=\"http:\/\/www.aytosalamanca.es\/es\/index.html\" target=\"_blank\" rel=\"noopener\">the City Council of Salamanca<\/a>, with the gold award<\/strong> for the &#8220;Rescue me&#8221; Project and its continuous effort in improving traffic in the city through an intense international collaboration of excellence.<\/p>\n<p><strong>La Plata <\/strong>has been awarded<strong> to the<a href=\"http:\/\/www.cordoba.es\/\" target=\"_blank\" rel=\"noopener\"> <\/a><a href=\"http:\/\/www.cordoba.es\/\" target=\"_blank\" rel=\"noopener\">City Council of Cordoba<\/a><\/strong> for its long history and meritorious execution in the promotion of healthy transport habits, with special emphasis on young people and children. And, finally, the <strong>Bronze Award has gone to the <a href=\"http:\/\/www.huesca.es\/\">City Council of Huesca<\/a><\/strong> for its intense modification of the urban area and public transport to improve the sustainability of mobility in its city. For its part, for the category of City Councils with less than 50,000 inhabitants, the Elgoibar City Council has received gold for its sustainable mobility strategy and its innovative combined system of bicycle and electric car loans.<\/p>\n<p>The silver award has gone to the <strong>City Council of Miajadas (C\u00e1ceres)<\/strong> for its solid promotion of the use of bicycles, especially among the young population, and for its commitment to a pedestrian-friendly urban center. Exaequo Bronze Medal for the <strong>City Councils of Villamayor (Salamanca)<\/strong> and <strong>Peal del Becerro (Ja\u00e9n).<\/strong>   <\/p>\n<p>  In the category of Organizations, Institutions and Companies, the <strong>Gold Medal has been awarded to the company <a href=\"http:\/\/www.capsafood.com\/es\/compania\/historia\/\" target=\"_blank\" rel=\"noopener\">Corporaci\u00f3n Alimentaria Pe\u00f1asanta<\/a> (CAPSA FOOD)<\/strong> for its firm commitment to sustainable and profitable mobility, and for the effort made to bring this strategy to all elements of its activity: suppliers, customers and workers. <strong>La Plata has gone to <a href=\"http:\/\/www.capsafood.com\/es\/compania\/historia\/\" target=\"_blank\" rel=\"noopener\">SEUR<\/a><\/strong> , given its long history and its new cost-effective sustainable mobility measures, as well as for its involvement in international projects of great impact. <\/p>\n<p>  While the <strong>Bronze has gone to the<a href=\"http:\/\/www.naturalistesgirona.org\/\"> &#8216;Associaci\u00f3 de Naturalistes de Girona&#8217;<\/a><\/strong><strong>;<\/strong> for the Girona Cycle Sexy Campaign given the great originality of the initiative to improve the image of the bicycle, for its skill in the development of promotional tools through social networks and for the creation of a large social and citizen mobilization in pursuit of sustainable mobility in its environment.<\/p>\n<p>  Finally, and as a novelty, this year a new category has been awarded to media professionals, to the  <strong>best work published or disseminated in the media to disseminate the values of sustainable mobility in 2012 and\/or 2013, to the team of the programme<a href=\"http:\/\/www.cadenaser.com\/sociedad\/articulo\/hoy-hoy-zaragoza-premio-nacional\/csrcsrpor\/20140918csrcsrsoc_4\/Tes\"> &#8216;Hoy por hoy Zaragoza&#8217;, on Radio Zaragoza, <\/a> <\/strong>Cadena SER; for its section &#8216;Bike course&#8217; which constitutes an effective and enjoyable approach to the social function of radio, as a means of improving the information of citizens and citizen coexistence in favor of sustainable mobility favoring shared use between pedestrians, cyclists and cars.&nbsp;<\/p>\n<p>  You can see<a href=\"http:\/\/fundacion-biodiversidad.es\/prensa\/recursos-multimedia\/premios-la-movilidad-sostenible-medios-de-comunicacion-0\"> images of the awards ceremony<\/a>.<\/p>\n","protected":false},"author":11,"featured_media":35471,"template":"","meta":{"_acf_changed":false},"palabras_clave":[],"class_list":["post-97857797","actualidad_home","type-actualidad_home","status-publish","has-post-thumbnail","hentry"],"acf":[],"yoast_head":"<!-- This site is optimized with the Yoast SEO plugin v26.9 - https:\/\/yoast.com\/product\/yoast-seo-wordpress\/ -->\n<title>Recognition of the best initiatives to promote sustainable mobility - Fundaci\u00f3n Biodiversidad<\/title>\n<meta name=\"robots\" content=\"index, follow, max-snippet:-1, max-image-preview:large, max-video-preview:-1\" \/>\n<link rel=\"canonical\" href=\"https:\/\/fundacion-biodiversidad.es\/en\/actualidad_home\/recognition-of-the-best-initiatives-to-promote-sustainable-mobility\/\" \/>\n<meta property=\"og:locale\" content=\"en_US\" \/>\n<meta property=\"og:type\" content=\"article\" \/>\n<meta property=\"og:title\" content=\"Recognition of the best initiatives to promote sustainable mobility - Fundaci\u00f3n Biodiversidad\" \/>\n<meta property=\"og:description\" content=\"The Ministry of Agriculture, Food and the Environment has today presented the awards of the IV Edition of the Spanish Sustainable Mobility Week Awards (SEMS-2014), [&hellip;]\" \/>\n<meta property=\"og:url\" content=\"https:\/\/fundacion-biodiversidad.es\/en\/actualidad_home\/recognition-of-the-best-initiatives-to-promote-sustainable-mobility\/\" \/>\n<meta property=\"og:site_name\" content=\"Fundaci\u00f3n Biodiversidad\" \/>\n<meta property=\"og:image\" content=\"https:\/\/fundacion-biodiversidad.es\/wp-content\/uploads\/2023\/01\/2487661294_35330241_720x405.png\" \/>\n\t<meta property=\"og:image:width\" content=\"720\" \/>\n\t<meta property=\"og:image:height\" content=\"405\" \/>\n\t<meta property=\"og:image:type\" content=\"image\/png\" \/>\n<meta name=\"twitter:card\" content=\"summary_large_image\" \/>\n<meta name=\"twitter:label1\" content=\"Est. reading time\" \/>\n\t<meta name=\"twitter:data1\" content=\"3 minutes\" \/>\n<script type=\"application\/ld+json\" class=\"yoast-schema-graph\">{\"@context\":\"https:\/\/schema.org\",\"@graph\":[{\"@type\":\"WebPage\",\"@id\":\"https:\/\/fundacion-biodiversidad.es\/en\/actualidad_home\/recognition-of-the-best-initiatives-to-promote-sustainable-mobility\/\",\"url\":\"https:\/\/fundacion-biodiversidad.es\/en\/actualidad_home\/recognition-of-the-best-initiatives-to-promote-sustainable-mobility\/\",\"name\":\"Recognition of the best initiatives to promote sustainable mobility - Fundaci\u00f3n Biodiversidad\",\"isPartOf\":{\"@id\":\"https:\/\/fundacion-biodiversidad.es\/en\/#website\"},\"primaryImageOfPage\":{\"@id\":\"https:\/\/fundacion-biodiversidad.es\/en\/actualidad_home\/recognition-of-the-best-initiatives-to-promote-sustainable-mobility\/#primaryimage\"},\"image\":{\"@id\":\"https:\/\/fundacion-biodiversidad.es\/en\/actualidad_home\/recognition-of-the-best-initiatives-to-promote-sustainable-mobility\/#primaryimage\"},\"thumbnailUrl\":\"https:\/\/fundacion-biodiversidad.es\/wp-content\/uploads\/2014\/09\/premiados_movilidad_sostenible_magrama-scaled.jpg\",\"datePublished\":\"2014-09-22T11:44:16+00:00\",\"breadcrumb\":{\"@id\":\"https:\/\/fundacion-biodiversidad.es\/en\/actualidad_home\/recognition-of-the-best-initiatives-to-promote-sustainable-mobility\/#breadcrumb\"},\"inLanguage\":\"en-US\",\"potentialAction\":[{\"@type\":\"ReadAction\",\"target\":[\"https:\/\/fundacion-biodiversidad.es\/en\/actualidad_home\/recognition-of-the-best-initiatives-to-promote-sustainable-mobility\/\"]}]},{\"@type\":\"ImageObject\",\"inLanguage\":\"en-US\",\"@id\":\"https:\/\/fundacion-biodiversidad.es\/en\/actualidad_home\/recognition-of-the-best-initiatives-to-promote-sustainable-mobility\/#primaryimage\",\"url\":\"https:\/\/fundacion-biodiversidad.es\/wp-content\/uploads\/2014\/09\/premiados_movilidad_sostenible_magrama-scaled.jpg\",\"contentUrl\":\"https:\/\/fundacion-biodiversidad.es\/wp-content\/uploads\/2014\/09\/premiados_movilidad_sostenible_magrama-scaled.jpg\",\"width\":2560,\"height\":1898},{\"@type\":\"BreadcrumbList\",\"@id\":\"https:\/\/fundacion-biodiversidad.es\/en\/actualidad_home\/recognition-of-the-best-initiatives-to-promote-sustainable-mobility\/#breadcrumb\",\"itemListElement\":[{\"@type\":\"ListItem\",\"position\":1,\"name\":\"Portada\",\"item\":\"https:\/\/fundacion-biodiversidad.es\/en\/inicio\/\"},{\"@type\":\"ListItem\",\"position\":2,\"name\":\"Noticias de actualidad\",\"item\":\"https:\/\/fundacion-biodiversidad.es\/en\/actualidad_home\/\"},{\"@type\":\"ListItem\",\"position\":3,\"name\":\"Recognition of the best initiatives to promote sustainable mobility\"}]},{\"@type\":\"WebSite\",\"@id\":\"https:\/\/fundacion-biodiversidad.es\/en\/#website\",\"url\":\"https:\/\/fundacion-biodiversidad.es\/en\/\",\"name\":\"Fundaci\u00f3n Biodiversidad\",\"description\":\"Fundaci\u00f3n p\u00fablica adscrita al Ministerio para la Transici\u00f3n Ecol\u00f3gica\",\"potentialAction\":[{\"@type\":\"SearchAction\",\"target\":{\"@type\":\"EntryPoint\",\"urlTemplate\":\"https:\/\/fundacion-biodiversidad.es\/en\/?s={search_term_string}\"},\"query-input\":{\"@type\":\"PropertyValueSpecification\",\"valueRequired\":true,\"valueName\":\"search_term_string\"}}],\"inLanguage\":\"en-US\"}]}<\/script>\n<!-- \/ Yoast SEO plugin. -->","yoast_head_json":{"title":"Recognition of the best initiatives to promote sustainable mobility - Fundaci\u00f3n Biodiversidad","robots":{"index":"index","follow":"follow","max-snippet":"max-snippet:-1","max-image-preview":"max-image-preview:large","max-video-preview":"max-video-preview:-1"},"canonical":"https:\/\/fundacion-biodiversidad.es\/en\/actualidad_home\/recognition-of-the-best-initiatives-to-promote-sustainable-mobility\/","og_locale":"en_US","og_type":"article","og_title":"Recognition of the best initiatives to promote sustainable mobility - Fundaci\u00f3n Biodiversidad","og_description":"The Ministry of Agriculture, Food and the Environment has today presented the awards of the IV Edition of the Spanish Sustainable Mobility Week Awards (SEMS-2014), [&hellip;]","og_url":"https:\/\/fundacion-biodiversidad.es\/en\/actualidad_home\/recognition-of-the-best-initiatives-to-promote-sustainable-mobility\/","og_site_name":"Fundaci\u00f3n Biodiversidad","og_image":[{"width":720,"height":405,"url":"https:\/\/fundacion-biodiversidad.es\/wp-content\/uploads\/2023\/01\/2487661294_35330241_720x405.png","type":"image\/png"}],"twitter_card":"summary_large_image","twitter_misc":{"Est. reading time":"3 minutes"},"schema":{"@context":"https:\/\/schema.org","@graph":[{"@type":"WebPage","@id":"https:\/\/fundacion-biodiversidad.es\/en\/actualidad_home\/recognition-of-the-best-initiatives-to-promote-sustainable-mobility\/","url":"https:\/\/fundacion-biodiversidad.es\/en\/actualidad_home\/recognition-of-the-best-initiatives-to-promote-sustainable-mobility\/","name":"Recognition of the best initiatives to promote sustainable mobility - Fundaci\u00f3n Biodiversidad","isPartOf":{"@id":"https:\/\/fundacion-biodiversidad.es\/en\/#website"},"primaryImageOfPage":{"@id":"https:\/\/fundacion-biodiversidad.es\/en\/actualidad_home\/recognition-of-the-best-initiatives-to-promote-sustainable-mobility\/#primaryimage"},"image":{"@id":"https:\/\/fundacion-biodiversidad.es\/en\/actualidad_home\/recognition-of-the-best-initiatives-to-promote-sustainable-mobility\/#primaryimage"},"thumbnailUrl":"https:\/\/fundacion-biodiversidad.es\/wp-content\/uploads\/2014\/09\/premiados_movilidad_sostenible_magrama-scaled.jpg","datePublished":"2014-09-22T11:44:16+00:00","breadcrumb":{"@id":"https:\/\/fundacion-biodiversidad.es\/en\/actualidad_home\/recognition-of-the-best-initiatives-to-promote-sustainable-mobility\/#breadcrumb"},"inLanguage":"en-US","potentialAction":[{"@type":"ReadAction","target":["https:\/\/fundacion-biodiversidad.es\/en\/actualidad_home\/recognition-of-the-best-initiatives-to-promote-sustainable-mobility\/"]}]},{"@type":"ImageObject","inLanguage":"en-US","@id":"https:\/\/fundacion-biodiversidad.es\/en\/actualidad_home\/recognition-of-the-best-initiatives-to-promote-sustainable-mobility\/#primaryimage","url":"https:\/\/fundacion-biodiversidad.es\/wp-content\/uploads\/2014\/09\/premiados_movilidad_sostenible_magrama-scaled.jpg","contentUrl":"https:\/\/fundacion-biodiversidad.es\/wp-content\/uploads\/2014\/09\/premiados_movilidad_sostenible_magrama-scaled.jpg","width":2560,"height":1898},{"@type":"BreadcrumbList","@id":"https:\/\/fundacion-biodiversidad.es\/en\/actualidad_home\/recognition-of-the-best-initiatives-to-promote-sustainable-mobility\/#breadcrumb","itemListElement":[{"@type":"ListItem","position":1,"name":"Portada","item":"https:\/\/fundacion-biodiversidad.es\/en\/inicio\/"},{"@type":"ListItem","position":2,"name":"Noticias de actualidad","item":"https:\/\/fundacion-biodiversidad.es\/en\/actualidad_home\/"},{"@type":"ListItem","position":3,"name":"Recognition of the best initiatives to promote sustainable mobility"}]},{"@type":"WebSite","@id":"https:\/\/fundacion-biodiversidad.es\/en\/#website","url":"https:\/\/fundacion-biodiversidad.es\/en\/","name":"Fundaci\u00f3n Biodiversidad","description":"Fundaci\u00f3n p\u00fablica adscrita al Ministerio para la Transici\u00f3n Ecol\u00f3gica","potentialAction":[{"@type":"SearchAction","target":{"@type":"EntryPoint","urlTemplate":"https:\/\/fundacion-biodiversidad.es\/en\/?s={search_term_string}"},"query-input":{"@type":"PropertyValueSpecification","valueRequired":true,"valueName":"search_term_string"}}],"inLanguage":"en-US"}]}},"_links":{"self":[{"href":"https:\/\/fundacion-biodiversidad.es\/en\/wp-json\/wp\/v2\/actualidad_home\/97857797","targetHints":{"allow":["GET"]}}],"collection":[{"href":"https:\/\/fundacion-biodiversidad.es\/en\/wp-json\/wp\/v2\/actualidad_home"}],"about":[{"href":"https:\/\/fundacion-biodiversidad.es\/en\/wp-json\/wp\/v2\/types\/actualidad_home"}],"author":[{"embeddable":true,"href":"https:\/\/fundacion-biodiversidad.es\/en\/wp-json\/wp\/v2\/users\/11"}],"wp:featuredmedia":[{"embeddable":true,"href":"https:\/\/fundacion-biodiversidad.es\/en\/wp-json\/wp\/v2\/media\/35471"}],"wp:attachment":[{"href":"https:\/\/fundacion-biodiversidad.es\/en\/wp-json\/wp\/v2\/media?parent=97857797"}],"wp:term":[{"taxonomy":"palabras_clave","embeddable":true,"href":"https:\/\/fundacion-biodiversidad.es\/en\/wp-json\/wp\/v2\/palabras_clave?post=97857797"}],"curies":[{"name":"wp","href":"https:\/\/api.w.org\/{rel}","templated":true}]}}