{"id":97857798,"date":"2014-09-19T12:55:59","date_gmt":"2014-09-19T10:55:59","guid":{"rendered":"https:\/\/fundacion-biodiversidad.es\/actualidad_home\/12-spanish-companies-are-eligible-for-the-european-environment-awards\/"},"modified":"2014-09-19T12:55:59","modified_gmt":"2014-09-19T10:55:59","slug":"12-spanish-companies-are-eligible-for-the-european-environment-awards","status":"publish","type":"actualidad_home","link":"https:\/\/fundacion-biodiversidad.es\/en\/actualidad_home\/12-spanish-companies-are-eligible-for-the-european-environment-awards\/","title":{"rendered":"12 Spanish companies are eligible for the European Environment Awards"},"content":{"rendered":"<p>The director of the Biodiversity Foundation of the Ministry of Agriculture, Food and the Environment, Sonia Casta\u00f1eda, has attended, in Rome, the meeting of the Jury of the European Environment Awards, made up of 24 people, convened, since 1987, by the European Commission and in which the <strong>Biodiversity Foundation is present as the only Spanish representative<\/strong>.<\/p>\n<p>  These Awards, to which a total of <strong>152 proposals from 28 Member States have been submitted, have since 2012 a category &#8220;Business and Biodiversity&#8221;, to which 33 nominations have been submitted, including 5 Spanish, which will opt, together with the other 7 Spanish initiatives, for the 15<\/strong>.<\/p>\n<p>  The 24 members of the Jury have chosen the 15 best companies. The winners will be announced at the <strong>awards ceremony<\/strong> to be held in the French town <strong>of Lyon on December 1<\/strong>.<\/p>\n<p> The European Environment Awards have sections in each of the Member States. On June 5, World Environment Day, the 12 winning Spanish companies that are now participating in this European contest were announced. <a href=\"http:\/\/fundacion-biodiversidad.es\/prensa\/actualidad\/12-empresas-espanolas-premiadas-por-su-sostenibilidad-y-comportamiento-ambiental\" target=\"_blank\" rel=\"noopener\">The awards ceremony in its Spanish section was attended by Their Majesties the King and Queen of Spain and the Minister of Agriculture, Food and the Environment, Isabel Garc\u00eda Tejerina<\/a>.   &nbsp;In the Spanish section, <a href=\"http:\/\/www.nh-hoteles.es\/\" target=\"_blank\" rel=\"noopener\">NH Hoteles<\/a>, <a href=\"http:\/\/www.ab-laboratorios.com\/\" target=\"_blank\" rel=\"noopener\">A&amp;B Laboratorios de Biotecnologia S.A.U<\/a>., <a href=\"http:\/\/www.osakidetza.euskadi.net\/r85-ghhgal00\/es\" target=\"_blank\" rel=\"noopener\"> Hospital de Galdakano-Usansolo<\/a>, <a href=\"http:\/\/www.acciona-ingenieria.es\/\" target=\"_blank\" rel=\"noopener\">Acciona Ingenieria S.A<\/a>., <a href=\"http:\/\/ecoalf.com\/espana\/?___from_store=espana\" target=\"_blank\" rel=\"noopener\">Ecoalf Recycled Fabrics S.L<\/a>., <a href=\"http:\/\/aguadeniebla.com\/\" target=\"_blank\" rel=\"noopener\">Agua de Niebla<\/a>, <a href=\"http:\/\/www.futurecobioscience.com\/es\/\" target=\"_blank\" rel=\"noopener\">Futureco Bioscience S.A<\/a>., <a href=\"http:\/\/www.fontvella.es\/nuestra-agua\/\" target=\"_blank\" rel=\"noopener\">Font Vella y Lanjar\u00f3n<\/a>, <a href=\"http:\/\/www.afesa.es\/\" target=\"_blank\" rel=\"noopener\">AFESA<\/a>, <a href=\"http:\/\/www.leroymerlin.es\/?gclid=CNXIteWo7cACFSXKtAodyiIA2A\" target=\"_blank\" rel=\"noopener\">Leroy Merlin Spain<\/a>, <a href=\"http:\/\/www.ree.es\/es\/\" target=\"_blank\" rel=\"noopener\">Red El\u00e9ctrica de Espa\u00f1a<\/a> and <a href=\"http:\/\/www.apc.es\/index.php\">the Port Authority of Cartagena<\/a> were awarded, each for its commitment to sustainable development and environmental performance.        &nbsp;<\/p>\n","protected":false},"author":11,"featured_media":35470,"template":"","meta":{"_acf_changed":false},"palabras_clave":[32,33,31],"class_list":["post-97857798","actualidad_home","type-actualidad_home","status-publish","has-post-thumbnail","hentry","palabras_clave-ebae","palabras_clave-empresa-y-biodiversidad","palabras_clave-premios-europeos"],"acf":[],"yoast_head":"<!-- This site is optimized with the Yoast SEO plugin v26.9 - https:\/\/yoast.com\/product\/yoast-seo-wordpress\/ -->\n<title>12 Spanish companies are eligible for the European Environment Awards - Fundaci\u00f3n Biodiversidad<\/title>\n<meta name=\"robots\" content=\"index, follow, max-snippet:-1, max-image-preview:large, max-video-preview:-1\" \/>\n<link rel=\"canonical\" href=\"https:\/\/fundacion-biodiversidad.es\/en\/actualidad_home\/12-spanish-companies-are-eligible-for-the-european-environment-awards\/\" \/>\n<meta property=\"og:locale\" content=\"en_US\" \/>\n<meta property=\"og:type\" content=\"article\" \/>\n<meta property=\"og:title\" content=\"12 Spanish companies are eligible for the European Environment Awards - Fundaci\u00f3n Biodiversidad\" \/>\n<meta property=\"og:description\" content=\"The director of the Biodiversity Foundation of the Ministry of Agriculture, Food and the Environment, Sonia Casta\u00f1eda, has attended, in Rome, the meeting of the [&hellip;]\" \/>\n<meta property=\"og:url\" content=\"https:\/\/fundacion-biodiversidad.es\/en\/actualidad_home\/12-spanish-companies-are-eligible-for-the-european-environment-awards\/\" \/>\n<meta property=\"og:site_name\" content=\"Fundaci\u00f3n Biodiversidad\" \/>\n<meta property=\"og:image\" content=\"https:\/\/fundacion-biodiversidad.es\/wp-content\/uploads\/2023\/01\/2487661294_35330241_720x405.png\" \/>\n\t<meta property=\"og:image:width\" content=\"720\" \/>\n\t<meta property=\"og:image:height\" content=\"405\" \/>\n\t<meta property=\"og:image:type\" content=\"image\/png\" \/>\n<meta name=\"twitter:card\" content=\"summary_large_image\" \/>\n<meta name=\"twitter:label1\" content=\"Est. reading time\" \/>\n\t<meta name=\"twitter:data1\" content=\"1 minute\" \/>\n<script type=\"application\/ld+json\" class=\"yoast-schema-graph\">{\"@context\":\"https:\/\/schema.org\",\"@graph\":[{\"@type\":\"WebPage\",\"@id\":\"https:\/\/fundacion-biodiversidad.es\/en\/actualidad_home\/12-spanish-companies-are-eligible-for-the-european-environment-awards\/\",\"url\":\"https:\/\/fundacion-biodiversidad.es\/en\/actualidad_home\/12-spanish-companies-are-eligible-for-the-european-environment-awards\/\",\"name\":\"12 Spanish companies are eligible for the European Environment Awards - Fundaci\u00f3n Biodiversidad\",\"isPartOf\":{\"@id\":\"https:\/\/fundacion-biodiversidad.es\/en\/#website\"},\"primaryImageOfPage\":{\"@id\":\"https:\/\/fundacion-biodiversidad.es\/en\/actualidad_home\/12-spanish-companies-are-eligible-for-the-european-environment-awards\/#primaryimage\"},\"image\":{\"@id\":\"https:\/\/fundacion-biodiversidad.es\/en\/actualidad_home\/12-spanish-companies-are-eligible-for-the-european-environment-awards\/#primaryimage\"},\"thumbnailUrl\":\"https:\/\/fundacion-biodiversidad.es\/wp-content\/uploads\/2014\/09\/premios_europeos_medio_ambiente_a_la_empresa.jpg\",\"datePublished\":\"2014-09-19T10:55:59+00:00\",\"breadcrumb\":{\"@id\":\"https:\/\/fundacion-biodiversidad.es\/en\/actualidad_home\/12-spanish-companies-are-eligible-for-the-european-environment-awards\/#breadcrumb\"},\"inLanguage\":\"en-US\",\"potentialAction\":[{\"@type\":\"ReadAction\",\"target\":[\"https:\/\/fundacion-biodiversidad.es\/en\/actualidad_home\/12-spanish-companies-are-eligible-for-the-european-environment-awards\/\"]}]},{\"@type\":\"ImageObject\",\"inLanguage\":\"en-US\",\"@id\":\"https:\/\/fundacion-biodiversidad.es\/en\/actualidad_home\/12-spanish-companies-are-eligible-for-the-european-environment-awards\/#primaryimage\",\"url\":\"https:\/\/fundacion-biodiversidad.es\/wp-content\/uploads\/2014\/09\/premios_europeos_medio_ambiente_a_la_empresa.jpg\",\"contentUrl\":\"https:\/\/fundacion-biodiversidad.es\/wp-content\/uploads\/2014\/09\/premios_europeos_medio_ambiente_a_la_empresa.jpg\",\"width\":800,\"height\":598},{\"@type\":\"BreadcrumbList\",\"@id\":\"https:\/\/fundacion-biodiversidad.es\/en\/actualidad_home\/12-spanish-companies-are-eligible-for-the-european-environment-awards\/#breadcrumb\",\"itemListElement\":[{\"@type\":\"ListItem\",\"position\":1,\"name\":\"Portada\",\"item\":\"https:\/\/fundacion-biodiversidad.es\/en\/inicio\/\"},{\"@type\":\"ListItem\",\"position\":2,\"name\":\"Noticias de actualidad\",\"item\":\"https:\/\/fundacion-biodiversidad.es\/en\/actualidad_home\/\"},{\"@type\":\"ListItem\",\"position\":3,\"name\":\"12 Spanish companies are eligible for the European Environment Awards\"}]},{\"@type\":\"WebSite\",\"@id\":\"https:\/\/fundacion-biodiversidad.es\/en\/#website\",\"url\":\"https:\/\/fundacion-biodiversidad.es\/en\/\",\"name\":\"Fundaci\u00f3n Biodiversidad\",\"description\":\"Fundaci\u00f3n p\u00fablica adscrita al Ministerio para la Transici\u00f3n Ecol\u00f3gica\",\"potentialAction\":[{\"@type\":\"SearchAction\",\"target\":{\"@type\":\"EntryPoint\",\"urlTemplate\":\"https:\/\/fundacion-biodiversidad.es\/en\/?s={search_term_string}\"},\"query-input\":{\"@type\":\"PropertyValueSpecification\",\"valueRequired\":true,\"valueName\":\"search_term_string\"}}],\"inLanguage\":\"en-US\"}]}<\/script>\n<!-- \/ Yoast SEO plugin. -->","yoast_head_json":{"title":"12 Spanish companies are eligible for the European Environment Awards - Fundaci\u00f3n Biodiversidad","robots":{"index":"index","follow":"follow","max-snippet":"max-snippet:-1","max-image-preview":"max-image-preview:large","max-video-preview":"max-video-preview:-1"},"canonical":"https:\/\/fundacion-biodiversidad.es\/en\/actualidad_home\/12-spanish-companies-are-eligible-for-the-european-environment-awards\/","og_locale":"en_US","og_type":"article","og_title":"12 Spanish companies are eligible for the European Environment Awards - Fundaci\u00f3n Biodiversidad","og_description":"The director of the Biodiversity Foundation of the Ministry of Agriculture, Food and the Environment, Sonia Casta\u00f1eda, has attended, in Rome, the meeting of the [&hellip;]","og_url":"https:\/\/fundacion-biodiversidad.es\/en\/actualidad_home\/12-spanish-companies-are-eligible-for-the-european-environment-awards\/","og_site_name":"Fundaci\u00f3n Biodiversidad","og_image":[{"width":720,"height":405,"url":"https:\/\/fundacion-biodiversidad.es\/wp-content\/uploads\/2023\/01\/2487661294_35330241_720x405.png","type":"image\/png"}],"twitter_card":"summary_large_image","twitter_misc":{"Est. reading time":"1 minute"},"schema":{"@context":"https:\/\/schema.org","@graph":[{"@type":"WebPage","@id":"https:\/\/fundacion-biodiversidad.es\/en\/actualidad_home\/12-spanish-companies-are-eligible-for-the-european-environment-awards\/","url":"https:\/\/fundacion-biodiversidad.es\/en\/actualidad_home\/12-spanish-companies-are-eligible-for-the-european-environment-awards\/","name":"12 Spanish companies are eligible for the European Environment Awards - Fundaci\u00f3n Biodiversidad","isPartOf":{"@id":"https:\/\/fundacion-biodiversidad.es\/en\/#website"},"primaryImageOfPage":{"@id":"https:\/\/fundacion-biodiversidad.es\/en\/actualidad_home\/12-spanish-companies-are-eligible-for-the-european-environment-awards\/#primaryimage"},"image":{"@id":"https:\/\/fundacion-biodiversidad.es\/en\/actualidad_home\/12-spanish-companies-are-eligible-for-the-european-environment-awards\/#primaryimage"},"thumbnailUrl":"https:\/\/fundacion-biodiversidad.es\/wp-content\/uploads\/2014\/09\/premios_europeos_medio_ambiente_a_la_empresa.jpg","datePublished":"2014-09-19T10:55:59+00:00","breadcrumb":{"@id":"https:\/\/fundacion-biodiversidad.es\/en\/actualidad_home\/12-spanish-companies-are-eligible-for-the-european-environment-awards\/#breadcrumb"},"inLanguage":"en-US","potentialAction":[{"@type":"ReadAction","target":["https:\/\/fundacion-biodiversidad.es\/en\/actualidad_home\/12-spanish-companies-are-eligible-for-the-european-environment-awards\/"]}]},{"@type":"ImageObject","inLanguage":"en-US","@id":"https:\/\/fundacion-biodiversidad.es\/en\/actualidad_home\/12-spanish-companies-are-eligible-for-the-european-environment-awards\/#primaryimage","url":"https:\/\/fundacion-biodiversidad.es\/wp-content\/uploads\/2014\/09\/premios_europeos_medio_ambiente_a_la_empresa.jpg","contentUrl":"https:\/\/fundacion-biodiversidad.es\/wp-content\/uploads\/2014\/09\/premios_europeos_medio_ambiente_a_la_empresa.jpg","width":800,"height":598},{"@type":"BreadcrumbList","@id":"https:\/\/fundacion-biodiversidad.es\/en\/actualidad_home\/12-spanish-companies-are-eligible-for-the-european-environment-awards\/#breadcrumb","itemListElement":[{"@type":"ListItem","position":1,"name":"Portada","item":"https:\/\/fundacion-biodiversidad.es\/en\/inicio\/"},{"@type":"ListItem","position":2,"name":"Noticias de actualidad","item":"https:\/\/fundacion-biodiversidad.es\/en\/actualidad_home\/"},{"@type":"ListItem","position":3,"name":"12 Spanish companies are eligible for the European Environment Awards"}]},{"@type":"WebSite","@id":"https:\/\/fundacion-biodiversidad.es\/en\/#website","url":"https:\/\/fundacion-biodiversidad.es\/en\/","name":"Fundaci\u00f3n Biodiversidad","description":"Fundaci\u00f3n p\u00fablica adscrita al Ministerio para la Transici\u00f3n Ecol\u00f3gica","potentialAction":[{"@type":"SearchAction","target":{"@type":"EntryPoint","urlTemplate":"https:\/\/fundacion-biodiversidad.es\/en\/?s={search_term_string}"},"query-input":{"@type":"PropertyValueSpecification","valueRequired":true,"valueName":"search_term_string"}}],"inLanguage":"en-US"}]}},"_links":{"self":[{"href":"https:\/\/fundacion-biodiversidad.es\/en\/wp-json\/wp\/v2\/actualidad_home\/97857798","targetHints":{"allow":["GET"]}}],"collection":[{"href":"https:\/\/fundacion-biodiversidad.es\/en\/wp-json\/wp\/v2\/actualidad_home"}],"about":[{"href":"https:\/\/fundacion-biodiversidad.es\/en\/wp-json\/wp\/v2\/types\/actualidad_home"}],"author":[{"embeddable":true,"href":"https:\/\/fundacion-biodiversidad.es\/en\/wp-json\/wp\/v2\/users\/11"}],"wp:featuredmedia":[{"embeddable":true,"href":"https:\/\/fundacion-biodiversidad.es\/en\/wp-json\/wp\/v2\/media\/35470"}],"wp:attachment":[{"href":"https:\/\/fundacion-biodiversidad.es\/en\/wp-json\/wp\/v2\/media?parent=97857798"}],"wp:term":[{"taxonomy":"palabras_clave","embeddable":true,"href":"https:\/\/fundacion-biodiversidad.es\/en\/wp-json\/wp\/v2\/palabras_clave?post=97857798"}],"curies":[{"name":"wp","href":"https:\/\/api.w.org\/{rel}","templated":true}]}}