{"id":97857813,"date":"2014-07-08T11:37:06","date_gmt":"2014-07-08T09:37:06","guid":{"rendered":"https:\/\/fundacion-biodiversidad.es\/actualidad_home\/first-meeting-of-the-nature-conservation-group-of-the-network-of-environmental-authorities\/"},"modified":"2014-07-08T11:37:06","modified_gmt":"2014-07-08T09:37:06","slug":"first-meeting-of-the-nature-conservation-group-of-the-network-of-environmental-authorities","status":"publish","type":"actualidad_home","link":"https:\/\/fundacion-biodiversidad.es\/en\/actualidad_home\/first-meeting-of-the-nature-conservation-group-of-the-network-of-environmental-authorities\/","title":{"rendered":"First meeting of the nature conservation group of the Network of Environmental Authorities"},"content":{"rendered":"<p>The working group &#8220;Nature and Biodiversity Conservation and Community Funds&#8221; of the <a href=\"http:\/\/www.magrama.gob.es\/es\/calidad-y-evaluacion-ambiental\/temas\/red-de-autoridades-ambientales-raa-\/\">Network of Environmental Authorities<\/a> held its first biannual meeting today after its constitution on 28 March. <!--more--> The working group &#8220;Nature and Biodiversity Conservation and Community Funds&#8221; of the <a href=\"http:\/\/www.magrama.gob.es\/es\/calidad-y-evaluacion-ambiental\/temas\/red-de-autoridades-ambientales-raa-\/\">Network of Environmental Authorities<\/a> held its first biannual meeting today after its constitution on 28 March.<br \/>\n&nbsp;<br \/>  Coordinated by the <strong>Sub-Directorate General of the European Cohesion and Territorial Cooperation Fund of the Ministry of Finance and Public Administrations<\/strong> <strong>and by the Ministry of Agriculture, Food and Environment (MAGRAMA),<\/strong> through the Biodiversity Foundation, this working group promotes <strong>the promotion of coordination and dialogue between the managing authorities of Community Funds<\/strong>, in order to integrate the Priority Action Framework (MAP) into their regional and national programming. The MAP, which has been coordinated by the MAGRAMA and the Biodiversity Foundation within the framework of a LIFE+ project, identifies the strategic conservation priorities of Natura 2000 in Spain, the specific actions needed to achieve them and their potential sources of co-financing, charged to the different Community funds and through innovative financing mechanisms. <br \/>\n&nbsp;<br \/> This working group also seeks to <strong>lead the analysis and monitoring of the progress of the programming of the funds<\/strong> in relation to nature conservation and biodiversity, as well as to identify opportunities and point out recommendations for the effective <strong>integration of financing needs in this area in the Association Agreement and in the Operational Programmes<\/strong>. It also promotes <strong><a href=\"http:\/\/www.magrama.gob.es\/es\/ministerio\/servicios\/ayudas-subvenciones\/programa-life\/\">integrated LIFE<\/a> projects<\/strong> in the nature and biodiversity component. <br \/>\n&nbsp;<br \/>  At the meeting, held at the headquarters of the MAGRAMA, the main developments and <strong>status of the programming of the European Structural and Investment Funds (ESI) 2014-2020 were reviewed<\/strong>.<br \/>\n&nbsp;<br \/>  In addition, the <strong>strategic document Priority Action Framework for the management of the Natura 2000 Network and LIFE+ for its implementation <\/strong>has been presented and the integration of the priorities of the MAP into the Association Agreement has been discussed.<br \/>\n&nbsp;<br \/>  Finally, the recommendations for integrating <strong>the financing needs of the Natura 2000 Network into the Operational Programmes of the ERDF, ESF, EAFRD and EMFF Funds<\/strong> have been analysed.<br \/>\n&nbsp;<br \/>  The working group &#8220;Nature and Biodiversity Conservation and Community Funds&#8221; is made up of members of the <strong>Network of Environmental Authorities<\/strong>, <strong>experts<\/strong> in specific fields, <strong>regional and national environmental authorities<\/strong> with competences in nature and biodiversity conservation and fund management.<br \/>\n&nbsp;<br \/>\n&nbsp;<\/p>\n","protected":false},"author":11,"featured_media":35444,"template":"","meta":{"_acf_changed":false},"palabras_clave":[],"class_list":["post-97857813","actualidad_home","type-actualidad_home","status-publish","has-post-thumbnail","hentry"],"acf":[],"yoast_head":"<!-- This site is optimized with the Yoast SEO plugin v26.9 - https:\/\/yoast.com\/product\/yoast-seo-wordpress\/ -->\n<title>First meeting of the nature conservation group of the Network of Environmental Authorities - Fundaci\u00f3n Biodiversidad<\/title>\n<meta name=\"robots\" content=\"index, follow, max-snippet:-1, max-image-preview:large, max-video-preview:-1\" \/>\n<link rel=\"canonical\" href=\"https:\/\/fundacion-biodiversidad.es\/en\/actualidad_home\/first-meeting-of-the-nature-conservation-group-of-the-network-of-environmental-authorities\/\" \/>\n<meta property=\"og:locale\" content=\"en_US\" \/>\n<meta property=\"og:type\" content=\"article\" \/>\n<meta property=\"og:title\" content=\"First meeting of the nature conservation group of the Network of Environmental Authorities - Fundaci\u00f3n Biodiversidad\" \/>\n<meta property=\"og:description\" content=\"The working group &#8220;Nature and Biodiversity Conservation and Community Funds&#8221; of the Network of Environmental Authorities held its first biannual meeting today after its constitution [&hellip;]\" \/>\n<meta property=\"og:url\" content=\"https:\/\/fundacion-biodiversidad.es\/en\/actualidad_home\/first-meeting-of-the-nature-conservation-group-of-the-network-of-environmental-authorities\/\" \/>\n<meta property=\"og:site_name\" content=\"Fundaci\u00f3n Biodiversidad\" \/>\n<meta property=\"og:image\" content=\"https:\/\/fundacion-biodiversidad.es\/wp-content\/uploads\/2023\/01\/2487661294_35330241_720x405.png\" \/>\n\t<meta property=\"og:image:width\" content=\"720\" \/>\n\t<meta property=\"og:image:height\" content=\"405\" \/>\n\t<meta property=\"og:image:type\" content=\"image\/png\" \/>\n<meta name=\"twitter:card\" content=\"summary_large_image\" \/>\n<meta name=\"twitter:label1\" content=\"Est. reading time\" \/>\n\t<meta name=\"twitter:data1\" content=\"2 minutes\" \/>\n<script type=\"application\/ld+json\" class=\"yoast-schema-graph\">{\"@context\":\"https:\/\/schema.org\",\"@graph\":[{\"@type\":\"WebPage\",\"@id\":\"https:\/\/fundacion-biodiversidad.es\/en\/actualidad_home\/first-meeting-of-the-nature-conservation-group-of-the-network-of-environmental-authorities\/\",\"url\":\"https:\/\/fundacion-biodiversidad.es\/en\/actualidad_home\/first-meeting-of-the-nature-conservation-group-of-the-network-of-environmental-authorities\/\",\"name\":\"First meeting of the nature conservation group of the Network of Environmental Authorities - Fundaci\u00f3n Biodiversidad\",\"isPartOf\":{\"@id\":\"https:\/\/fundacion-biodiversidad.es\/en\/#website\"},\"primaryImageOfPage\":{\"@id\":\"https:\/\/fundacion-biodiversidad.es\/en\/actualidad_home\/first-meeting-of-the-nature-conservation-group-of-the-network-of-environmental-authorities\/#primaryimage\"},\"image\":{\"@id\":\"https:\/\/fundacion-biodiversidad.es\/en\/actualidad_home\/first-meeting-of-the-nature-conservation-group-of-the-network-of-environmental-authorities\/#primaryimage\"},\"thumbnailUrl\":\"https:\/\/fundacion-biodiversidad.es\/wp-content\/uploads\/2014\/07\/grupo-naturaleza-red-autoridades-ambientales.jpg\",\"datePublished\":\"2014-07-08T09:37:06+00:00\",\"breadcrumb\":{\"@id\":\"https:\/\/fundacion-biodiversidad.es\/en\/actualidad_home\/first-meeting-of-the-nature-conservation-group-of-the-network-of-environmental-authorities\/#breadcrumb\"},\"inLanguage\":\"en-US\",\"potentialAction\":[{\"@type\":\"ReadAction\",\"target\":[\"https:\/\/fundacion-biodiversidad.es\/en\/actualidad_home\/first-meeting-of-the-nature-conservation-group-of-the-network-of-environmental-authorities\/\"]}]},{\"@type\":\"ImageObject\",\"inLanguage\":\"en-US\",\"@id\":\"https:\/\/fundacion-biodiversidad.es\/en\/actualidad_home\/first-meeting-of-the-nature-conservation-group-of-the-network-of-environmental-authorities\/#primaryimage\",\"url\":\"https:\/\/fundacion-biodiversidad.es\/wp-content\/uploads\/2014\/07\/grupo-naturaleza-red-autoridades-ambientales.jpg\",\"contentUrl\":\"https:\/\/fundacion-biodiversidad.es\/wp-content\/uploads\/2014\/07\/grupo-naturaleza-red-autoridades-ambientales.jpg\",\"width\":816,\"height\":510},{\"@type\":\"BreadcrumbList\",\"@id\":\"https:\/\/fundacion-biodiversidad.es\/en\/actualidad_home\/first-meeting-of-the-nature-conservation-group-of-the-network-of-environmental-authorities\/#breadcrumb\",\"itemListElement\":[{\"@type\":\"ListItem\",\"position\":1,\"name\":\"Portada\",\"item\":\"https:\/\/fundacion-biodiversidad.es\/en\/inicio\/\"},{\"@type\":\"ListItem\",\"position\":2,\"name\":\"Noticias de actualidad\",\"item\":\"https:\/\/fundacion-biodiversidad.es\/en\/actualidad_home\/\"},{\"@type\":\"ListItem\",\"position\":3,\"name\":\"First meeting of the nature conservation group of the Network of Environmental Authorities\"}]},{\"@type\":\"WebSite\",\"@id\":\"https:\/\/fundacion-biodiversidad.es\/en\/#website\",\"url\":\"https:\/\/fundacion-biodiversidad.es\/en\/\",\"name\":\"Fundaci\u00f3n Biodiversidad\",\"description\":\"Fundaci\u00f3n p\u00fablica adscrita al Ministerio para la Transici\u00f3n Ecol\u00f3gica\",\"potentialAction\":[{\"@type\":\"SearchAction\",\"target\":{\"@type\":\"EntryPoint\",\"urlTemplate\":\"https:\/\/fundacion-biodiversidad.es\/en\/?s={search_term_string}\"},\"query-input\":{\"@type\":\"PropertyValueSpecification\",\"valueRequired\":true,\"valueName\":\"search_term_string\"}}],\"inLanguage\":\"en-US\"}]}<\/script>\n<!-- \/ Yoast SEO plugin. -->","yoast_head_json":{"title":"First meeting of the nature conservation group of the Network of Environmental Authorities - Fundaci\u00f3n Biodiversidad","robots":{"index":"index","follow":"follow","max-snippet":"max-snippet:-1","max-image-preview":"max-image-preview:large","max-video-preview":"max-video-preview:-1"},"canonical":"https:\/\/fundacion-biodiversidad.es\/en\/actualidad_home\/first-meeting-of-the-nature-conservation-group-of-the-network-of-environmental-authorities\/","og_locale":"en_US","og_type":"article","og_title":"First meeting of the nature conservation group of the Network of Environmental Authorities - Fundaci\u00f3n Biodiversidad","og_description":"The working group &#8220;Nature and Biodiversity Conservation and Community Funds&#8221; of the Network of Environmental Authorities held its first biannual meeting today after its constitution [&hellip;]","og_url":"https:\/\/fundacion-biodiversidad.es\/en\/actualidad_home\/first-meeting-of-the-nature-conservation-group-of-the-network-of-environmental-authorities\/","og_site_name":"Fundaci\u00f3n Biodiversidad","og_image":[{"width":720,"height":405,"url":"https:\/\/fundacion-biodiversidad.es\/wp-content\/uploads\/2023\/01\/2487661294_35330241_720x405.png","type":"image\/png"}],"twitter_card":"summary_large_image","twitter_misc":{"Est. reading time":"2 minutes"},"schema":{"@context":"https:\/\/schema.org","@graph":[{"@type":"WebPage","@id":"https:\/\/fundacion-biodiversidad.es\/en\/actualidad_home\/first-meeting-of-the-nature-conservation-group-of-the-network-of-environmental-authorities\/","url":"https:\/\/fundacion-biodiversidad.es\/en\/actualidad_home\/first-meeting-of-the-nature-conservation-group-of-the-network-of-environmental-authorities\/","name":"First meeting of the nature conservation group of the Network of Environmental Authorities - Fundaci\u00f3n Biodiversidad","isPartOf":{"@id":"https:\/\/fundacion-biodiversidad.es\/en\/#website"},"primaryImageOfPage":{"@id":"https:\/\/fundacion-biodiversidad.es\/en\/actualidad_home\/first-meeting-of-the-nature-conservation-group-of-the-network-of-environmental-authorities\/#primaryimage"},"image":{"@id":"https:\/\/fundacion-biodiversidad.es\/en\/actualidad_home\/first-meeting-of-the-nature-conservation-group-of-the-network-of-environmental-authorities\/#primaryimage"},"thumbnailUrl":"https:\/\/fundacion-biodiversidad.es\/wp-content\/uploads\/2014\/07\/grupo-naturaleza-red-autoridades-ambientales.jpg","datePublished":"2014-07-08T09:37:06+00:00","breadcrumb":{"@id":"https:\/\/fundacion-biodiversidad.es\/en\/actualidad_home\/first-meeting-of-the-nature-conservation-group-of-the-network-of-environmental-authorities\/#breadcrumb"},"inLanguage":"en-US","potentialAction":[{"@type":"ReadAction","target":["https:\/\/fundacion-biodiversidad.es\/en\/actualidad_home\/first-meeting-of-the-nature-conservation-group-of-the-network-of-environmental-authorities\/"]}]},{"@type":"ImageObject","inLanguage":"en-US","@id":"https:\/\/fundacion-biodiversidad.es\/en\/actualidad_home\/first-meeting-of-the-nature-conservation-group-of-the-network-of-environmental-authorities\/#primaryimage","url":"https:\/\/fundacion-biodiversidad.es\/wp-content\/uploads\/2014\/07\/grupo-naturaleza-red-autoridades-ambientales.jpg","contentUrl":"https:\/\/fundacion-biodiversidad.es\/wp-content\/uploads\/2014\/07\/grupo-naturaleza-red-autoridades-ambientales.jpg","width":816,"height":510},{"@type":"BreadcrumbList","@id":"https:\/\/fundacion-biodiversidad.es\/en\/actualidad_home\/first-meeting-of-the-nature-conservation-group-of-the-network-of-environmental-authorities\/#breadcrumb","itemListElement":[{"@type":"ListItem","position":1,"name":"Portada","item":"https:\/\/fundacion-biodiversidad.es\/en\/inicio\/"},{"@type":"ListItem","position":2,"name":"Noticias de actualidad","item":"https:\/\/fundacion-biodiversidad.es\/en\/actualidad_home\/"},{"@type":"ListItem","position":3,"name":"First meeting of the nature conservation group of the Network of Environmental Authorities"}]},{"@type":"WebSite","@id":"https:\/\/fundacion-biodiversidad.es\/en\/#website","url":"https:\/\/fundacion-biodiversidad.es\/en\/","name":"Fundaci\u00f3n Biodiversidad","description":"Fundaci\u00f3n p\u00fablica adscrita al Ministerio para la Transici\u00f3n Ecol\u00f3gica","potentialAction":[{"@type":"SearchAction","target":{"@type":"EntryPoint","urlTemplate":"https:\/\/fundacion-biodiversidad.es\/en\/?s={search_term_string}"},"query-input":{"@type":"PropertyValueSpecification","valueRequired":true,"valueName":"search_term_string"}}],"inLanguage":"en-US"}]}},"_links":{"self":[{"href":"https:\/\/fundacion-biodiversidad.es\/en\/wp-json\/wp\/v2\/actualidad_home\/97857813","targetHints":{"allow":["GET"]}}],"collection":[{"href":"https:\/\/fundacion-biodiversidad.es\/en\/wp-json\/wp\/v2\/actualidad_home"}],"about":[{"href":"https:\/\/fundacion-biodiversidad.es\/en\/wp-json\/wp\/v2\/types\/actualidad_home"}],"author":[{"embeddable":true,"href":"https:\/\/fundacion-biodiversidad.es\/en\/wp-json\/wp\/v2\/users\/11"}],"wp:featuredmedia":[{"embeddable":true,"href":"https:\/\/fundacion-biodiversidad.es\/en\/wp-json\/wp\/v2\/media\/35444"}],"wp:attachment":[{"href":"https:\/\/fundacion-biodiversidad.es\/en\/wp-json\/wp\/v2\/media?parent=97857813"}],"wp:term":[{"taxonomy":"palabras_clave","embeddable":true,"href":"https:\/\/fundacion-biodiversidad.es\/en\/wp-json\/wp\/v2\/palabras_clave?post=97857813"}],"curies":[{"name":"wp","href":"https:\/\/api.w.org\/{rel}","templated":true}]}}