{"id":97857815,"date":"2014-06-27T05:56:32","date_gmt":"2014-06-27T03:56:32","guid":{"rendered":"https:\/\/fundacion-biodiversidad.es\/actualidad_home\/visit-of-the-european-commission-to-learn-about-the-empleaverde-programme\/"},"modified":"2014-06-27T05:56:32","modified_gmt":"2014-06-27T03:56:32","slug":"visit-of-the-european-commission-to-learn-about-the-empleaverde-programme","status":"publish","type":"actualidad_home","link":"https:\/\/fundacion-biodiversidad.es\/en\/actualidad_home\/visit-of-the-european-commission-to-learn-about-the-empleaverde-programme\/","title":{"rendered":"Visit of the European Commission to learn about the empleaverde Programme"},"content":{"rendered":"<p>Representatives of the European Commission&#8217;s Directorate-General for Employment today visited the headquarters of the Biodiversity Foundation to learn about the initiatives that promote the green economy as a driver of growth and employment within the framework of the <a href=\"http:\/\/fundacion-biodiversidad.es\/economia-y-empleo-verde\/proyectos-propios\/programa-empleaverde\" target=\"_blank\" title=\"a new window will open to Empleaverde Program\" rel=\"noopener\">Empleaverde Programme<\/a> and the <a href=\"http:\/\/fundacion-biodiversidad.es\/economia-y-empleo-verde\/proyectos-propios\/red-emprendeverde\" target=\"_blank\" title=\"A new window will open to Red emprendeverde\" rel=\"noopener\">Emprendeverde Network<\/a> of the Biodiversity Foundation of the Ministry of Agriculture, Food and the Environment.  <!--more-->  Representatives of the European Commission&#8217;s Directorate-General for Employment today visited the headquarters of the Biodiversity Foundation to learn about the initiatives that promote the green economy as a driver of growth and employment within the framework of the <a href=\"http:\/\/fundacion-biodiversidad.es\/economia-y-empleo-verde\/proyectos-propios\/programa-empleaverde\" target=\"_blank\" title=\"a new window will open to Empleaverde Program\" rel=\"noopener\">Empleaverde Programme<\/a> and the <a href=\"http:\/\/fundacion-biodiversidad.es\/economia-y-empleo-verde\/proyectos-propios\/red-emprendeverde\" target=\"_blank\" title=\"A new window will open to Red emprendeverde\" rel=\"noopener\">Emprendeverde Network<\/a> of the Biodiversity Foundation of the Ministry of Agriculture, Food and the Environment.<br \/>\n&nbsp;<br \/>  During the meeting, the Biodiversity Foundation presented the results achieved in its 12 years of management of community funds as an Intermediate Body of the European Social Fund.<br \/>\n&nbsp;<br \/>  Thus, in the period 2001-2006, the Ministry of Agriculture, Food and Environment (MAGRAMA), through the Biodiversity Foundation, managed 98 million euros and developed more than 7,000 actions aimed at 1.5 million workers. As an Intermediate Body of the Adaptability and Employment Operational Programme 2007-2013, it launched the Empleaverde Programme, aimed at improving and promoting employment and entrepreneurship. This programme, which has an endowment of 40.9 million euros, is managed through calls and own projects such as the Red emprendeverde, the first platform specialising in green business aimed at investors and entrepreneurs.  <br \/>\n&nbsp;<br \/>  With more than 5,000 members, this platform has contributed to the creation and consolidation of companies and has channeled investment towards sustainable economic activities.<br \/>\n&nbsp;<br \/>  Within the framework of the calls for grants, the MAGRAMA collaborates with more than 480 organizations in the 300 approved projects. The projects have supported the creation of more than 2,000 companies or economic activities linked to the environment and the training of 55,000 workers out of the more than 900,000 beneficiaries of the projects. <br \/>\n&nbsp;<br \/>  During the visit, entrepreneurs who are finalists of the Emprendeverde Network Awards presented their initiatives and the support received from the Biodiversity Foundation and the European Social Fund in the process of creating and consolidating their companies and businesses.<br \/>\n&nbsp;<br \/>  Along these lines, representatives of entities that develop projects within the framework of the Empleaverde Programme linked to improving the competitiveness of companies and promoting green employment also participated in the conference.<\/p>\n<p>\n&nbsp;<\/p>\n","protected":false},"author":11,"featured_media":35437,"template":"","meta":{"_acf_changed":false},"palabras_clave":[],"class_list":["post-97857815","actualidad_home","type-actualidad_home","status-publish","has-post-thumbnail","hentry"],"acf":[],"yoast_head":"<!-- This site is optimized with the Yoast SEO plugin v26.9 - https:\/\/yoast.com\/product\/yoast-seo-wordpress\/ -->\n<title>Visit of the European Commission to learn about the empleaverde Programme - Fundaci\u00f3n Biodiversidad<\/title>\n<meta name=\"robots\" content=\"index, follow, max-snippet:-1, max-image-preview:large, max-video-preview:-1\" \/>\n<link rel=\"canonical\" href=\"https:\/\/fundacion-biodiversidad.es\/en\/actualidad_home\/visit-of-the-european-commission-to-learn-about-the-empleaverde-programme\/\" \/>\n<meta property=\"og:locale\" content=\"en_US\" \/>\n<meta property=\"og:type\" content=\"article\" \/>\n<meta property=\"og:title\" content=\"Visit of the European Commission to learn about the empleaverde Programme - Fundaci\u00f3n Biodiversidad\" \/>\n<meta property=\"og:description\" content=\"Representatives of the European Commission&#8217;s Directorate-General for Employment today visited the headquarters of the Biodiversity Foundation to learn about the initiatives that promote the green [&hellip;]\" \/>\n<meta property=\"og:url\" content=\"https:\/\/fundacion-biodiversidad.es\/en\/actualidad_home\/visit-of-the-european-commission-to-learn-about-the-empleaverde-programme\/\" \/>\n<meta property=\"og:site_name\" content=\"Fundaci\u00f3n Biodiversidad\" \/>\n<meta property=\"og:image\" content=\"https:\/\/fundacion-biodiversidad.es\/wp-content\/uploads\/2023\/01\/2487661294_35330241_720x405.png\" \/>\n\t<meta property=\"og:image:width\" content=\"720\" \/>\n\t<meta property=\"og:image:height\" content=\"405\" \/>\n\t<meta property=\"og:image:type\" content=\"image\/png\" \/>\n<meta name=\"twitter:card\" content=\"summary_large_image\" \/>\n<meta name=\"twitter:label1\" content=\"Est. reading time\" \/>\n\t<meta name=\"twitter:data1\" content=\"2 minutes\" \/>\n<script type=\"application\/ld+json\" class=\"yoast-schema-graph\">{\"@context\":\"https:\/\/schema.org\",\"@graph\":[{\"@type\":\"WebPage\",\"@id\":\"https:\/\/fundacion-biodiversidad.es\/en\/actualidad_home\/visit-of-the-european-commission-to-learn-about-the-empleaverde-programme\/\",\"url\":\"https:\/\/fundacion-biodiversidad.es\/en\/actualidad_home\/visit-of-the-european-commission-to-learn-about-the-empleaverde-programme\/\",\"name\":\"Visit of the European Commission to learn about the empleaverde Programme - Fundaci\u00f3n Biodiversidad\",\"isPartOf\":{\"@id\":\"https:\/\/fundacion-biodiversidad.es\/en\/#website\"},\"primaryImageOfPage\":{\"@id\":\"https:\/\/fundacion-biodiversidad.es\/en\/actualidad_home\/visit-of-the-european-commission-to-learn-about-the-empleaverde-programme\/#primaryimage\"},\"image\":{\"@id\":\"https:\/\/fundacion-biodiversidad.es\/en\/actualidad_home\/visit-of-the-european-commission-to-learn-about-the-empleaverde-programme\/#primaryimage\"},\"thumbnailUrl\":\"https:\/\/fundacion-biodiversidad.es\/wp-content\/uploads\/2014\/06\/visita-comision-europea-programa-empleaverde.jpg\",\"datePublished\":\"2014-06-27T03:56:32+00:00\",\"breadcrumb\":{\"@id\":\"https:\/\/fundacion-biodiversidad.es\/en\/actualidad_home\/visit-of-the-european-commission-to-learn-about-the-empleaverde-programme\/#breadcrumb\"},\"inLanguage\":\"en-US\",\"potentialAction\":[{\"@type\":\"ReadAction\",\"target\":[\"https:\/\/fundacion-biodiversidad.es\/en\/actualidad_home\/visit-of-the-european-commission-to-learn-about-the-empleaverde-programme\/\"]}]},{\"@type\":\"ImageObject\",\"inLanguage\":\"en-US\",\"@id\":\"https:\/\/fundacion-biodiversidad.es\/en\/actualidad_home\/visit-of-the-european-commission-to-learn-about-the-empleaverde-programme\/#primaryimage\",\"url\":\"https:\/\/fundacion-biodiversidad.es\/wp-content\/uploads\/2014\/06\/visita-comision-europea-programa-empleaverde.jpg\",\"contentUrl\":\"https:\/\/fundacion-biodiversidad.es\/wp-content\/uploads\/2014\/06\/visita-comision-europea-programa-empleaverde.jpg\",\"width\":1024,\"height\":499},{\"@type\":\"BreadcrumbList\",\"@id\":\"https:\/\/fundacion-biodiversidad.es\/en\/actualidad_home\/visit-of-the-european-commission-to-learn-about-the-empleaverde-programme\/#breadcrumb\",\"itemListElement\":[{\"@type\":\"ListItem\",\"position\":1,\"name\":\"Portada\",\"item\":\"https:\/\/fundacion-biodiversidad.es\/en\/inicio\/\"},{\"@type\":\"ListItem\",\"position\":2,\"name\":\"Noticias de actualidad\",\"item\":\"https:\/\/fundacion-biodiversidad.es\/en\/actualidad_home\/\"},{\"@type\":\"ListItem\",\"position\":3,\"name\":\"Visit of the European Commission to learn about the empleaverde Programme\"}]},{\"@type\":\"WebSite\",\"@id\":\"https:\/\/fundacion-biodiversidad.es\/en\/#website\",\"url\":\"https:\/\/fundacion-biodiversidad.es\/en\/\",\"name\":\"Fundaci\u00f3n Biodiversidad\",\"description\":\"Fundaci\u00f3n p\u00fablica adscrita al Ministerio para la Transici\u00f3n Ecol\u00f3gica\",\"potentialAction\":[{\"@type\":\"SearchAction\",\"target\":{\"@type\":\"EntryPoint\",\"urlTemplate\":\"https:\/\/fundacion-biodiversidad.es\/en\/?s={search_term_string}\"},\"query-input\":{\"@type\":\"PropertyValueSpecification\",\"valueRequired\":true,\"valueName\":\"search_term_string\"}}],\"inLanguage\":\"en-US\"}]}<\/script>\n<!-- \/ Yoast SEO plugin. -->","yoast_head_json":{"title":"Visit of the European Commission to learn about the empleaverde Programme - Fundaci\u00f3n Biodiversidad","robots":{"index":"index","follow":"follow","max-snippet":"max-snippet:-1","max-image-preview":"max-image-preview:large","max-video-preview":"max-video-preview:-1"},"canonical":"https:\/\/fundacion-biodiversidad.es\/en\/actualidad_home\/visit-of-the-european-commission-to-learn-about-the-empleaverde-programme\/","og_locale":"en_US","og_type":"article","og_title":"Visit of the European Commission to learn about the empleaverde Programme - Fundaci\u00f3n Biodiversidad","og_description":"Representatives of the European Commission&#8217;s Directorate-General for Employment today visited the headquarters of the Biodiversity Foundation to learn about the initiatives that promote the green [&hellip;]","og_url":"https:\/\/fundacion-biodiversidad.es\/en\/actualidad_home\/visit-of-the-european-commission-to-learn-about-the-empleaverde-programme\/","og_site_name":"Fundaci\u00f3n Biodiversidad","og_image":[{"width":720,"height":405,"url":"https:\/\/fundacion-biodiversidad.es\/wp-content\/uploads\/2023\/01\/2487661294_35330241_720x405.png","type":"image\/png"}],"twitter_card":"summary_large_image","twitter_misc":{"Est. reading time":"2 minutes"},"schema":{"@context":"https:\/\/schema.org","@graph":[{"@type":"WebPage","@id":"https:\/\/fundacion-biodiversidad.es\/en\/actualidad_home\/visit-of-the-european-commission-to-learn-about-the-empleaverde-programme\/","url":"https:\/\/fundacion-biodiversidad.es\/en\/actualidad_home\/visit-of-the-european-commission-to-learn-about-the-empleaverde-programme\/","name":"Visit of the European Commission to learn about the empleaverde Programme - Fundaci\u00f3n Biodiversidad","isPartOf":{"@id":"https:\/\/fundacion-biodiversidad.es\/en\/#website"},"primaryImageOfPage":{"@id":"https:\/\/fundacion-biodiversidad.es\/en\/actualidad_home\/visit-of-the-european-commission-to-learn-about-the-empleaverde-programme\/#primaryimage"},"image":{"@id":"https:\/\/fundacion-biodiversidad.es\/en\/actualidad_home\/visit-of-the-european-commission-to-learn-about-the-empleaverde-programme\/#primaryimage"},"thumbnailUrl":"https:\/\/fundacion-biodiversidad.es\/wp-content\/uploads\/2014\/06\/visita-comision-europea-programa-empleaverde.jpg","datePublished":"2014-06-27T03:56:32+00:00","breadcrumb":{"@id":"https:\/\/fundacion-biodiversidad.es\/en\/actualidad_home\/visit-of-the-european-commission-to-learn-about-the-empleaverde-programme\/#breadcrumb"},"inLanguage":"en-US","potentialAction":[{"@type":"ReadAction","target":["https:\/\/fundacion-biodiversidad.es\/en\/actualidad_home\/visit-of-the-european-commission-to-learn-about-the-empleaverde-programme\/"]}]},{"@type":"ImageObject","inLanguage":"en-US","@id":"https:\/\/fundacion-biodiversidad.es\/en\/actualidad_home\/visit-of-the-european-commission-to-learn-about-the-empleaverde-programme\/#primaryimage","url":"https:\/\/fundacion-biodiversidad.es\/wp-content\/uploads\/2014\/06\/visita-comision-europea-programa-empleaverde.jpg","contentUrl":"https:\/\/fundacion-biodiversidad.es\/wp-content\/uploads\/2014\/06\/visita-comision-europea-programa-empleaverde.jpg","width":1024,"height":499},{"@type":"BreadcrumbList","@id":"https:\/\/fundacion-biodiversidad.es\/en\/actualidad_home\/visit-of-the-european-commission-to-learn-about-the-empleaverde-programme\/#breadcrumb","itemListElement":[{"@type":"ListItem","position":1,"name":"Portada","item":"https:\/\/fundacion-biodiversidad.es\/en\/inicio\/"},{"@type":"ListItem","position":2,"name":"Noticias de actualidad","item":"https:\/\/fundacion-biodiversidad.es\/en\/actualidad_home\/"},{"@type":"ListItem","position":3,"name":"Visit of the European Commission to learn about the empleaverde Programme"}]},{"@type":"WebSite","@id":"https:\/\/fundacion-biodiversidad.es\/en\/#website","url":"https:\/\/fundacion-biodiversidad.es\/en\/","name":"Fundaci\u00f3n Biodiversidad","description":"Fundaci\u00f3n p\u00fablica adscrita al Ministerio para la Transici\u00f3n Ecol\u00f3gica","potentialAction":[{"@type":"SearchAction","target":{"@type":"EntryPoint","urlTemplate":"https:\/\/fundacion-biodiversidad.es\/en\/?s={search_term_string}"},"query-input":{"@type":"PropertyValueSpecification","valueRequired":true,"valueName":"search_term_string"}}],"inLanguage":"en-US"}]}},"_links":{"self":[{"href":"https:\/\/fundacion-biodiversidad.es\/en\/wp-json\/wp\/v2\/actualidad_home\/97857815","targetHints":{"allow":["GET"]}}],"collection":[{"href":"https:\/\/fundacion-biodiversidad.es\/en\/wp-json\/wp\/v2\/actualidad_home"}],"about":[{"href":"https:\/\/fundacion-biodiversidad.es\/en\/wp-json\/wp\/v2\/types\/actualidad_home"}],"author":[{"embeddable":true,"href":"https:\/\/fundacion-biodiversidad.es\/en\/wp-json\/wp\/v2\/users\/11"}],"wp:featuredmedia":[{"embeddable":true,"href":"https:\/\/fundacion-biodiversidad.es\/en\/wp-json\/wp\/v2\/media\/35437"}],"wp:attachment":[{"href":"https:\/\/fundacion-biodiversidad.es\/en\/wp-json\/wp\/v2\/media?parent=97857815"}],"wp:term":[{"taxonomy":"palabras_clave","embeddable":true,"href":"https:\/\/fundacion-biodiversidad.es\/en\/wp-json\/wp\/v2\/palabras_clave?post=97857815"}],"curies":[{"name":"wp","href":"https:\/\/api.w.org\/{rel}","templated":true}]}}