{"id":97857816,"date":"2014-07-04T11:14:56","date_gmt":"2014-07-04T09:14:56","guid":{"rendered":"https:\/\/fundacion-biodiversidad.es\/actualidad_home\/advances-in-the-knowledge-of-the-iberian-desman-for-its-recovery\/"},"modified":"2014-07-04T11:14:56","modified_gmt":"2014-07-04T09:14:56","slug":"advances-in-the-knowledge-of-the-iberian-desman-for-its-recovery","status":"publish","type":"actualidad_home","link":"https:\/\/fundacion-biodiversidad.es\/en\/actualidad_home\/advances-in-the-knowledge-of-the-iberian-desman-for-its-recovery\/","title":{"rendered":"Advances in the knowledge of the Iberian desman for its recovery"},"content":{"rendered":"<p>The European <a href=\"http:\/\/www.lifedesman.es\/\">LIFE+ Desmania<\/a> project advances in the study of the habitat and population analysis of the Iberian desman for the <strong>recovery in Extremadura and Castilla y Le\u00f3n of this small threatened mammal<\/strong>, which inhabits the mountain massifs of the Iberian Peninsula. <!--more--> The European <a href=\"http:\/\/www.lifedesman.es\/\">LIFE+ Desmania<\/a> project advances in the study of the habitat and population analysis of the Iberian desman for the <strong>recovery in Extremadura and Castilla y Le\u00f3n of this small threatened mammal<\/strong>, which inhabits the mountain massifs of the Iberian Peninsula.<br \/>\n&nbsp;<br \/>  The Lago de Sanabria Natural Park and surroundings (Zamora) has hosted the <strong>fifth Management Committee of the project coordinated by the Ministry of Agriculture, Food and Environment (MAGRAMA), through the Biodiversity Foundation,<\/strong> and in which the Junta de Castilla y Le\u00f3n, the Junta de Extremadura,  CESEFOR, the Natural Heritage Foundation of Castilla y Le\u00f3n, SOMACYL and Tragsatec.<br \/>\n&nbsp;<br \/>  During the meeting, the participants discussed the actions undertaken within the framework of the project during the last six months, in which monitoring and analysis actions have been launched of <strong>the distribution area and habitats occupied<\/strong> <strong>by the populations of Iberian desman<\/strong> (Galemys pyrenaicus) both in Extremadura and in Castilla y Le\u00f3n by collecting data on their habitat and searching for signs of the presence of the species.<br \/>\n&nbsp;<br \/>\n<strong>Iberian desman populations have been significantly reduced in recent years throughout the country<\/strong>. Actions aimed at their conservation include actions to improve the habitat in the riverbeds and banks, awareness and participation of society, the reduction and control of non-native species and non-natural threats. &nbsp;<br \/>\n&nbsp;<br \/>  Among its <strong>main threats<\/strong> are water pollution, the decrease in the flow of rivers mainly due to illegal extraction, alterations in riverbeds or the loss of riverside vegetation, as well as the appearance of invasive species such as the American mink, predator of desman.<br \/>\n&nbsp;<br \/>  As a control measure for this species <strong>,<\/strong> <strong>323 specimens of American mink have been captured so far in Le\u00f3n, Zamora and Palencia. <\/strong> <br \/>\n&nbsp;<br \/>  For the development of this action, a total of <strong>15 training sessions have been organized for 255 environmental and technical agents in Zamora, Le\u00f3n, \u00c1vila, Salamanca and Palencia<\/strong>. Likewise, results of the <a href=\"http:\/\/www.invasep.eu\/\">LIFE+ INVASEP<\/a> project, which promotes the fight against invasive species in the Tagus and Guadiana river basins in Extremadura, have been transferred to LIFE+ Desmania. <br \/>\n&nbsp;<br \/>  In the field of dissemination and awareness, the contents are being developed to launch a <strong>travelling exhibition on the Iberian desman<\/strong> in the next six months. Likewise, dissemination days will continue to be held aimed at fishermen from Le\u00f3n and schoolchildren, as in recent months. <br \/>\n&nbsp;<\/p>\n","protected":false},"author":11,"featured_media":35442,"template":"","meta":{"_acf_changed":false},"palabras_clave":[],"class_list":["post-97857816","actualidad_home","type-actualidad_home","status-publish","has-post-thumbnail","hentry"],"acf":[],"yoast_head":"<!-- This site is optimized with the Yoast SEO plugin v26.9 - https:\/\/yoast.com\/product\/yoast-seo-wordpress\/ -->\n<title>Advances in the knowledge of the Iberian desman for its recovery - Fundaci\u00f3n Biodiversidad<\/title>\n<meta name=\"robots\" content=\"index, follow, max-snippet:-1, max-image-preview:large, max-video-preview:-1\" \/>\n<link rel=\"canonical\" href=\"https:\/\/fundacion-biodiversidad.es\/en\/actualidad_home\/advances-in-the-knowledge-of-the-iberian-desman-for-its-recovery\/\" \/>\n<meta property=\"og:locale\" content=\"en_US\" \/>\n<meta property=\"og:type\" content=\"article\" \/>\n<meta property=\"og:title\" content=\"Advances in the knowledge of the Iberian desman for its recovery - Fundaci\u00f3n Biodiversidad\" \/>\n<meta property=\"og:description\" content=\"The European LIFE+ Desmania project advances in the study of the habitat and population analysis of the Iberian desman for the recovery in Extremadura and [&hellip;]\" \/>\n<meta property=\"og:url\" content=\"https:\/\/fundacion-biodiversidad.es\/en\/actualidad_home\/advances-in-the-knowledge-of-the-iberian-desman-for-its-recovery\/\" \/>\n<meta property=\"og:site_name\" content=\"Fundaci\u00f3n Biodiversidad\" \/>\n<meta property=\"og:image\" content=\"https:\/\/fundacion-biodiversidad.es\/wp-content\/uploads\/2023\/01\/2487661294_35330241_720x405.png\" \/>\n\t<meta property=\"og:image:width\" content=\"720\" \/>\n\t<meta property=\"og:image:height\" content=\"405\" \/>\n\t<meta property=\"og:image:type\" content=\"image\/png\" \/>\n<meta name=\"twitter:card\" content=\"summary_large_image\" \/>\n<meta name=\"twitter:label1\" content=\"Est. reading time\" \/>\n\t<meta name=\"twitter:data1\" content=\"2 minutes\" \/>\n<script type=\"application\/ld+json\" class=\"yoast-schema-graph\">{\"@context\":\"https:\/\/schema.org\",\"@graph\":[{\"@type\":\"WebPage\",\"@id\":\"https:\/\/fundacion-biodiversidad.es\/en\/actualidad_home\/advances-in-the-knowledge-of-the-iberian-desman-for-its-recovery\/\",\"url\":\"https:\/\/fundacion-biodiversidad.es\/en\/actualidad_home\/advances-in-the-knowledge-of-the-iberian-desman-for-its-recovery\/\",\"name\":\"Advances in the knowledge of the Iberian desman for its recovery - Fundaci\u00f3n Biodiversidad\",\"isPartOf\":{\"@id\":\"https:\/\/fundacion-biodiversidad.es\/en\/#website\"},\"primaryImageOfPage\":{\"@id\":\"https:\/\/fundacion-biodiversidad.es\/en\/actualidad_home\/advances-in-the-knowledge-of-the-iberian-desman-for-its-recovery\/#primaryimage\"},\"image\":{\"@id\":\"https:\/\/fundacion-biodiversidad.es\/en\/actualidad_home\/advances-in-the-knowledge-of-the-iberian-desman-for-its-recovery\/#primaryimage\"},\"thumbnailUrl\":\"https:\/\/fundacion-biodiversidad.es\/wp-content\/uploads\/2014\/07\/equipo-desman-iberico-life-sanabria.jpg\",\"datePublished\":\"2014-07-04T09:14:56+00:00\",\"breadcrumb\":{\"@id\":\"https:\/\/fundacion-biodiversidad.es\/en\/actualidad_home\/advances-in-the-knowledge-of-the-iberian-desman-for-its-recovery\/#breadcrumb\"},\"inLanguage\":\"en-US\",\"potentialAction\":[{\"@type\":\"ReadAction\",\"target\":[\"https:\/\/fundacion-biodiversidad.es\/en\/actualidad_home\/advances-in-the-knowledge-of-the-iberian-desman-for-its-recovery\/\"]}]},{\"@type\":\"ImageObject\",\"inLanguage\":\"en-US\",\"@id\":\"https:\/\/fundacion-biodiversidad.es\/en\/actualidad_home\/advances-in-the-knowledge-of-the-iberian-desman-for-its-recovery\/#primaryimage\",\"url\":\"https:\/\/fundacion-biodiversidad.es\/wp-content\/uploads\/2014\/07\/equipo-desman-iberico-life-sanabria.jpg\",\"contentUrl\":\"https:\/\/fundacion-biodiversidad.es\/wp-content\/uploads\/2014\/07\/equipo-desman-iberico-life-sanabria.jpg\",\"width\":800,\"height\":533},{\"@type\":\"BreadcrumbList\",\"@id\":\"https:\/\/fundacion-biodiversidad.es\/en\/actualidad_home\/advances-in-the-knowledge-of-the-iberian-desman-for-its-recovery\/#breadcrumb\",\"itemListElement\":[{\"@type\":\"ListItem\",\"position\":1,\"name\":\"Portada\",\"item\":\"https:\/\/fundacion-biodiversidad.es\/en\/inicio\/\"},{\"@type\":\"ListItem\",\"position\":2,\"name\":\"Noticias de actualidad\",\"item\":\"https:\/\/fundacion-biodiversidad.es\/en\/actualidad_home\/\"},{\"@type\":\"ListItem\",\"position\":3,\"name\":\"Advances in the knowledge of the Iberian desman for its recovery\"}]},{\"@type\":\"WebSite\",\"@id\":\"https:\/\/fundacion-biodiversidad.es\/en\/#website\",\"url\":\"https:\/\/fundacion-biodiversidad.es\/en\/\",\"name\":\"Fundaci\u00f3n Biodiversidad\",\"description\":\"Fundaci\u00f3n p\u00fablica adscrita al Ministerio para la Transici\u00f3n Ecol\u00f3gica\",\"potentialAction\":[{\"@type\":\"SearchAction\",\"target\":{\"@type\":\"EntryPoint\",\"urlTemplate\":\"https:\/\/fundacion-biodiversidad.es\/en\/?s={search_term_string}\"},\"query-input\":{\"@type\":\"PropertyValueSpecification\",\"valueRequired\":true,\"valueName\":\"search_term_string\"}}],\"inLanguage\":\"en-US\"}]}<\/script>\n<!-- \/ Yoast SEO plugin. -->","yoast_head_json":{"title":"Advances in the knowledge of the Iberian desman for its recovery - Fundaci\u00f3n Biodiversidad","robots":{"index":"index","follow":"follow","max-snippet":"max-snippet:-1","max-image-preview":"max-image-preview:large","max-video-preview":"max-video-preview:-1"},"canonical":"https:\/\/fundacion-biodiversidad.es\/en\/actualidad_home\/advances-in-the-knowledge-of-the-iberian-desman-for-its-recovery\/","og_locale":"en_US","og_type":"article","og_title":"Advances in the knowledge of the Iberian desman for its recovery - Fundaci\u00f3n Biodiversidad","og_description":"The European LIFE+ Desmania project advances in the study of the habitat and population analysis of the Iberian desman for the recovery in Extremadura and [&hellip;]","og_url":"https:\/\/fundacion-biodiversidad.es\/en\/actualidad_home\/advances-in-the-knowledge-of-the-iberian-desman-for-its-recovery\/","og_site_name":"Fundaci\u00f3n Biodiversidad","og_image":[{"width":720,"height":405,"url":"https:\/\/fundacion-biodiversidad.es\/wp-content\/uploads\/2023\/01\/2487661294_35330241_720x405.png","type":"image\/png"}],"twitter_card":"summary_large_image","twitter_misc":{"Est. reading time":"2 minutes"},"schema":{"@context":"https:\/\/schema.org","@graph":[{"@type":"WebPage","@id":"https:\/\/fundacion-biodiversidad.es\/en\/actualidad_home\/advances-in-the-knowledge-of-the-iberian-desman-for-its-recovery\/","url":"https:\/\/fundacion-biodiversidad.es\/en\/actualidad_home\/advances-in-the-knowledge-of-the-iberian-desman-for-its-recovery\/","name":"Advances in the knowledge of the Iberian desman for its recovery - Fundaci\u00f3n Biodiversidad","isPartOf":{"@id":"https:\/\/fundacion-biodiversidad.es\/en\/#website"},"primaryImageOfPage":{"@id":"https:\/\/fundacion-biodiversidad.es\/en\/actualidad_home\/advances-in-the-knowledge-of-the-iberian-desman-for-its-recovery\/#primaryimage"},"image":{"@id":"https:\/\/fundacion-biodiversidad.es\/en\/actualidad_home\/advances-in-the-knowledge-of-the-iberian-desman-for-its-recovery\/#primaryimage"},"thumbnailUrl":"https:\/\/fundacion-biodiversidad.es\/wp-content\/uploads\/2014\/07\/equipo-desman-iberico-life-sanabria.jpg","datePublished":"2014-07-04T09:14:56+00:00","breadcrumb":{"@id":"https:\/\/fundacion-biodiversidad.es\/en\/actualidad_home\/advances-in-the-knowledge-of-the-iberian-desman-for-its-recovery\/#breadcrumb"},"inLanguage":"en-US","potentialAction":[{"@type":"ReadAction","target":["https:\/\/fundacion-biodiversidad.es\/en\/actualidad_home\/advances-in-the-knowledge-of-the-iberian-desman-for-its-recovery\/"]}]},{"@type":"ImageObject","inLanguage":"en-US","@id":"https:\/\/fundacion-biodiversidad.es\/en\/actualidad_home\/advances-in-the-knowledge-of-the-iberian-desman-for-its-recovery\/#primaryimage","url":"https:\/\/fundacion-biodiversidad.es\/wp-content\/uploads\/2014\/07\/equipo-desman-iberico-life-sanabria.jpg","contentUrl":"https:\/\/fundacion-biodiversidad.es\/wp-content\/uploads\/2014\/07\/equipo-desman-iberico-life-sanabria.jpg","width":800,"height":533},{"@type":"BreadcrumbList","@id":"https:\/\/fundacion-biodiversidad.es\/en\/actualidad_home\/advances-in-the-knowledge-of-the-iberian-desman-for-its-recovery\/#breadcrumb","itemListElement":[{"@type":"ListItem","position":1,"name":"Portada","item":"https:\/\/fundacion-biodiversidad.es\/en\/inicio\/"},{"@type":"ListItem","position":2,"name":"Noticias de actualidad","item":"https:\/\/fundacion-biodiversidad.es\/en\/actualidad_home\/"},{"@type":"ListItem","position":3,"name":"Advances in the knowledge of the Iberian desman for its recovery"}]},{"@type":"WebSite","@id":"https:\/\/fundacion-biodiversidad.es\/en\/#website","url":"https:\/\/fundacion-biodiversidad.es\/en\/","name":"Fundaci\u00f3n Biodiversidad","description":"Fundaci\u00f3n p\u00fablica adscrita al Ministerio para la Transici\u00f3n Ecol\u00f3gica","potentialAction":[{"@type":"SearchAction","target":{"@type":"EntryPoint","urlTemplate":"https:\/\/fundacion-biodiversidad.es\/en\/?s={search_term_string}"},"query-input":{"@type":"PropertyValueSpecification","valueRequired":true,"valueName":"search_term_string"}}],"inLanguage":"en-US"}]}},"_links":{"self":[{"href":"https:\/\/fundacion-biodiversidad.es\/en\/wp-json\/wp\/v2\/actualidad_home\/97857816","targetHints":{"allow":["GET"]}}],"collection":[{"href":"https:\/\/fundacion-biodiversidad.es\/en\/wp-json\/wp\/v2\/actualidad_home"}],"about":[{"href":"https:\/\/fundacion-biodiversidad.es\/en\/wp-json\/wp\/v2\/types\/actualidad_home"}],"author":[{"embeddable":true,"href":"https:\/\/fundacion-biodiversidad.es\/en\/wp-json\/wp\/v2\/users\/11"}],"wp:featuredmedia":[{"embeddable":true,"href":"https:\/\/fundacion-biodiversidad.es\/en\/wp-json\/wp\/v2\/media\/35442"}],"wp:attachment":[{"href":"https:\/\/fundacion-biodiversidad.es\/en\/wp-json\/wp\/v2\/media?parent=97857816"}],"wp:term":[{"taxonomy":"palabras_clave","embeddable":true,"href":"https:\/\/fundacion-biodiversidad.es\/en\/wp-json\/wp\/v2\/palabras_clave?post=97857816"}],"curies":[{"name":"wp","href":"https:\/\/api.w.org\/{rel}","templated":true}]}}