{"id":97857818,"date":"2014-07-02T17:53:00","date_gmt":"2014-07-02T15:53:00","guid":{"rendered":"https:\/\/fundacion-biodiversidad.es\/actualidad_home\/conference-global-change-and-national-parks-challenges-and-opportunities\/"},"modified":"2014-07-02T17:53:00","modified_gmt":"2014-07-02T15:53:00","slug":"conference-global-change-and-national-parks-challenges-and-opportunities","status":"publish","type":"actualidad_home","link":"https:\/\/fundacion-biodiversidad.es\/en\/actualidad_home\/conference-global-change-and-national-parks-challenges-and-opportunities\/","title":{"rendered":"Conference &#8220;Global Change and National Parks: Challenges and Opportunities&#8221;"},"content":{"rendered":"<p>The Director General of Environmental Quality and Assessment and the Natural Environment of the Ministry of Agriculture, Food and Environment (MAGRAMA), Guillermina Yanguas, today inaugurated the conference &#8220;Global Change and National Parks: Challenges and Opportunities&#8221; that will be held in Granada until next Friday.&nbsp;<br \/>\n<!--more-->  The Director General of Environmental Quality and Assessment and the Natural Environment of the Ministry of Agriculture, Food and Environment (MAGRAMA), Guillermina Yanguas, today inaugurated the conference &#8220;Global Change and National Parks: Challenges and Opportunities&#8221; that will be held in Granada until next Friday.&nbsp;<br \/>\n&nbsp;<br \/>  The conference, presented by the director of the Biodiversity Foundation, Sonia Casta\u00f1eda, was also attended by the Director General of the Autonomous Agency for National Parks, Basilio Rada, the Director General of Natural Spaces and Citizen Participation of the Ministry of Environment and Territorial Planning of the Regional Government of Andalusia, Esperanza Perea, and the Director of Institutional Relations and R+D+I of Ferrovial Agrom\u00e1n.  Juan Elizaga.<br \/>\n&nbsp;<br \/>  This forum, organized by MAGRAMA with the collaboration of Ferrovial Agrom\u00e1n, will discuss the challenges faced by the scientific community, civil society and the business world in terms of global change.&nbsp;&nbsp;<br \/>\n&nbsp;<\/p>\n","protected":false},"author":11,"featured_media":35441,"template":"","meta":{"_acf_changed":false},"palabras_clave":[],"class_list":["post-97857818","actualidad_home","type-actualidad_home","status-publish","has-post-thumbnail","hentry"],"acf":[],"yoast_head":"<!-- This site is optimized with the Yoast SEO plugin v26.9 - https:\/\/yoast.com\/product\/yoast-seo-wordpress\/ -->\n<title>Conference &quot;Global Change and National Parks: Challenges and Opportunities&quot; - Fundaci\u00f3n Biodiversidad<\/title>\n<meta name=\"robots\" content=\"index, follow, max-snippet:-1, max-image-preview:large, max-video-preview:-1\" \/>\n<link rel=\"canonical\" href=\"https:\/\/fundacion-biodiversidad.es\/en\/actualidad_home\/conference-global-change-and-national-parks-challenges-and-opportunities\/\" \/>\n<meta property=\"og:locale\" content=\"en_US\" \/>\n<meta property=\"og:type\" content=\"article\" \/>\n<meta property=\"og:title\" content=\"Conference &quot;Global Change and National Parks: Challenges and Opportunities&quot; - Fundaci\u00f3n Biodiversidad\" \/>\n<meta property=\"og:description\" content=\"The Director General of Environmental Quality and Assessment and the Natural Environment of the Ministry of Agriculture, Food and Environment (MAGRAMA), Guillermina Yanguas, today inaugurated [&hellip;]\" \/>\n<meta property=\"og:url\" content=\"https:\/\/fundacion-biodiversidad.es\/en\/actualidad_home\/conference-global-change-and-national-parks-challenges-and-opportunities\/\" \/>\n<meta property=\"og:site_name\" content=\"Fundaci\u00f3n Biodiversidad\" \/>\n<meta property=\"og:image\" content=\"https:\/\/fundacion-biodiversidad.es\/wp-content\/uploads\/2023\/01\/2487661294_35330241_720x405.png\" \/>\n\t<meta property=\"og:image:width\" content=\"720\" \/>\n\t<meta property=\"og:image:height\" content=\"405\" \/>\n\t<meta property=\"og:image:type\" content=\"image\/png\" \/>\n<meta name=\"twitter:card\" content=\"summary_large_image\" \/>\n<meta name=\"twitter:label1\" content=\"Est. reading time\" \/>\n\t<meta name=\"twitter:data1\" content=\"1 minute\" \/>\n<script type=\"application\/ld+json\" class=\"yoast-schema-graph\">{\"@context\":\"https:\/\/schema.org\",\"@graph\":[{\"@type\":\"WebPage\",\"@id\":\"https:\/\/fundacion-biodiversidad.es\/en\/actualidad_home\/conference-global-change-and-national-parks-challenges-and-opportunities\/\",\"url\":\"https:\/\/fundacion-biodiversidad.es\/en\/actualidad_home\/conference-global-change-and-national-parks-challenges-and-opportunities\/\",\"name\":\"Conference \\\"Global Change and National Parks: Challenges and Opportunities\\\" - Fundaci\u00f3n Biodiversidad\",\"isPartOf\":{\"@id\":\"https:\/\/fundacion-biodiversidad.es\/en\/#website\"},\"primaryImageOfPage\":{\"@id\":\"https:\/\/fundacion-biodiversidad.es\/en\/actualidad_home\/conference-global-change-and-national-parks-challenges-and-opportunities\/#primaryimage\"},\"image\":{\"@id\":\"https:\/\/fundacion-biodiversidad.es\/en\/actualidad_home\/conference-global-change-and-national-parks-challenges-and-opportunities\/#primaryimage\"},\"thumbnailUrl\":\"https:\/\/fundacion-biodiversidad.es\/wp-content\/uploads\/2014\/07\/jornadas-cambio-climatico-red-parques.jpg\",\"datePublished\":\"2014-07-02T15:53:00+00:00\",\"breadcrumb\":{\"@id\":\"https:\/\/fundacion-biodiversidad.es\/en\/actualidad_home\/conference-global-change-and-national-parks-challenges-and-opportunities\/#breadcrumb\"},\"inLanguage\":\"en-US\",\"potentialAction\":[{\"@type\":\"ReadAction\",\"target\":[\"https:\/\/fundacion-biodiversidad.es\/en\/actualidad_home\/conference-global-change-and-national-parks-challenges-and-opportunities\/\"]}]},{\"@type\":\"ImageObject\",\"inLanguage\":\"en-US\",\"@id\":\"https:\/\/fundacion-biodiversidad.es\/en\/actualidad_home\/conference-global-change-and-national-parks-challenges-and-opportunities\/#primaryimage\",\"url\":\"https:\/\/fundacion-biodiversidad.es\/wp-content\/uploads\/2014\/07\/jornadas-cambio-climatico-red-parques.jpg\",\"contentUrl\":\"https:\/\/fundacion-biodiversidad.es\/wp-content\/uploads\/2014\/07\/jornadas-cambio-climatico-red-parques.jpg\",\"width\":800,\"height\":600},{\"@type\":\"BreadcrumbList\",\"@id\":\"https:\/\/fundacion-biodiversidad.es\/en\/actualidad_home\/conference-global-change-and-national-parks-challenges-and-opportunities\/#breadcrumb\",\"itemListElement\":[{\"@type\":\"ListItem\",\"position\":1,\"name\":\"Portada\",\"item\":\"https:\/\/fundacion-biodiversidad.es\/en\/inicio\/\"},{\"@type\":\"ListItem\",\"position\":2,\"name\":\"Noticias de actualidad\",\"item\":\"https:\/\/fundacion-biodiversidad.es\/en\/actualidad_home\/\"},{\"@type\":\"ListItem\",\"position\":3,\"name\":\"Conference &#8220;Global Change and National Parks: Challenges and Opportunities&#8221;\"}]},{\"@type\":\"WebSite\",\"@id\":\"https:\/\/fundacion-biodiversidad.es\/en\/#website\",\"url\":\"https:\/\/fundacion-biodiversidad.es\/en\/\",\"name\":\"Fundaci\u00f3n Biodiversidad\",\"description\":\"Fundaci\u00f3n p\u00fablica adscrita al Ministerio para la Transici\u00f3n Ecol\u00f3gica\",\"potentialAction\":[{\"@type\":\"SearchAction\",\"target\":{\"@type\":\"EntryPoint\",\"urlTemplate\":\"https:\/\/fundacion-biodiversidad.es\/en\/?s={search_term_string}\"},\"query-input\":{\"@type\":\"PropertyValueSpecification\",\"valueRequired\":true,\"valueName\":\"search_term_string\"}}],\"inLanguage\":\"en-US\"}]}<\/script>\n<!-- \/ Yoast SEO plugin. -->","yoast_head_json":{"title":"Conference \"Global Change and National Parks: Challenges and Opportunities\" - Fundaci\u00f3n Biodiversidad","robots":{"index":"index","follow":"follow","max-snippet":"max-snippet:-1","max-image-preview":"max-image-preview:large","max-video-preview":"max-video-preview:-1"},"canonical":"https:\/\/fundacion-biodiversidad.es\/en\/actualidad_home\/conference-global-change-and-national-parks-challenges-and-opportunities\/","og_locale":"en_US","og_type":"article","og_title":"Conference \"Global Change and National Parks: Challenges and Opportunities\" - Fundaci\u00f3n Biodiversidad","og_description":"The Director General of Environmental Quality and Assessment and the Natural Environment of the Ministry of Agriculture, Food and Environment (MAGRAMA), Guillermina Yanguas, today inaugurated [&hellip;]","og_url":"https:\/\/fundacion-biodiversidad.es\/en\/actualidad_home\/conference-global-change-and-national-parks-challenges-and-opportunities\/","og_site_name":"Fundaci\u00f3n Biodiversidad","og_image":[{"width":720,"height":405,"url":"https:\/\/fundacion-biodiversidad.es\/wp-content\/uploads\/2023\/01\/2487661294_35330241_720x405.png","type":"image\/png"}],"twitter_card":"summary_large_image","twitter_misc":{"Est. reading time":"1 minute"},"schema":{"@context":"https:\/\/schema.org","@graph":[{"@type":"WebPage","@id":"https:\/\/fundacion-biodiversidad.es\/en\/actualidad_home\/conference-global-change-and-national-parks-challenges-and-opportunities\/","url":"https:\/\/fundacion-biodiversidad.es\/en\/actualidad_home\/conference-global-change-and-national-parks-challenges-and-opportunities\/","name":"Conference \"Global Change and National Parks: Challenges and Opportunities\" - Fundaci\u00f3n Biodiversidad","isPartOf":{"@id":"https:\/\/fundacion-biodiversidad.es\/en\/#website"},"primaryImageOfPage":{"@id":"https:\/\/fundacion-biodiversidad.es\/en\/actualidad_home\/conference-global-change-and-national-parks-challenges-and-opportunities\/#primaryimage"},"image":{"@id":"https:\/\/fundacion-biodiversidad.es\/en\/actualidad_home\/conference-global-change-and-national-parks-challenges-and-opportunities\/#primaryimage"},"thumbnailUrl":"https:\/\/fundacion-biodiversidad.es\/wp-content\/uploads\/2014\/07\/jornadas-cambio-climatico-red-parques.jpg","datePublished":"2014-07-02T15:53:00+00:00","breadcrumb":{"@id":"https:\/\/fundacion-biodiversidad.es\/en\/actualidad_home\/conference-global-change-and-national-parks-challenges-and-opportunities\/#breadcrumb"},"inLanguage":"en-US","potentialAction":[{"@type":"ReadAction","target":["https:\/\/fundacion-biodiversidad.es\/en\/actualidad_home\/conference-global-change-and-national-parks-challenges-and-opportunities\/"]}]},{"@type":"ImageObject","inLanguage":"en-US","@id":"https:\/\/fundacion-biodiversidad.es\/en\/actualidad_home\/conference-global-change-and-national-parks-challenges-and-opportunities\/#primaryimage","url":"https:\/\/fundacion-biodiversidad.es\/wp-content\/uploads\/2014\/07\/jornadas-cambio-climatico-red-parques.jpg","contentUrl":"https:\/\/fundacion-biodiversidad.es\/wp-content\/uploads\/2014\/07\/jornadas-cambio-climatico-red-parques.jpg","width":800,"height":600},{"@type":"BreadcrumbList","@id":"https:\/\/fundacion-biodiversidad.es\/en\/actualidad_home\/conference-global-change-and-national-parks-challenges-and-opportunities\/#breadcrumb","itemListElement":[{"@type":"ListItem","position":1,"name":"Portada","item":"https:\/\/fundacion-biodiversidad.es\/en\/inicio\/"},{"@type":"ListItem","position":2,"name":"Noticias de actualidad","item":"https:\/\/fundacion-biodiversidad.es\/en\/actualidad_home\/"},{"@type":"ListItem","position":3,"name":"Conference &#8220;Global Change and National Parks: Challenges and Opportunities&#8221;"}]},{"@type":"WebSite","@id":"https:\/\/fundacion-biodiversidad.es\/en\/#website","url":"https:\/\/fundacion-biodiversidad.es\/en\/","name":"Fundaci\u00f3n Biodiversidad","description":"Fundaci\u00f3n p\u00fablica adscrita al Ministerio para la Transici\u00f3n Ecol\u00f3gica","potentialAction":[{"@type":"SearchAction","target":{"@type":"EntryPoint","urlTemplate":"https:\/\/fundacion-biodiversidad.es\/en\/?s={search_term_string}"},"query-input":{"@type":"PropertyValueSpecification","valueRequired":true,"valueName":"search_term_string"}}],"inLanguage":"en-US"}]}},"_links":{"self":[{"href":"https:\/\/fundacion-biodiversidad.es\/en\/wp-json\/wp\/v2\/actualidad_home\/97857818","targetHints":{"allow":["GET"]}}],"collection":[{"href":"https:\/\/fundacion-biodiversidad.es\/en\/wp-json\/wp\/v2\/actualidad_home"}],"about":[{"href":"https:\/\/fundacion-biodiversidad.es\/en\/wp-json\/wp\/v2\/types\/actualidad_home"}],"author":[{"embeddable":true,"href":"https:\/\/fundacion-biodiversidad.es\/en\/wp-json\/wp\/v2\/users\/11"}],"wp:featuredmedia":[{"embeddable":true,"href":"https:\/\/fundacion-biodiversidad.es\/en\/wp-json\/wp\/v2\/media\/35441"}],"wp:attachment":[{"href":"https:\/\/fundacion-biodiversidad.es\/en\/wp-json\/wp\/v2\/media?parent=97857818"}],"wp:term":[{"taxonomy":"palabras_clave","embeddable":true,"href":"https:\/\/fundacion-biodiversidad.es\/en\/wp-json\/wp\/v2\/palabras_clave?post=97857818"}],"curies":[{"name":"wp","href":"https:\/\/api.w.org\/{rel}","templated":true}]}}