{"id":97857819,"date":"2014-06-18T13:34:51","date_gmt":"2014-06-18T11:34:51","guid":{"rendered":"https:\/\/fundacion-biodiversidad.es\/actualidad_home\/prevents-fires-protects-biodiversity\/"},"modified":"2014-06-18T13:34:51","modified_gmt":"2014-06-18T11:34:51","slug":"prevents-fires-protects-biodiversity","status":"publish","type":"actualidad_home","link":"https:\/\/fundacion-biodiversidad.es\/en\/actualidad_home\/prevents-fires-protects-biodiversity\/","title":{"rendered":"Prevents fires, protects biodiversity"},"content":{"rendered":"<p>The Ministry of Agriculture, Food and Environment (MAGRAMA) has drawn up a <strong>basic decalogue of prohibitions and recommendations <\/strong>that citizens should take into account <strong>to prevent the outbreak of forest fires<\/strong>. The MAGRAMA highlights the importance of observing this decalogue, since 95% of accidents are caused by human activities, either due to negligence and accidents, or intentionally. <\/p>\n<p>  In this way, the basic aspects, taking into account the motivations of the fires, could be:&nbsp;<\/p>\n<p>  1.&nbsp;&nbsp;&nbsp;&nbsp;&nbsp;Do not throw cigarettes or matches on the ground.<br \/>  2.&nbsp;&nbsp;&nbsp;&nbsp;&nbsp;Do not light fires in the mountains in times of risk.&nbsp;<br \/>  3.&nbsp;&nbsp;&nbsp;&nbsp;&nbsp;If a burn is going to be made, request the appropriate authorization. In addition, it is advisable to take extreme precautions in its execution. <br \/>  4.&nbsp;&nbsp;&nbsp;&nbsp;&nbsp;In times of risk, do not use agricultural or forestry machinery that can generate fires.&nbsp;<br \/>  5.&nbsp;&nbsp;&nbsp;&nbsp;&nbsp;Comply with restrictions on access to forest areas in times of risk.<br \/>  6.&nbsp;&nbsp;&nbsp;&nbsp;&nbsp;Extreme caution should be exercised if fire is used in agricultural activities.&nbsp;<br \/>  7.&nbsp;&nbsp;&nbsp;&nbsp;&nbsp;If a fire is spotted, immediately notify 112 or the emergency telephone number of the corresponding Autonomous Community. Remember that safety is the most important factor, so you should never work alone. <br \/>  8.&nbsp;&nbsp;&nbsp;&nbsp;&nbsp;In times of risk, do not use tools that can generate sparks.&nbsp;&nbsp;&nbsp;<br \/>  9.&nbsp;&nbsp;&nbsp;&nbsp;&nbsp;Do not throw rubbish outside the authorised containers.<br \/>  10.  &nbsp;  Finally, remember that 95% of forest fires are due to human action, so we must put all our attention on avoiding them.<\/p>\n<p><a href=\"https:\/\/www.youtube.com\/watch?v=YSfqFNbHwGY\">FIRE CAMPAIGN 2014 : &#8220;Against fire, every year, with your help&#8221;<\/a><\/p>\n","protected":false},"author":11,"featured_media":35435,"template":"","meta":{"_acf_changed":false},"palabras_clave":[],"class_list":["post-97857819","actualidad_home","type-actualidad_home","status-publish","has-post-thumbnail","hentry"],"acf":[],"yoast_head":"<!-- This site is optimized with the Yoast SEO plugin v26.9 - https:\/\/yoast.com\/product\/yoast-seo-wordpress\/ -->\n<title>Prevents fires, protects biodiversity - Fundaci\u00f3n Biodiversidad<\/title>\n<meta name=\"robots\" content=\"index, follow, max-snippet:-1, max-image-preview:large, max-video-preview:-1\" \/>\n<link rel=\"canonical\" href=\"https:\/\/fundacion-biodiversidad.es\/en\/actualidad_home\/prevents-fires-protects-biodiversity\/\" \/>\n<meta property=\"og:locale\" content=\"en_US\" \/>\n<meta property=\"og:type\" content=\"article\" \/>\n<meta property=\"og:title\" content=\"Prevents fires, protects biodiversity - Fundaci\u00f3n Biodiversidad\" \/>\n<meta property=\"og:description\" content=\"The Ministry of Agriculture, Food and Environment (MAGRAMA) has drawn up a basic decalogue of prohibitions and recommendations that citizens should take into account to [&hellip;]\" \/>\n<meta property=\"og:url\" content=\"https:\/\/fundacion-biodiversidad.es\/en\/actualidad_home\/prevents-fires-protects-biodiversity\/\" \/>\n<meta property=\"og:site_name\" content=\"Fundaci\u00f3n Biodiversidad\" \/>\n<meta property=\"og:image\" content=\"https:\/\/fundacion-biodiversidad.es\/wp-content\/uploads\/2023\/01\/2487661294_35330241_720x405.png\" \/>\n\t<meta property=\"og:image:width\" content=\"720\" \/>\n\t<meta property=\"og:image:height\" content=\"405\" \/>\n\t<meta property=\"og:image:type\" content=\"image\/png\" \/>\n<meta name=\"twitter:card\" content=\"summary_large_image\" \/>\n<meta name=\"twitter:label1\" content=\"Est. reading time\" \/>\n\t<meta name=\"twitter:data1\" content=\"1 minute\" \/>\n<script type=\"application\/ld+json\" class=\"yoast-schema-graph\">{\"@context\":\"https:\/\/schema.org\",\"@graph\":[{\"@type\":\"WebPage\",\"@id\":\"https:\/\/fundacion-biodiversidad.es\/en\/actualidad_home\/prevents-fires-protects-biodiversity\/\",\"url\":\"https:\/\/fundacion-biodiversidad.es\/en\/actualidad_home\/prevents-fires-protects-biodiversity\/\",\"name\":\"Prevents fires, protects biodiversity - Fundaci\u00f3n Biodiversidad\",\"isPartOf\":{\"@id\":\"https:\/\/fundacion-biodiversidad.es\/en\/#website\"},\"primaryImageOfPage\":{\"@id\":\"https:\/\/fundacion-biodiversidad.es\/en\/actualidad_home\/prevents-fires-protects-biodiversity\/#primaryimage\"},\"image\":{\"@id\":\"https:\/\/fundacion-biodiversidad.es\/en\/actualidad_home\/prevents-fires-protects-biodiversity\/#primaryimage\"},\"thumbnailUrl\":\"https:\/\/fundacion-biodiversidad.es\/wp-content\/uploads\/2014\/06\/incendios-prevencion.jpg\",\"datePublished\":\"2014-06-18T11:34:51+00:00\",\"breadcrumb\":{\"@id\":\"https:\/\/fundacion-biodiversidad.es\/en\/actualidad_home\/prevents-fires-protects-biodiversity\/#breadcrumb\"},\"inLanguage\":\"en-US\",\"potentialAction\":[{\"@type\":\"ReadAction\",\"target\":[\"https:\/\/fundacion-biodiversidad.es\/en\/actualidad_home\/prevents-fires-protects-biodiversity\/\"]}]},{\"@type\":\"ImageObject\",\"inLanguage\":\"en-US\",\"@id\":\"https:\/\/fundacion-biodiversidad.es\/en\/actualidad_home\/prevents-fires-protects-biodiversity\/#primaryimage\",\"url\":\"https:\/\/fundacion-biodiversidad.es\/wp-content\/uploads\/2014\/06\/incendios-prevencion.jpg\",\"contentUrl\":\"https:\/\/fundacion-biodiversidad.es\/wp-content\/uploads\/2014\/06\/incendios-prevencion.jpg\",\"width\":800,\"height\":600},{\"@type\":\"BreadcrumbList\",\"@id\":\"https:\/\/fundacion-biodiversidad.es\/en\/actualidad_home\/prevents-fires-protects-biodiversity\/#breadcrumb\",\"itemListElement\":[{\"@type\":\"ListItem\",\"position\":1,\"name\":\"Portada\",\"item\":\"https:\/\/fundacion-biodiversidad.es\/en\/inicio\/\"},{\"@type\":\"ListItem\",\"position\":2,\"name\":\"Noticias de actualidad\",\"item\":\"https:\/\/fundacion-biodiversidad.es\/en\/actualidad_home\/\"},{\"@type\":\"ListItem\",\"position\":3,\"name\":\"Prevents fires, protects biodiversity\"}]},{\"@type\":\"WebSite\",\"@id\":\"https:\/\/fundacion-biodiversidad.es\/en\/#website\",\"url\":\"https:\/\/fundacion-biodiversidad.es\/en\/\",\"name\":\"Fundaci\u00f3n Biodiversidad\",\"description\":\"Fundaci\u00f3n p\u00fablica adscrita al Ministerio para la Transici\u00f3n Ecol\u00f3gica\",\"potentialAction\":[{\"@type\":\"SearchAction\",\"target\":{\"@type\":\"EntryPoint\",\"urlTemplate\":\"https:\/\/fundacion-biodiversidad.es\/en\/?s={search_term_string}\"},\"query-input\":{\"@type\":\"PropertyValueSpecification\",\"valueRequired\":true,\"valueName\":\"search_term_string\"}}],\"inLanguage\":\"en-US\"}]}<\/script>\n<!-- \/ Yoast SEO plugin. -->","yoast_head_json":{"title":"Prevents fires, protects biodiversity - Fundaci\u00f3n Biodiversidad","robots":{"index":"index","follow":"follow","max-snippet":"max-snippet:-1","max-image-preview":"max-image-preview:large","max-video-preview":"max-video-preview:-1"},"canonical":"https:\/\/fundacion-biodiversidad.es\/en\/actualidad_home\/prevents-fires-protects-biodiversity\/","og_locale":"en_US","og_type":"article","og_title":"Prevents fires, protects biodiversity - Fundaci\u00f3n Biodiversidad","og_description":"The Ministry of Agriculture, Food and Environment (MAGRAMA) has drawn up a basic decalogue of prohibitions and recommendations that citizens should take into account to [&hellip;]","og_url":"https:\/\/fundacion-biodiversidad.es\/en\/actualidad_home\/prevents-fires-protects-biodiversity\/","og_site_name":"Fundaci\u00f3n Biodiversidad","og_image":[{"width":720,"height":405,"url":"https:\/\/fundacion-biodiversidad.es\/wp-content\/uploads\/2023\/01\/2487661294_35330241_720x405.png","type":"image\/png"}],"twitter_card":"summary_large_image","twitter_misc":{"Est. reading time":"1 minute"},"schema":{"@context":"https:\/\/schema.org","@graph":[{"@type":"WebPage","@id":"https:\/\/fundacion-biodiversidad.es\/en\/actualidad_home\/prevents-fires-protects-biodiversity\/","url":"https:\/\/fundacion-biodiversidad.es\/en\/actualidad_home\/prevents-fires-protects-biodiversity\/","name":"Prevents fires, protects biodiversity - Fundaci\u00f3n Biodiversidad","isPartOf":{"@id":"https:\/\/fundacion-biodiversidad.es\/en\/#website"},"primaryImageOfPage":{"@id":"https:\/\/fundacion-biodiversidad.es\/en\/actualidad_home\/prevents-fires-protects-biodiversity\/#primaryimage"},"image":{"@id":"https:\/\/fundacion-biodiversidad.es\/en\/actualidad_home\/prevents-fires-protects-biodiversity\/#primaryimage"},"thumbnailUrl":"https:\/\/fundacion-biodiversidad.es\/wp-content\/uploads\/2014\/06\/incendios-prevencion.jpg","datePublished":"2014-06-18T11:34:51+00:00","breadcrumb":{"@id":"https:\/\/fundacion-biodiversidad.es\/en\/actualidad_home\/prevents-fires-protects-biodiversity\/#breadcrumb"},"inLanguage":"en-US","potentialAction":[{"@type":"ReadAction","target":["https:\/\/fundacion-biodiversidad.es\/en\/actualidad_home\/prevents-fires-protects-biodiversity\/"]}]},{"@type":"ImageObject","inLanguage":"en-US","@id":"https:\/\/fundacion-biodiversidad.es\/en\/actualidad_home\/prevents-fires-protects-biodiversity\/#primaryimage","url":"https:\/\/fundacion-biodiversidad.es\/wp-content\/uploads\/2014\/06\/incendios-prevencion.jpg","contentUrl":"https:\/\/fundacion-biodiversidad.es\/wp-content\/uploads\/2014\/06\/incendios-prevencion.jpg","width":800,"height":600},{"@type":"BreadcrumbList","@id":"https:\/\/fundacion-biodiversidad.es\/en\/actualidad_home\/prevents-fires-protects-biodiversity\/#breadcrumb","itemListElement":[{"@type":"ListItem","position":1,"name":"Portada","item":"https:\/\/fundacion-biodiversidad.es\/en\/inicio\/"},{"@type":"ListItem","position":2,"name":"Noticias de actualidad","item":"https:\/\/fundacion-biodiversidad.es\/en\/actualidad_home\/"},{"@type":"ListItem","position":3,"name":"Prevents fires, protects biodiversity"}]},{"@type":"WebSite","@id":"https:\/\/fundacion-biodiversidad.es\/en\/#website","url":"https:\/\/fundacion-biodiversidad.es\/en\/","name":"Fundaci\u00f3n Biodiversidad","description":"Fundaci\u00f3n p\u00fablica adscrita al Ministerio para la Transici\u00f3n Ecol\u00f3gica","potentialAction":[{"@type":"SearchAction","target":{"@type":"EntryPoint","urlTemplate":"https:\/\/fundacion-biodiversidad.es\/en\/?s={search_term_string}"},"query-input":{"@type":"PropertyValueSpecification","valueRequired":true,"valueName":"search_term_string"}}],"inLanguage":"en-US"}]}},"_links":{"self":[{"href":"https:\/\/fundacion-biodiversidad.es\/en\/wp-json\/wp\/v2\/actualidad_home\/97857819","targetHints":{"allow":["GET"]}}],"collection":[{"href":"https:\/\/fundacion-biodiversidad.es\/en\/wp-json\/wp\/v2\/actualidad_home"}],"about":[{"href":"https:\/\/fundacion-biodiversidad.es\/en\/wp-json\/wp\/v2\/types\/actualidad_home"}],"author":[{"embeddable":true,"href":"https:\/\/fundacion-biodiversidad.es\/en\/wp-json\/wp\/v2\/users\/11"}],"wp:featuredmedia":[{"embeddable":true,"href":"https:\/\/fundacion-biodiversidad.es\/en\/wp-json\/wp\/v2\/media\/35435"}],"wp:attachment":[{"href":"https:\/\/fundacion-biodiversidad.es\/en\/wp-json\/wp\/v2\/media?parent=97857819"}],"wp:term":[{"taxonomy":"palabras_clave","embeddable":true,"href":"https:\/\/fundacion-biodiversidad.es\/en\/wp-json\/wp\/v2\/palabras_clave?post=97857819"}],"curies":[{"name":"wp","href":"https:\/\/api.w.org\/{rel}","templated":true}]}}