{"id":97857822,"date":"2014-06-17T16:31:04","date_gmt":"2014-06-17T14:31:04","guid":{"rendered":"https:\/\/fundacion-biodiversidad.es\/actualidad_home\/blueberries-key-to-the-conservation-of-the-cantabrian-capercaillie\/"},"modified":"2014-06-17T16:31:04","modified_gmt":"2014-06-17T14:31:04","slug":"blueberries-key-to-the-conservation-of-the-cantabrian-capercaillie","status":"publish","type":"actualidad_home","link":"https:\/\/fundacion-biodiversidad.es\/en\/actualidad_home\/blueberries-key-to-the-conservation-of-the-cantabrian-capercaillie\/","title":{"rendered":"Blueberries, key to the conservation of the Cantabrian capercaillie"},"content":{"rendered":"<p>Fifty experts in the conservation and management of the capercaillie habitat have participated today in the conference organized by the <strong>Biodiversity Foundation<\/strong> in <strong>Villablino (Le\u00f3n)<\/strong> within the framework of the <a href=\"http:\/\/www.lifeurogallo.es\/\" target=\"_blank\" rel=\"noopener\">LIFE+ Cantabrian Capercaillie project<\/a> with the aim of exchanging experiences and updating knowledge on the ecology and effectiveness of forest management for the development of <strong>blueberries<\/strong>.  a key food in the diet of the <strong>Cantabrian capercaillie<\/strong>.<br \/>\n&nbsp;<br \/>  The meeting was attended by technicians from the autonomous communities of <strong>Castilla y Le\u00f3n, Cantabria, Asturias and Catalonia<\/strong>, who are carrying out projects for the conservation of the capercaillie not only in the Cantabrian mountain range but also in the Pyrenees.<br \/>\n&nbsp;<br \/>  The speakers presented their experiences in the conservation and improvement of blueberry trees in these autonomous communities carried out within the framework of the LIFE+ Cantabrian Capercaillie project and in the <strong><a href=\"http:\/\/www.gallipyr.eu\/\" target=\"_blank\" rel=\"noopener\">Gallipyr project<\/a><\/strong>, the Pyrenean Network of Mountain Galliforms.<br \/>\n&nbsp;<br \/>  The technician of the Conselh del Val D&#8217;Aran, Ivan Afonso, has highlighted the link between the capercaillie and the blueberry and the forestry treatments that have favoured the increase in the coverage of this species and its effect on the capercaillie.<br \/>\n&nbsp;<br \/>  For her part, the researcher from the University of Le\u00f3n, Esther Sierra, has shown the effect that <strong>herbivores<\/strong> have on the height and cover of blueberry groves, in particular deer and to a lesser extent domestic livestock, especially in the eastern sector of the Cantabrian capercaillie distribution area.<br \/>\n&nbsp;<br \/>  The technicians Froil\u00e1n Sevilla, from the Junta de Castilla y Le\u00f3n, Javier Espinosa from the Government of Cantabria and Teresa S\u00e1nchez Corominas, from the Principality of Asturias, also participated in these conferences, presenting the various results obtained from the forestry work carried out in their respective autonomous communities with the aim of promoting blueberries.<br \/>\n&nbsp;<br \/>  In various working groups, the habitat conservation actions promoted to promote the development of the understory and thus increase the sources of food and shelter of the Cantabrian capercaillie, and the clearing of scrub as a measure to improve blueberry populations have been discussed.<br \/>\n&nbsp;<br \/> The habitat management actions of the LIFE+ Cantabrian Capercaillie were reviewed and planned, together with the rest of the actions of the project, in the <strong>Management Committee that was held yesterday in Caboalles de Arriba (Le\u00f3n).<\/strong><br \/>\n&nbsp;<br \/>  The <strong>LIFE+ Cantabrian Capercaillie project<\/strong>, coordinated by the Biodiversity Foundation, aims to guarantee a favourable conservation status of the Cantabrian capercaillie ecosystems through habitat restoration and management actions, favour reproductive success and the survival of adults and promote social awareness and public participation, increasing knowledge about the subspecies.<\/p>\n","protected":false},"author":11,"featured_media":35433,"template":"","meta":{"_acf_changed":false},"palabras_clave":[],"class_list":["post-97857822","actualidad_home","type-actualidad_home","status-publish","has-post-thumbnail","hentry"],"acf":[],"yoast_head":"<!-- This site is optimized with the Yoast SEO plugin v26.9 - https:\/\/yoast.com\/product\/yoast-seo-wordpress\/ -->\n<title>Blueberries, key to the conservation of the Cantabrian capercaillie - Fundaci\u00f3n Biodiversidad<\/title>\n<meta name=\"robots\" content=\"index, follow, max-snippet:-1, max-image-preview:large, max-video-preview:-1\" \/>\n<link rel=\"canonical\" href=\"https:\/\/fundacion-biodiversidad.es\/en\/actualidad_home\/blueberries-key-to-the-conservation-of-the-cantabrian-capercaillie\/\" \/>\n<meta property=\"og:locale\" content=\"en_US\" \/>\n<meta property=\"og:type\" content=\"article\" \/>\n<meta property=\"og:title\" content=\"Blueberries, key to the conservation of the Cantabrian capercaillie - Fundaci\u00f3n Biodiversidad\" \/>\n<meta property=\"og:description\" content=\"Fifty experts in the conservation and management of the capercaillie habitat have participated today in the conference organized by the Biodiversity Foundation in Villablino (Le\u00f3n) [&hellip;]\" \/>\n<meta property=\"og:url\" content=\"https:\/\/fundacion-biodiversidad.es\/en\/actualidad_home\/blueberries-key-to-the-conservation-of-the-cantabrian-capercaillie\/\" \/>\n<meta property=\"og:site_name\" content=\"Fundaci\u00f3n Biodiversidad\" \/>\n<meta property=\"og:image\" content=\"https:\/\/fundacion-biodiversidad.es\/wp-content\/uploads\/2023\/01\/2487661294_35330241_720x405.png\" \/>\n\t<meta property=\"og:image:width\" content=\"720\" \/>\n\t<meta property=\"og:image:height\" content=\"405\" \/>\n\t<meta property=\"og:image:type\" content=\"image\/png\" \/>\n<meta name=\"twitter:card\" content=\"summary_large_image\" \/>\n<meta name=\"twitter:label1\" content=\"Est. reading time\" \/>\n\t<meta name=\"twitter:data1\" content=\"2 minutes\" \/>\n<script type=\"application\/ld+json\" class=\"yoast-schema-graph\">{\"@context\":\"https:\/\/schema.org\",\"@graph\":[{\"@type\":\"WebPage\",\"@id\":\"https:\/\/fundacion-biodiversidad.es\/en\/actualidad_home\/blueberries-key-to-the-conservation-of-the-cantabrian-capercaillie\/\",\"url\":\"https:\/\/fundacion-biodiversidad.es\/en\/actualidad_home\/blueberries-key-to-the-conservation-of-the-cantabrian-capercaillie\/\",\"name\":\"Blueberries, key to the conservation of the Cantabrian capercaillie - Fundaci\u00f3n Biodiversidad\",\"isPartOf\":{\"@id\":\"https:\/\/fundacion-biodiversidad.es\/en\/#website\"},\"primaryImageOfPage\":{\"@id\":\"https:\/\/fundacion-biodiversidad.es\/en\/actualidad_home\/blueberries-key-to-the-conservation-of-the-cantabrian-capercaillie\/#primaryimage\"},\"image\":{\"@id\":\"https:\/\/fundacion-biodiversidad.es\/en\/actualidad_home\/blueberries-key-to-the-conservation-of-the-cantabrian-capercaillie\/#primaryimage\"},\"thumbnailUrl\":\"https:\/\/fundacion-biodiversidad.es\/wp-content\/uploads\/2014\/06\/urogallo-cantabrico-jornada-villablino-leon.jpg\",\"datePublished\":\"2014-06-17T14:31:04+00:00\",\"breadcrumb\":{\"@id\":\"https:\/\/fundacion-biodiversidad.es\/en\/actualidad_home\/blueberries-key-to-the-conservation-of-the-cantabrian-capercaillie\/#breadcrumb\"},\"inLanguage\":\"en-US\",\"potentialAction\":[{\"@type\":\"ReadAction\",\"target\":[\"https:\/\/fundacion-biodiversidad.es\/en\/actualidad_home\/blueberries-key-to-the-conservation-of-the-cantabrian-capercaillie\/\"]}]},{\"@type\":\"ImageObject\",\"inLanguage\":\"en-US\",\"@id\":\"https:\/\/fundacion-biodiversidad.es\/en\/actualidad_home\/blueberries-key-to-the-conservation-of-the-cantabrian-capercaillie\/#primaryimage\",\"url\":\"https:\/\/fundacion-biodiversidad.es\/wp-content\/uploads\/2014\/06\/urogallo-cantabrico-jornada-villablino-leon.jpg\",\"contentUrl\":\"https:\/\/fundacion-biodiversidad.es\/wp-content\/uploads\/2014\/06\/urogallo-cantabrico-jornada-villablino-leon.jpg\",\"width\":800,\"height\":519},{\"@type\":\"BreadcrumbList\",\"@id\":\"https:\/\/fundacion-biodiversidad.es\/en\/actualidad_home\/blueberries-key-to-the-conservation-of-the-cantabrian-capercaillie\/#breadcrumb\",\"itemListElement\":[{\"@type\":\"ListItem\",\"position\":1,\"name\":\"Portada\",\"item\":\"https:\/\/fundacion-biodiversidad.es\/en\/inicio\/\"},{\"@type\":\"ListItem\",\"position\":2,\"name\":\"Noticias de actualidad\",\"item\":\"https:\/\/fundacion-biodiversidad.es\/en\/actualidad_home\/\"},{\"@type\":\"ListItem\",\"position\":3,\"name\":\"Blueberries, key to the conservation of the Cantabrian capercaillie\"}]},{\"@type\":\"WebSite\",\"@id\":\"https:\/\/fundacion-biodiversidad.es\/en\/#website\",\"url\":\"https:\/\/fundacion-biodiversidad.es\/en\/\",\"name\":\"Fundaci\u00f3n Biodiversidad\",\"description\":\"Fundaci\u00f3n p\u00fablica adscrita al Ministerio para la Transici\u00f3n Ecol\u00f3gica\",\"potentialAction\":[{\"@type\":\"SearchAction\",\"target\":{\"@type\":\"EntryPoint\",\"urlTemplate\":\"https:\/\/fundacion-biodiversidad.es\/en\/?s={search_term_string}\"},\"query-input\":{\"@type\":\"PropertyValueSpecification\",\"valueRequired\":true,\"valueName\":\"search_term_string\"}}],\"inLanguage\":\"en-US\"}]}<\/script>\n<!-- \/ Yoast SEO plugin. -->","yoast_head_json":{"title":"Blueberries, key to the conservation of the Cantabrian capercaillie - Fundaci\u00f3n Biodiversidad","robots":{"index":"index","follow":"follow","max-snippet":"max-snippet:-1","max-image-preview":"max-image-preview:large","max-video-preview":"max-video-preview:-1"},"canonical":"https:\/\/fundacion-biodiversidad.es\/en\/actualidad_home\/blueberries-key-to-the-conservation-of-the-cantabrian-capercaillie\/","og_locale":"en_US","og_type":"article","og_title":"Blueberries, key to the conservation of the Cantabrian capercaillie - Fundaci\u00f3n Biodiversidad","og_description":"Fifty experts in the conservation and management of the capercaillie habitat have participated today in the conference organized by the Biodiversity Foundation in Villablino (Le\u00f3n) [&hellip;]","og_url":"https:\/\/fundacion-biodiversidad.es\/en\/actualidad_home\/blueberries-key-to-the-conservation-of-the-cantabrian-capercaillie\/","og_site_name":"Fundaci\u00f3n Biodiversidad","og_image":[{"width":720,"height":405,"url":"https:\/\/fundacion-biodiversidad.es\/wp-content\/uploads\/2023\/01\/2487661294_35330241_720x405.png","type":"image\/png"}],"twitter_card":"summary_large_image","twitter_misc":{"Est. reading time":"2 minutes"},"schema":{"@context":"https:\/\/schema.org","@graph":[{"@type":"WebPage","@id":"https:\/\/fundacion-biodiversidad.es\/en\/actualidad_home\/blueberries-key-to-the-conservation-of-the-cantabrian-capercaillie\/","url":"https:\/\/fundacion-biodiversidad.es\/en\/actualidad_home\/blueberries-key-to-the-conservation-of-the-cantabrian-capercaillie\/","name":"Blueberries, key to the conservation of the Cantabrian capercaillie - Fundaci\u00f3n Biodiversidad","isPartOf":{"@id":"https:\/\/fundacion-biodiversidad.es\/en\/#website"},"primaryImageOfPage":{"@id":"https:\/\/fundacion-biodiversidad.es\/en\/actualidad_home\/blueberries-key-to-the-conservation-of-the-cantabrian-capercaillie\/#primaryimage"},"image":{"@id":"https:\/\/fundacion-biodiversidad.es\/en\/actualidad_home\/blueberries-key-to-the-conservation-of-the-cantabrian-capercaillie\/#primaryimage"},"thumbnailUrl":"https:\/\/fundacion-biodiversidad.es\/wp-content\/uploads\/2014\/06\/urogallo-cantabrico-jornada-villablino-leon.jpg","datePublished":"2014-06-17T14:31:04+00:00","breadcrumb":{"@id":"https:\/\/fundacion-biodiversidad.es\/en\/actualidad_home\/blueberries-key-to-the-conservation-of-the-cantabrian-capercaillie\/#breadcrumb"},"inLanguage":"en-US","potentialAction":[{"@type":"ReadAction","target":["https:\/\/fundacion-biodiversidad.es\/en\/actualidad_home\/blueberries-key-to-the-conservation-of-the-cantabrian-capercaillie\/"]}]},{"@type":"ImageObject","inLanguage":"en-US","@id":"https:\/\/fundacion-biodiversidad.es\/en\/actualidad_home\/blueberries-key-to-the-conservation-of-the-cantabrian-capercaillie\/#primaryimage","url":"https:\/\/fundacion-biodiversidad.es\/wp-content\/uploads\/2014\/06\/urogallo-cantabrico-jornada-villablino-leon.jpg","contentUrl":"https:\/\/fundacion-biodiversidad.es\/wp-content\/uploads\/2014\/06\/urogallo-cantabrico-jornada-villablino-leon.jpg","width":800,"height":519},{"@type":"BreadcrumbList","@id":"https:\/\/fundacion-biodiversidad.es\/en\/actualidad_home\/blueberries-key-to-the-conservation-of-the-cantabrian-capercaillie\/#breadcrumb","itemListElement":[{"@type":"ListItem","position":1,"name":"Portada","item":"https:\/\/fundacion-biodiversidad.es\/en\/inicio\/"},{"@type":"ListItem","position":2,"name":"Noticias de actualidad","item":"https:\/\/fundacion-biodiversidad.es\/en\/actualidad_home\/"},{"@type":"ListItem","position":3,"name":"Blueberries, key to the conservation of the Cantabrian capercaillie"}]},{"@type":"WebSite","@id":"https:\/\/fundacion-biodiversidad.es\/en\/#website","url":"https:\/\/fundacion-biodiversidad.es\/en\/","name":"Fundaci\u00f3n Biodiversidad","description":"Fundaci\u00f3n p\u00fablica adscrita al Ministerio para la Transici\u00f3n Ecol\u00f3gica","potentialAction":[{"@type":"SearchAction","target":{"@type":"EntryPoint","urlTemplate":"https:\/\/fundacion-biodiversidad.es\/en\/?s={search_term_string}"},"query-input":{"@type":"PropertyValueSpecification","valueRequired":true,"valueName":"search_term_string"}}],"inLanguage":"en-US"}]}},"_links":{"self":[{"href":"https:\/\/fundacion-biodiversidad.es\/en\/wp-json\/wp\/v2\/actualidad_home\/97857822","targetHints":{"allow":["GET"]}}],"collection":[{"href":"https:\/\/fundacion-biodiversidad.es\/en\/wp-json\/wp\/v2\/actualidad_home"}],"about":[{"href":"https:\/\/fundacion-biodiversidad.es\/en\/wp-json\/wp\/v2\/types\/actualidad_home"}],"author":[{"embeddable":true,"href":"https:\/\/fundacion-biodiversidad.es\/en\/wp-json\/wp\/v2\/users\/11"}],"wp:featuredmedia":[{"embeddable":true,"href":"https:\/\/fundacion-biodiversidad.es\/en\/wp-json\/wp\/v2\/media\/35433"}],"wp:attachment":[{"href":"https:\/\/fundacion-biodiversidad.es\/en\/wp-json\/wp\/v2\/media?parent=97857822"}],"wp:term":[{"taxonomy":"palabras_clave","embeddable":true,"href":"https:\/\/fundacion-biodiversidad.es\/en\/wp-json\/wp\/v2\/palabras_clave?post=97857822"}],"curies":[{"name":"wp","href":"https:\/\/api.w.org\/{rel}","templated":true}]}}