{"id":97857824,"date":"2014-06-04T15:38:29","date_gmt":"2014-06-04T13:38:29","guid":{"rendered":"https:\/\/fundacion-biodiversidad.es\/actualidad_home\/more-than-150-people-participate-in-the-seminars-on-capercaillie-and-land-stewardship\/"},"modified":"2014-06-04T15:38:29","modified_gmt":"2014-06-04T13:38:29","slug":"more-than-150-people-participate-in-the-seminars-on-capercaillie-and-land-stewardship","status":"publish","type":"actualidad_home","link":"https:\/\/fundacion-biodiversidad.es\/en\/actualidad_home\/more-than-150-people-participate-in-the-seminars-on-capercaillie-and-land-stewardship\/","title":{"rendered":"More than 150 people participate in the seminars on capercaillie and land stewardship"},"content":{"rendered":"<p>More than 150 people have participated in the information sessions that the Biodiversity Foundation, SEO\/BirdLife and the Oxygen Foundation have held in the autonomous communities of Cantabria, Asturias, Galicia and Castilla y Le\u00f3n with the aim of disseminating land stewardship as a tool for the conservation of the Cantabrian capercaillie and promoting the participation of society in the preservation of this endangered species.<br \/>\n&nbsp;<br \/>  Within the framework of the <a href=\"http:\/\/www.lifeurogallo.es\/\" target=\"_blank\" rel=\"noopener\">LIFE+ Cantabrian Capercaillie<\/a> project, 14 seminars have been held during the months of May and June in Cantabria (Reinosa), Asturias (Cangas del Narcea, Ibias, Pola de Somiedo, Benia de On\u00eds, San Juan de Bele\u00f1o, Ria\u00f1o, Campo de Caso, Pola de Lena and Riello), Galicia (Cervantes) and Castilla y Le\u00f3n (Villablino,  Villafranca del Bierzo and Cervera de Pisuerga).<br \/>\n&nbsp;<br \/>  During the meetings, the different land stewardship actions that can be carried out for the conservation of the capercaillie and the benefits they bring to owners in improving the management of their farms were addressed. Thus, forest treatments can be promoted for the restoration and improvement of the capercaillie environment, fire prevention actions or the recovery of traditional uses that improve the habitat of the species can be implemented. <br \/>\n&nbsp;<br \/>  These informative meetings have been attended by representatives of town councils, neighbourhood councils, parishes, livestock farmers, owners of farms and land in capercaillie habitats, public and private technicians, cultural and environmental associations and tourism companies active in these territories, among other entities.&nbsp;<br \/>\n&nbsp;<br \/>  The LIFE+ Cantabrian Capercaillie project aims to halt the decline of this subspecies endemic to the Iberian Peninsula and promote its recovery. Specifically, the programme aims to guarantee a favourable conservation status of the Cantabrian capercaillie habitats through restoration and improvement actions, favour reproductive success and the survival of adults and promote social awareness and public participation, increasing knowledge about the subspecies and its habitat. <br \/>\n&nbsp;<br \/>  Among the initiatives of the project is the <a href=\"http:\/\/www.lifeurogallo.es\/contenido\/programa-de-custodia-territorio-en-reservas-de-biosfera-life-urogallo\" target=\"_blank\" rel=\"noopener\">land stewardship program in Biosphere Reserves<\/a>, which seeks to promote voluntary agreements between owners and stewardship entities on farms that have a special interest for the conservation of the Cantabrian capercaillie and its environment.<br \/>\n&nbsp;<\/p>\n","protected":false},"author":11,"featured_media":35425,"template":"","meta":{"_acf_changed":false},"palabras_clave":[],"class_list":["post-97857824","actualidad_home","type-actualidad_home","status-publish","has-post-thumbnail","hentry"],"acf":[],"yoast_head":"<!-- This site is optimized with the Yoast SEO plugin v26.9 - https:\/\/yoast.com\/product\/yoast-seo-wordpress\/ -->\n<title>More than 150 people participate in the seminars on capercaillie and land stewardship - Fundaci\u00f3n Biodiversidad<\/title>\n<meta name=\"robots\" content=\"index, follow, max-snippet:-1, max-image-preview:large, max-video-preview:-1\" \/>\n<link rel=\"canonical\" href=\"https:\/\/fundacion-biodiversidad.es\/en\/actualidad_home\/more-than-150-people-participate-in-the-seminars-on-capercaillie-and-land-stewardship\/\" \/>\n<meta property=\"og:locale\" content=\"en_US\" \/>\n<meta property=\"og:type\" content=\"article\" \/>\n<meta property=\"og:title\" content=\"More than 150 people participate in the seminars on capercaillie and land stewardship - Fundaci\u00f3n Biodiversidad\" \/>\n<meta property=\"og:description\" content=\"More than 150 people have participated in the information sessions that the Biodiversity Foundation, SEO\/BirdLife and the Oxygen Foundation have held in the autonomous communities [&hellip;]\" \/>\n<meta property=\"og:url\" content=\"https:\/\/fundacion-biodiversidad.es\/en\/actualidad_home\/more-than-150-people-participate-in-the-seminars-on-capercaillie-and-land-stewardship\/\" \/>\n<meta property=\"og:site_name\" content=\"Fundaci\u00f3n Biodiversidad\" \/>\n<meta property=\"og:image\" content=\"https:\/\/fundacion-biodiversidad.es\/wp-content\/uploads\/2023\/01\/2487661294_35330241_720x405.png\" \/>\n\t<meta property=\"og:image:width\" content=\"720\" \/>\n\t<meta property=\"og:image:height\" content=\"405\" \/>\n\t<meta property=\"og:image:type\" content=\"image\/png\" \/>\n<meta name=\"twitter:card\" content=\"summary_large_image\" \/>\n<meta name=\"twitter:label1\" content=\"Est. reading time\" \/>\n\t<meta name=\"twitter:data1\" content=\"2 minutes\" \/>\n<script type=\"application\/ld+json\" class=\"yoast-schema-graph\">{\"@context\":\"https:\/\/schema.org\",\"@graph\":[{\"@type\":\"WebPage\",\"@id\":\"https:\/\/fundacion-biodiversidad.es\/en\/actualidad_home\/more-than-150-people-participate-in-the-seminars-on-capercaillie-and-land-stewardship\/\",\"url\":\"https:\/\/fundacion-biodiversidad.es\/en\/actualidad_home\/more-than-150-people-participate-in-the-seminars-on-capercaillie-and-land-stewardship\/\",\"name\":\"More than 150 people participate in the seminars on capercaillie and land stewardship - Fundaci\u00f3n Biodiversidad\",\"isPartOf\":{\"@id\":\"https:\/\/fundacion-biodiversidad.es\/en\/#website\"},\"primaryImageOfPage\":{\"@id\":\"https:\/\/fundacion-biodiversidad.es\/en\/actualidad_home\/more-than-150-people-participate-in-the-seminars-on-capercaillie-and-land-stewardship\/#primaryimage\"},\"image\":{\"@id\":\"https:\/\/fundacion-biodiversidad.es\/en\/actualidad_home\/more-than-150-people-participate-in-the-seminars-on-capercaillie-and-land-stewardship\/#primaryimage\"},\"thumbnailUrl\":\"https:\/\/fundacion-biodiversidad.es\/wp-content\/uploads\/2014\/06\/seminario_urogallo.jpg\",\"datePublished\":\"2014-06-04T13:38:29+00:00\",\"breadcrumb\":{\"@id\":\"https:\/\/fundacion-biodiversidad.es\/en\/actualidad_home\/more-than-150-people-participate-in-the-seminars-on-capercaillie-and-land-stewardship\/#breadcrumb\"},\"inLanguage\":\"en-US\",\"potentialAction\":[{\"@type\":\"ReadAction\",\"target\":[\"https:\/\/fundacion-biodiversidad.es\/en\/actualidad_home\/more-than-150-people-participate-in-the-seminars-on-capercaillie-and-land-stewardship\/\"]}]},{\"@type\":\"ImageObject\",\"inLanguage\":\"en-US\",\"@id\":\"https:\/\/fundacion-biodiversidad.es\/en\/actualidad_home\/more-than-150-people-participate-in-the-seminars-on-capercaillie-and-land-stewardship\/#primaryimage\",\"url\":\"https:\/\/fundacion-biodiversidad.es\/wp-content\/uploads\/2014\/06\/seminario_urogallo.jpg\",\"contentUrl\":\"https:\/\/fundacion-biodiversidad.es\/wp-content\/uploads\/2014\/06\/seminario_urogallo.jpg\",\"width\":800,\"height\":600},{\"@type\":\"BreadcrumbList\",\"@id\":\"https:\/\/fundacion-biodiversidad.es\/en\/actualidad_home\/more-than-150-people-participate-in-the-seminars-on-capercaillie-and-land-stewardship\/#breadcrumb\",\"itemListElement\":[{\"@type\":\"ListItem\",\"position\":1,\"name\":\"Portada\",\"item\":\"https:\/\/fundacion-biodiversidad.es\/en\/inicio\/\"},{\"@type\":\"ListItem\",\"position\":2,\"name\":\"Noticias de actualidad\",\"item\":\"https:\/\/fundacion-biodiversidad.es\/en\/actualidad_home\/\"},{\"@type\":\"ListItem\",\"position\":3,\"name\":\"More than 150 people participate in the seminars on capercaillie and land stewardship\"}]},{\"@type\":\"WebSite\",\"@id\":\"https:\/\/fundacion-biodiversidad.es\/en\/#website\",\"url\":\"https:\/\/fundacion-biodiversidad.es\/en\/\",\"name\":\"Fundaci\u00f3n Biodiversidad\",\"description\":\"Fundaci\u00f3n p\u00fablica adscrita al Ministerio para la Transici\u00f3n Ecol\u00f3gica\",\"potentialAction\":[{\"@type\":\"SearchAction\",\"target\":{\"@type\":\"EntryPoint\",\"urlTemplate\":\"https:\/\/fundacion-biodiversidad.es\/en\/?s={search_term_string}\"},\"query-input\":{\"@type\":\"PropertyValueSpecification\",\"valueRequired\":true,\"valueName\":\"search_term_string\"}}],\"inLanguage\":\"en-US\"}]}<\/script>\n<!-- \/ Yoast SEO plugin. -->","yoast_head_json":{"title":"More than 150 people participate in the seminars on capercaillie and land stewardship - Fundaci\u00f3n Biodiversidad","robots":{"index":"index","follow":"follow","max-snippet":"max-snippet:-1","max-image-preview":"max-image-preview:large","max-video-preview":"max-video-preview:-1"},"canonical":"https:\/\/fundacion-biodiversidad.es\/en\/actualidad_home\/more-than-150-people-participate-in-the-seminars-on-capercaillie-and-land-stewardship\/","og_locale":"en_US","og_type":"article","og_title":"More than 150 people participate in the seminars on capercaillie and land stewardship - Fundaci\u00f3n Biodiversidad","og_description":"More than 150 people have participated in the information sessions that the Biodiversity Foundation, SEO\/BirdLife and the Oxygen Foundation have held in the autonomous communities [&hellip;]","og_url":"https:\/\/fundacion-biodiversidad.es\/en\/actualidad_home\/more-than-150-people-participate-in-the-seminars-on-capercaillie-and-land-stewardship\/","og_site_name":"Fundaci\u00f3n Biodiversidad","og_image":[{"width":720,"height":405,"url":"https:\/\/fundacion-biodiversidad.es\/wp-content\/uploads\/2023\/01\/2487661294_35330241_720x405.png","type":"image\/png"}],"twitter_card":"summary_large_image","twitter_misc":{"Est. reading time":"2 minutes"},"schema":{"@context":"https:\/\/schema.org","@graph":[{"@type":"WebPage","@id":"https:\/\/fundacion-biodiversidad.es\/en\/actualidad_home\/more-than-150-people-participate-in-the-seminars-on-capercaillie-and-land-stewardship\/","url":"https:\/\/fundacion-biodiversidad.es\/en\/actualidad_home\/more-than-150-people-participate-in-the-seminars-on-capercaillie-and-land-stewardship\/","name":"More than 150 people participate in the seminars on capercaillie and land stewardship - Fundaci\u00f3n Biodiversidad","isPartOf":{"@id":"https:\/\/fundacion-biodiversidad.es\/en\/#website"},"primaryImageOfPage":{"@id":"https:\/\/fundacion-biodiversidad.es\/en\/actualidad_home\/more-than-150-people-participate-in-the-seminars-on-capercaillie-and-land-stewardship\/#primaryimage"},"image":{"@id":"https:\/\/fundacion-biodiversidad.es\/en\/actualidad_home\/more-than-150-people-participate-in-the-seminars-on-capercaillie-and-land-stewardship\/#primaryimage"},"thumbnailUrl":"https:\/\/fundacion-biodiversidad.es\/wp-content\/uploads\/2014\/06\/seminario_urogallo.jpg","datePublished":"2014-06-04T13:38:29+00:00","breadcrumb":{"@id":"https:\/\/fundacion-biodiversidad.es\/en\/actualidad_home\/more-than-150-people-participate-in-the-seminars-on-capercaillie-and-land-stewardship\/#breadcrumb"},"inLanguage":"en-US","potentialAction":[{"@type":"ReadAction","target":["https:\/\/fundacion-biodiversidad.es\/en\/actualidad_home\/more-than-150-people-participate-in-the-seminars-on-capercaillie-and-land-stewardship\/"]}]},{"@type":"ImageObject","inLanguage":"en-US","@id":"https:\/\/fundacion-biodiversidad.es\/en\/actualidad_home\/more-than-150-people-participate-in-the-seminars-on-capercaillie-and-land-stewardship\/#primaryimage","url":"https:\/\/fundacion-biodiversidad.es\/wp-content\/uploads\/2014\/06\/seminario_urogallo.jpg","contentUrl":"https:\/\/fundacion-biodiversidad.es\/wp-content\/uploads\/2014\/06\/seminario_urogallo.jpg","width":800,"height":600},{"@type":"BreadcrumbList","@id":"https:\/\/fundacion-biodiversidad.es\/en\/actualidad_home\/more-than-150-people-participate-in-the-seminars-on-capercaillie-and-land-stewardship\/#breadcrumb","itemListElement":[{"@type":"ListItem","position":1,"name":"Portada","item":"https:\/\/fundacion-biodiversidad.es\/en\/inicio\/"},{"@type":"ListItem","position":2,"name":"Noticias de actualidad","item":"https:\/\/fundacion-biodiversidad.es\/en\/actualidad_home\/"},{"@type":"ListItem","position":3,"name":"More than 150 people participate in the seminars on capercaillie and land stewardship"}]},{"@type":"WebSite","@id":"https:\/\/fundacion-biodiversidad.es\/en\/#website","url":"https:\/\/fundacion-biodiversidad.es\/en\/","name":"Fundaci\u00f3n Biodiversidad","description":"Fundaci\u00f3n p\u00fablica adscrita al Ministerio para la Transici\u00f3n Ecol\u00f3gica","potentialAction":[{"@type":"SearchAction","target":{"@type":"EntryPoint","urlTemplate":"https:\/\/fundacion-biodiversidad.es\/en\/?s={search_term_string}"},"query-input":{"@type":"PropertyValueSpecification","valueRequired":true,"valueName":"search_term_string"}}],"inLanguage":"en-US"}]}},"_links":{"self":[{"href":"https:\/\/fundacion-biodiversidad.es\/en\/wp-json\/wp\/v2\/actualidad_home\/97857824","targetHints":{"allow":["GET"]}}],"collection":[{"href":"https:\/\/fundacion-biodiversidad.es\/en\/wp-json\/wp\/v2\/actualidad_home"}],"about":[{"href":"https:\/\/fundacion-biodiversidad.es\/en\/wp-json\/wp\/v2\/types\/actualidad_home"}],"author":[{"embeddable":true,"href":"https:\/\/fundacion-biodiversidad.es\/en\/wp-json\/wp\/v2\/users\/11"}],"wp:featuredmedia":[{"embeddable":true,"href":"https:\/\/fundacion-biodiversidad.es\/en\/wp-json\/wp\/v2\/media\/35425"}],"wp:attachment":[{"href":"https:\/\/fundacion-biodiversidad.es\/en\/wp-json\/wp\/v2\/media?parent=97857824"}],"wp:term":[{"taxonomy":"palabras_clave","embeddable":true,"href":"https:\/\/fundacion-biodiversidad.es\/en\/wp-json\/wp\/v2\/palabras_clave?post=97857824"}],"curies":[{"name":"wp","href":"https:\/\/api.w.org\/{rel}","templated":true}]}}