{"id":97857832,"date":"2014-06-05T15:46:27","date_gmt":"2014-06-05T13:46:27","guid":{"rendered":"https:\/\/fundacion-biodiversidad.es\/actualidad_home\/12-spanish-companies-awarded-for-their-sustainability-and-environmental-performance\/"},"modified":"2014-06-05T15:46:27","modified_gmt":"2014-06-05T13:46:27","slug":"12-spanish-companies-awarded-for-their-sustainability-and-environmental-performance","status":"publish","type":"actualidad_home","link":"https:\/\/fundacion-biodiversidad.es\/en\/actualidad_home\/12-spanish-companies-awarded-for-their-sustainability-and-environmental-performance\/","title":{"rendered":"12 Spanish companies, awarded for their sustainability and environmental performance"},"content":{"rendered":"<p>FF. AA. HR The Prince and Princess of Asturias today presided over the presentation ceremony of the European Business Awards for the Environment, in its Spanish Section, which in this 2013\/2014 edition is awarded by the Ministry of Agriculture, Food and Environment (MAGRAMA), through the Biodiversity Foundation.<br \/>\n&nbsp;<br \/>  In this edition, the awards have gone to <a href=\"https:\/\/fundacion-biodiversidad.es\/wp-content\/uploads\/2014\/06\/14.06.05_garcia_tejerina_premios_europeos_medio_ambiente_empresa_tcm7-331212_noticia.pdf\" rel=\"nofollow\">12 Spanish companies<\/a> that have demonstrated a firm commitment to sustainable development and stand out for their environmental performance.<br \/>\n&nbsp;<br \/>  In front of more than 200 attendees, the Minister of Agriculture, Food and the Environment, Isabel Garc\u00eda Tejerina, expressed her satisfaction with the results achieved in this call, which corroborate that &#8220;Spanish companies remain firm in their commitment to the environment&#8221;.<br \/>\n&nbsp;<br \/>  Garc\u00eda Tejerina also pointed out that Spanish companies are part of a global market in which &#8220;the green race has already begun&#8221;, which is why he encouraged them to integrate the environment into their businesses and understand it as &#8220;an opportunity and a source of employment and wealth&#8221;.<br \/>\n&nbsp;<br \/>  For its part, SS. AA. HR the Prince of Asturias congratulated the companies for &#8220;promoting new business strategies and for committing to a new business approach where the environment plays a leading role&#8221;. To all of them, he added, &#8220;I invite them to play their role as ambassadors of the environment among the Spanish business community, being a reference and source of inspiration for many other companies in our environment&#8221;.<br \/>\n&nbsp;<br \/>  FF. AA. HR the Prince and Princess of Asturias were accompanied by Minister Isabel Garc\u00eda Tejerina, the Secretary of State for the Environment, Federico Ramos, and the Director of the Biodiversity Foundation, Sonia Casta\u00f1eda, who chaired the jury for the awards, made up of 10 experts in sustainability and business.<br \/>\n&nbsp;<br \/>  In this edition, 99 applications have been submitted, of which 38 correspond to large companies and 61 to SMEs. All of them represent a wide range of sectors of activity in the Spanish economy, such as textiles, industry, hotels, distribution and mass consumption, among others. <br \/>\n&nbsp;<br \/>  The winners in this edition were NH Hoteles, A&amp;B Laboratorios de Biotecnolog\u00eda S.A.U., Acciona Ingenier\u00eda, Ecoalf; Font Vella y Lanjar\u00f3n, Leroy Merlin, AFESA, Red El\u00e9ctrica de Espa\u00f1a. In addition, second prizes have been awarded to the Galdakano Usansolo Hospital, Agua de Niebla de Canaria and Futureco Bioscience and the Port Authority of Cartagena. <br \/>\n&nbsp;<br \/>  The jury has valued the high level of innovation and technological development of the initiatives presented in the four categories of the competition, which allow to recognize business management initiatives for sustainable development, innovative products and services, as well as business processes and projects of international cooperation that promote sustainable development. For each of the categories, a distinction has been made between large companies and SMEs.<\/p>\n<p> Likewise, this edition has had the special category &#8216;Business and biodiversity&#8217;, which has reached 41 applications received and whose winners have been selected from among all the companies submitted to the competition.<\/p>\n<p><strong>Lyon, scene of the European final<\/strong><\/p>\n<p> The award-winning companies in the Spanish Section will enter the European final, competing with the rest of the winning companies in other EU member states and candidate countries. The European jury will meet in September in Rome and the winners will be announced on 1 December in Lyon at the awards ceremony.  <\/p>\n<p>  The European Business Awards for the Environment of the Directorate-General for the Environment of the European Commission have been held since 1987 in order to recognise those companies that stand out for their environmental performance.<\/p>\n","protected":false},"author":11,"featured_media":35426,"template":"","meta":{"_acf_changed":false},"palabras_clave":[],"class_list":["post-97857832","actualidad_home","type-actualidad_home","status-publish","has-post-thumbnail","hentry"],"acf":[],"yoast_head":"<!-- This site is optimized with the Yoast SEO plugin v26.9 - https:\/\/yoast.com\/product\/yoast-seo-wordpress\/ -->\n<title>12 Spanish companies, awarded for their sustainability and environmental performance - Fundaci\u00f3n Biodiversidad<\/title>\n<meta name=\"robots\" content=\"index, follow, max-snippet:-1, max-image-preview:large, max-video-preview:-1\" \/>\n<link rel=\"canonical\" href=\"https:\/\/fundacion-biodiversidad.es\/en\/actualidad_home\/12-spanish-companies-awarded-for-their-sustainability-and-environmental-performance\/\" \/>\n<meta property=\"og:locale\" content=\"en_US\" \/>\n<meta property=\"og:type\" content=\"article\" \/>\n<meta property=\"og:title\" content=\"12 Spanish companies, awarded for their sustainability and environmental performance - Fundaci\u00f3n Biodiversidad\" \/>\n<meta property=\"og:description\" content=\"FF. AA. HR The Prince and Princess of Asturias today presided over the presentation ceremony of the European Business Awards for the Environment, in its [&hellip;]\" \/>\n<meta property=\"og:url\" content=\"https:\/\/fundacion-biodiversidad.es\/en\/actualidad_home\/12-spanish-companies-awarded-for-their-sustainability-and-environmental-performance\/\" \/>\n<meta property=\"og:site_name\" content=\"Fundaci\u00f3n Biodiversidad\" \/>\n<meta property=\"og:image\" content=\"https:\/\/fundacion-biodiversidad.es\/wp-content\/uploads\/2023\/01\/2487661294_35330241_720x405.png\" \/>\n\t<meta property=\"og:image:width\" content=\"720\" \/>\n\t<meta property=\"og:image:height\" content=\"405\" \/>\n\t<meta property=\"og:image:type\" content=\"image\/png\" \/>\n<meta name=\"twitter:card\" content=\"summary_large_image\" \/>\n<meta name=\"twitter:label1\" content=\"Est. reading time\" \/>\n\t<meta name=\"twitter:data1\" content=\"3 minutes\" \/>\n<script type=\"application\/ld+json\" class=\"yoast-schema-graph\">{\"@context\":\"https:\/\/schema.org\",\"@graph\":[{\"@type\":\"WebPage\",\"@id\":\"https:\/\/fundacion-biodiversidad.es\/en\/actualidad_home\/12-spanish-companies-awarded-for-their-sustainability-and-environmental-performance\/\",\"url\":\"https:\/\/fundacion-biodiversidad.es\/en\/actualidad_home\/12-spanish-companies-awarded-for-their-sustainability-and-environmental-performance\/\",\"name\":\"12 Spanish companies, awarded for their sustainability and environmental performance - Fundaci\u00f3n Biodiversidad\",\"isPartOf\":{\"@id\":\"https:\/\/fundacion-biodiversidad.es\/en\/#website\"},\"primaryImageOfPage\":{\"@id\":\"https:\/\/fundacion-biodiversidad.es\/en\/actualidad_home\/12-spanish-companies-awarded-for-their-sustainability-and-environmental-performance\/#primaryimage\"},\"image\":{\"@id\":\"https:\/\/fundacion-biodiversidad.es\/en\/actualidad_home\/12-spanish-companies-awarded-for-their-sustainability-and-environmental-performance\/#primaryimage\"},\"thumbnailUrl\":\"https:\/\/fundacion-biodiversidad.es\/wp-content\/uploads\/2014\/06\/foto_ebaes.jpg\",\"datePublished\":\"2014-06-05T13:46:27+00:00\",\"breadcrumb\":{\"@id\":\"https:\/\/fundacion-biodiversidad.es\/en\/actualidad_home\/12-spanish-companies-awarded-for-their-sustainability-and-environmental-performance\/#breadcrumb\"},\"inLanguage\":\"en-US\",\"potentialAction\":[{\"@type\":\"ReadAction\",\"target\":[\"https:\/\/fundacion-biodiversidad.es\/en\/actualidad_home\/12-spanish-companies-awarded-for-their-sustainability-and-environmental-performance\/\"]}]},{\"@type\":\"ImageObject\",\"inLanguage\":\"en-US\",\"@id\":\"https:\/\/fundacion-biodiversidad.es\/en\/actualidad_home\/12-spanish-companies-awarded-for-their-sustainability-and-environmental-performance\/#primaryimage\",\"url\":\"https:\/\/fundacion-biodiversidad.es\/wp-content\/uploads\/2014\/06\/foto_ebaes.jpg\",\"contentUrl\":\"https:\/\/fundacion-biodiversidad.es\/wp-content\/uploads\/2014\/06\/foto_ebaes.jpg\",\"width\":851,\"height\":567},{\"@type\":\"BreadcrumbList\",\"@id\":\"https:\/\/fundacion-biodiversidad.es\/en\/actualidad_home\/12-spanish-companies-awarded-for-their-sustainability-and-environmental-performance\/#breadcrumb\",\"itemListElement\":[{\"@type\":\"ListItem\",\"position\":1,\"name\":\"Portada\",\"item\":\"https:\/\/fundacion-biodiversidad.es\/en\/inicio\/\"},{\"@type\":\"ListItem\",\"position\":2,\"name\":\"Noticias de actualidad\",\"item\":\"https:\/\/fundacion-biodiversidad.es\/en\/actualidad_home\/\"},{\"@type\":\"ListItem\",\"position\":3,\"name\":\"12 Spanish companies, awarded for their sustainability and environmental performance\"}]},{\"@type\":\"WebSite\",\"@id\":\"https:\/\/fundacion-biodiversidad.es\/en\/#website\",\"url\":\"https:\/\/fundacion-biodiversidad.es\/en\/\",\"name\":\"Fundaci\u00f3n Biodiversidad\",\"description\":\"Fundaci\u00f3n p\u00fablica adscrita al Ministerio para la Transici\u00f3n Ecol\u00f3gica\",\"potentialAction\":[{\"@type\":\"SearchAction\",\"target\":{\"@type\":\"EntryPoint\",\"urlTemplate\":\"https:\/\/fundacion-biodiversidad.es\/en\/?s={search_term_string}\"},\"query-input\":{\"@type\":\"PropertyValueSpecification\",\"valueRequired\":true,\"valueName\":\"search_term_string\"}}],\"inLanguage\":\"en-US\"}]}<\/script>\n<!-- \/ Yoast SEO plugin. -->","yoast_head_json":{"title":"12 Spanish companies, awarded for their sustainability and environmental performance - Fundaci\u00f3n Biodiversidad","robots":{"index":"index","follow":"follow","max-snippet":"max-snippet:-1","max-image-preview":"max-image-preview:large","max-video-preview":"max-video-preview:-1"},"canonical":"https:\/\/fundacion-biodiversidad.es\/en\/actualidad_home\/12-spanish-companies-awarded-for-their-sustainability-and-environmental-performance\/","og_locale":"en_US","og_type":"article","og_title":"12 Spanish companies, awarded for their sustainability and environmental performance - Fundaci\u00f3n Biodiversidad","og_description":"FF. AA. HR The Prince and Princess of Asturias today presided over the presentation ceremony of the European Business Awards for the Environment, in its [&hellip;]","og_url":"https:\/\/fundacion-biodiversidad.es\/en\/actualidad_home\/12-spanish-companies-awarded-for-their-sustainability-and-environmental-performance\/","og_site_name":"Fundaci\u00f3n Biodiversidad","og_image":[{"width":720,"height":405,"url":"https:\/\/fundacion-biodiversidad.es\/wp-content\/uploads\/2023\/01\/2487661294_35330241_720x405.png","type":"image\/png"}],"twitter_card":"summary_large_image","twitter_misc":{"Est. reading time":"3 minutes"},"schema":{"@context":"https:\/\/schema.org","@graph":[{"@type":"WebPage","@id":"https:\/\/fundacion-biodiversidad.es\/en\/actualidad_home\/12-spanish-companies-awarded-for-their-sustainability-and-environmental-performance\/","url":"https:\/\/fundacion-biodiversidad.es\/en\/actualidad_home\/12-spanish-companies-awarded-for-their-sustainability-and-environmental-performance\/","name":"12 Spanish companies, awarded for their sustainability and environmental performance - Fundaci\u00f3n Biodiversidad","isPartOf":{"@id":"https:\/\/fundacion-biodiversidad.es\/en\/#website"},"primaryImageOfPage":{"@id":"https:\/\/fundacion-biodiversidad.es\/en\/actualidad_home\/12-spanish-companies-awarded-for-their-sustainability-and-environmental-performance\/#primaryimage"},"image":{"@id":"https:\/\/fundacion-biodiversidad.es\/en\/actualidad_home\/12-spanish-companies-awarded-for-their-sustainability-and-environmental-performance\/#primaryimage"},"thumbnailUrl":"https:\/\/fundacion-biodiversidad.es\/wp-content\/uploads\/2014\/06\/foto_ebaes.jpg","datePublished":"2014-06-05T13:46:27+00:00","breadcrumb":{"@id":"https:\/\/fundacion-biodiversidad.es\/en\/actualidad_home\/12-spanish-companies-awarded-for-their-sustainability-and-environmental-performance\/#breadcrumb"},"inLanguage":"en-US","potentialAction":[{"@type":"ReadAction","target":["https:\/\/fundacion-biodiversidad.es\/en\/actualidad_home\/12-spanish-companies-awarded-for-their-sustainability-and-environmental-performance\/"]}]},{"@type":"ImageObject","inLanguage":"en-US","@id":"https:\/\/fundacion-biodiversidad.es\/en\/actualidad_home\/12-spanish-companies-awarded-for-their-sustainability-and-environmental-performance\/#primaryimage","url":"https:\/\/fundacion-biodiversidad.es\/wp-content\/uploads\/2014\/06\/foto_ebaes.jpg","contentUrl":"https:\/\/fundacion-biodiversidad.es\/wp-content\/uploads\/2014\/06\/foto_ebaes.jpg","width":851,"height":567},{"@type":"BreadcrumbList","@id":"https:\/\/fundacion-biodiversidad.es\/en\/actualidad_home\/12-spanish-companies-awarded-for-their-sustainability-and-environmental-performance\/#breadcrumb","itemListElement":[{"@type":"ListItem","position":1,"name":"Portada","item":"https:\/\/fundacion-biodiversidad.es\/en\/inicio\/"},{"@type":"ListItem","position":2,"name":"Noticias de actualidad","item":"https:\/\/fundacion-biodiversidad.es\/en\/actualidad_home\/"},{"@type":"ListItem","position":3,"name":"12 Spanish companies, awarded for their sustainability and environmental performance"}]},{"@type":"WebSite","@id":"https:\/\/fundacion-biodiversidad.es\/en\/#website","url":"https:\/\/fundacion-biodiversidad.es\/en\/","name":"Fundaci\u00f3n Biodiversidad","description":"Fundaci\u00f3n p\u00fablica adscrita al Ministerio para la Transici\u00f3n Ecol\u00f3gica","potentialAction":[{"@type":"SearchAction","target":{"@type":"EntryPoint","urlTemplate":"https:\/\/fundacion-biodiversidad.es\/en\/?s={search_term_string}"},"query-input":{"@type":"PropertyValueSpecification","valueRequired":true,"valueName":"search_term_string"}}],"inLanguage":"en-US"}]}},"_links":{"self":[{"href":"https:\/\/fundacion-biodiversidad.es\/en\/wp-json\/wp\/v2\/actualidad_home\/97857832","targetHints":{"allow":["GET"]}}],"collection":[{"href":"https:\/\/fundacion-biodiversidad.es\/en\/wp-json\/wp\/v2\/actualidad_home"}],"about":[{"href":"https:\/\/fundacion-biodiversidad.es\/en\/wp-json\/wp\/v2\/types\/actualidad_home"}],"author":[{"embeddable":true,"href":"https:\/\/fundacion-biodiversidad.es\/en\/wp-json\/wp\/v2\/users\/11"}],"wp:featuredmedia":[{"embeddable":true,"href":"https:\/\/fundacion-biodiversidad.es\/en\/wp-json\/wp\/v2\/media\/35426"}],"wp:attachment":[{"href":"https:\/\/fundacion-biodiversidad.es\/en\/wp-json\/wp\/v2\/media?parent=97857832"}],"wp:term":[{"taxonomy":"palabras_clave","embeddable":true,"href":"https:\/\/fundacion-biodiversidad.es\/en\/wp-json\/wp\/v2\/palabras_clave?post=97857832"}],"curies":[{"name":"wp","href":"https:\/\/api.w.org\/{rel}","templated":true}]}}