{"id":97857884,"date":"2015-06-09T08:32:16","date_gmt":"2015-06-09T06:32:16","guid":{"rendered":"https:\/\/fundacion-biodiversidad.es\/actualidad_home\/mentoring-for-entrepreneurs-of-the-emprendeverde-network-begins\/"},"modified":"2015-06-09T08:32:16","modified_gmt":"2015-06-09T06:32:16","slug":"mentoring-for-entrepreneurs-of-the-emprendeverde-network-begins","status":"publish","type":"actualidad_home","link":"https:\/\/fundacion-biodiversidad.es\/en\/actualidad_home\/mentoring-for-entrepreneurs-of-the-emprendeverde-network-begins\/","title":{"rendered":"Mentoring for entrepreneurs of the Emprendeverde Network begins"},"content":{"rendered":"<p>The<a href=\"http:\/\/www.redemprendeverde.es\/\" rel=\"nofollow noopener\" target=\"_blank\"><strong> Emprendeverde Network<\/strong><\/a> of the Biodiversity Foundation of the Ministry of Agriculture, Food and the Environment launches this month its <strong>Eco-Recinnova mentoring program<\/strong> for green entrepreneurs, coordinated by Spain Startup and developed in collaboration with ECOEMBES.<br \/>\n&nbsp;<br \/>  The five selected to participate free of charge in this initiative have been chosen from among the 25 who completed the <a href=\"http:\/\/www.redemprendeverde.es\/pg\/news\/admin\/read\/58844\/abierto-el-plazo-para-participar-en-el-programa-de-formacin-ecorecinnova-inscripcin-abierta-hasta-el-13-de-mayo\" rel=\"nofollow noopener\" target=\"_blank\">Eco-Recinnova Training program<\/a>, Esther Pascual Fern\u00e1ndez from <strong>EcoQuchu<\/strong>; Vanessa Leiva, from <strong>Idunnbags<\/strong>; Carlos Laporta D\u00edaz, from <strong>Symbol<\/strong>; Mar\u00eda Negro Barroso, from <strong>El Hervidero de Ideas<\/strong> and Dolores Galindo Font\u00e1n, from<strong> Abe Humboldt<\/strong>.<br \/>\n&nbsp;<br \/>  This initiative promotes <strong>individualised and specialised support<\/strong> in the creation of green companies, and aims to promote the growth and acceleration of green companies already in operation for three months. Three mentors who are experts in different areas will provide individual advice to those selected to enjoy this programme. <br \/>\n&nbsp;<br \/>  The Red emprendeverde is the first platform specialising in green business aimed at entrepreneurs and investors, with the aim of<strong> promoting the creation and consolidation of companies or new lines of business<\/strong> in activities linked to the environment, and channelling investment towards sustainable economic activities. It is an initiative co-financed by the European Social Fund that already has more than 7,000 members. <\/p>\n","protected":false},"author":11,"featured_media":35585,"template":"","meta":{"_acf_changed":false},"palabras_clave":[54,56,55],"class_list":["post-97857884","actualidad_home","type-actualidad_home","status-publish","has-post-thumbnail","hentry","palabras_clave-economia-verde","palabras_clave-empleo-verde","palabras_clave-emprendimiento"],"acf":[],"yoast_head":"<!-- This site is optimized with the Yoast SEO plugin v26.9 - https:\/\/yoast.com\/product\/yoast-seo-wordpress\/ -->\n<title>Mentoring for entrepreneurs of the Emprendeverde Network begins - Fundaci\u00f3n Biodiversidad<\/title>\n<meta name=\"robots\" content=\"index, follow, max-snippet:-1, max-image-preview:large, max-video-preview:-1\" \/>\n<link rel=\"canonical\" href=\"https:\/\/fundacion-biodiversidad.es\/en\/actualidad_home\/mentoring-for-entrepreneurs-of-the-emprendeverde-network-begins\/\" \/>\n<meta property=\"og:locale\" content=\"en_US\" \/>\n<meta property=\"og:type\" content=\"article\" \/>\n<meta property=\"og:title\" content=\"Mentoring for entrepreneurs of the Emprendeverde Network begins - Fundaci\u00f3n Biodiversidad\" \/>\n<meta property=\"og:description\" content=\"The Emprendeverde Network of the Biodiversity Foundation of the Ministry of Agriculture, Food and the Environment launches this month its Eco-Recinnova mentoring program for green [&hellip;]\" \/>\n<meta property=\"og:url\" content=\"https:\/\/fundacion-biodiversidad.es\/en\/actualidad_home\/mentoring-for-entrepreneurs-of-the-emprendeverde-network-begins\/\" \/>\n<meta property=\"og:site_name\" content=\"Fundaci\u00f3n Biodiversidad\" \/>\n<meta property=\"og:image\" content=\"https:\/\/fundacion-biodiversidad.es\/wp-content\/uploads\/2023\/01\/2487661294_35330241_720x405.png\" \/>\n\t<meta property=\"og:image:width\" content=\"720\" \/>\n\t<meta property=\"og:image:height\" content=\"405\" \/>\n\t<meta property=\"og:image:type\" content=\"image\/png\" \/>\n<meta name=\"twitter:card\" content=\"summary_large_image\" \/>\n<meta name=\"twitter:label1\" content=\"Est. reading time\" \/>\n\t<meta name=\"twitter:data1\" content=\"1 minute\" \/>\n<script type=\"application\/ld+json\" class=\"yoast-schema-graph\">{\"@context\":\"https:\/\/schema.org\",\"@graph\":[{\"@type\":\"WebPage\",\"@id\":\"https:\/\/fundacion-biodiversidad.es\/en\/actualidad_home\/mentoring-for-entrepreneurs-of-the-emprendeverde-network-begins\/\",\"url\":\"https:\/\/fundacion-biodiversidad.es\/en\/actualidad_home\/mentoring-for-entrepreneurs-of-the-emprendeverde-network-begins\/\",\"name\":\"Mentoring for entrepreneurs of the Emprendeverde Network begins - Fundaci\u00f3n Biodiversidad\",\"isPartOf\":{\"@id\":\"https:\/\/fundacion-biodiversidad.es\/en\/#website\"},\"primaryImageOfPage\":{\"@id\":\"https:\/\/fundacion-biodiversidad.es\/en\/actualidad_home\/mentoring-for-entrepreneurs-of-the-emprendeverde-network-begins\/#primaryimage\"},\"image\":{\"@id\":\"https:\/\/fundacion-biodiversidad.es\/en\/actualidad_home\/mentoring-for-entrepreneurs-of-the-emprendeverde-network-begins\/#primaryimage\"},\"thumbnailUrl\":\"https:\/\/fundacion-biodiversidad.es\/wp-content\/uploads\/2015\/06\/reunion-mentoring-scaled.jpg\",\"datePublished\":\"2015-06-09T06:32:16+00:00\",\"breadcrumb\":{\"@id\":\"https:\/\/fundacion-biodiversidad.es\/en\/actualidad_home\/mentoring-for-entrepreneurs-of-the-emprendeverde-network-begins\/#breadcrumb\"},\"inLanguage\":\"en-US\",\"potentialAction\":[{\"@type\":\"ReadAction\",\"target\":[\"https:\/\/fundacion-biodiversidad.es\/en\/actualidad_home\/mentoring-for-entrepreneurs-of-the-emprendeverde-network-begins\/\"]}]},{\"@type\":\"ImageObject\",\"inLanguage\":\"en-US\",\"@id\":\"https:\/\/fundacion-biodiversidad.es\/en\/actualidad_home\/mentoring-for-entrepreneurs-of-the-emprendeverde-network-begins\/#primaryimage\",\"url\":\"https:\/\/fundacion-biodiversidad.es\/wp-content\/uploads\/2015\/06\/reunion-mentoring-scaled.jpg\",\"contentUrl\":\"https:\/\/fundacion-biodiversidad.es\/wp-content\/uploads\/2015\/06\/reunion-mentoring-scaled.jpg\",\"width\":2560,\"height\":1626},{\"@type\":\"BreadcrumbList\",\"@id\":\"https:\/\/fundacion-biodiversidad.es\/en\/actualidad_home\/mentoring-for-entrepreneurs-of-the-emprendeverde-network-begins\/#breadcrumb\",\"itemListElement\":[{\"@type\":\"ListItem\",\"position\":1,\"name\":\"Portada\",\"item\":\"https:\/\/fundacion-biodiversidad.es\/en\/inicio\/\"},{\"@type\":\"ListItem\",\"position\":2,\"name\":\"Noticias de actualidad\",\"item\":\"https:\/\/fundacion-biodiversidad.es\/en\/actualidad_home\/\"},{\"@type\":\"ListItem\",\"position\":3,\"name\":\"Mentoring for entrepreneurs of the Emprendeverde Network begins\"}]},{\"@type\":\"WebSite\",\"@id\":\"https:\/\/fundacion-biodiversidad.es\/en\/#website\",\"url\":\"https:\/\/fundacion-biodiversidad.es\/en\/\",\"name\":\"Fundaci\u00f3n Biodiversidad\",\"description\":\"Fundaci\u00f3n p\u00fablica adscrita al Ministerio para la Transici\u00f3n Ecol\u00f3gica\",\"potentialAction\":[{\"@type\":\"SearchAction\",\"target\":{\"@type\":\"EntryPoint\",\"urlTemplate\":\"https:\/\/fundacion-biodiversidad.es\/en\/?s={search_term_string}\"},\"query-input\":{\"@type\":\"PropertyValueSpecification\",\"valueRequired\":true,\"valueName\":\"search_term_string\"}}],\"inLanguage\":\"en-US\"}]}<\/script>\n<!-- \/ Yoast SEO plugin. -->","yoast_head_json":{"title":"Mentoring for entrepreneurs of the Emprendeverde Network begins - Fundaci\u00f3n Biodiversidad","robots":{"index":"index","follow":"follow","max-snippet":"max-snippet:-1","max-image-preview":"max-image-preview:large","max-video-preview":"max-video-preview:-1"},"canonical":"https:\/\/fundacion-biodiversidad.es\/en\/actualidad_home\/mentoring-for-entrepreneurs-of-the-emprendeverde-network-begins\/","og_locale":"en_US","og_type":"article","og_title":"Mentoring for entrepreneurs of the Emprendeverde Network begins - Fundaci\u00f3n Biodiversidad","og_description":"The Emprendeverde Network of the Biodiversity Foundation of the Ministry of Agriculture, Food and the Environment launches this month its Eco-Recinnova mentoring program for green [&hellip;]","og_url":"https:\/\/fundacion-biodiversidad.es\/en\/actualidad_home\/mentoring-for-entrepreneurs-of-the-emprendeverde-network-begins\/","og_site_name":"Fundaci\u00f3n Biodiversidad","og_image":[{"width":720,"height":405,"url":"https:\/\/fundacion-biodiversidad.es\/wp-content\/uploads\/2023\/01\/2487661294_35330241_720x405.png","type":"image\/png"}],"twitter_card":"summary_large_image","twitter_misc":{"Est. reading time":"1 minute"},"schema":{"@context":"https:\/\/schema.org","@graph":[{"@type":"WebPage","@id":"https:\/\/fundacion-biodiversidad.es\/en\/actualidad_home\/mentoring-for-entrepreneurs-of-the-emprendeverde-network-begins\/","url":"https:\/\/fundacion-biodiversidad.es\/en\/actualidad_home\/mentoring-for-entrepreneurs-of-the-emprendeverde-network-begins\/","name":"Mentoring for entrepreneurs of the Emprendeverde Network begins - Fundaci\u00f3n Biodiversidad","isPartOf":{"@id":"https:\/\/fundacion-biodiversidad.es\/en\/#website"},"primaryImageOfPage":{"@id":"https:\/\/fundacion-biodiversidad.es\/en\/actualidad_home\/mentoring-for-entrepreneurs-of-the-emprendeverde-network-begins\/#primaryimage"},"image":{"@id":"https:\/\/fundacion-biodiversidad.es\/en\/actualidad_home\/mentoring-for-entrepreneurs-of-the-emprendeverde-network-begins\/#primaryimage"},"thumbnailUrl":"https:\/\/fundacion-biodiversidad.es\/wp-content\/uploads\/2015\/06\/reunion-mentoring-scaled.jpg","datePublished":"2015-06-09T06:32:16+00:00","breadcrumb":{"@id":"https:\/\/fundacion-biodiversidad.es\/en\/actualidad_home\/mentoring-for-entrepreneurs-of-the-emprendeverde-network-begins\/#breadcrumb"},"inLanguage":"en-US","potentialAction":[{"@type":"ReadAction","target":["https:\/\/fundacion-biodiversidad.es\/en\/actualidad_home\/mentoring-for-entrepreneurs-of-the-emprendeverde-network-begins\/"]}]},{"@type":"ImageObject","inLanguage":"en-US","@id":"https:\/\/fundacion-biodiversidad.es\/en\/actualidad_home\/mentoring-for-entrepreneurs-of-the-emprendeverde-network-begins\/#primaryimage","url":"https:\/\/fundacion-biodiversidad.es\/wp-content\/uploads\/2015\/06\/reunion-mentoring-scaled.jpg","contentUrl":"https:\/\/fundacion-biodiversidad.es\/wp-content\/uploads\/2015\/06\/reunion-mentoring-scaled.jpg","width":2560,"height":1626},{"@type":"BreadcrumbList","@id":"https:\/\/fundacion-biodiversidad.es\/en\/actualidad_home\/mentoring-for-entrepreneurs-of-the-emprendeverde-network-begins\/#breadcrumb","itemListElement":[{"@type":"ListItem","position":1,"name":"Portada","item":"https:\/\/fundacion-biodiversidad.es\/en\/inicio\/"},{"@type":"ListItem","position":2,"name":"Noticias de actualidad","item":"https:\/\/fundacion-biodiversidad.es\/en\/actualidad_home\/"},{"@type":"ListItem","position":3,"name":"Mentoring for entrepreneurs of the Emprendeverde Network begins"}]},{"@type":"WebSite","@id":"https:\/\/fundacion-biodiversidad.es\/en\/#website","url":"https:\/\/fundacion-biodiversidad.es\/en\/","name":"Fundaci\u00f3n Biodiversidad","description":"Fundaci\u00f3n p\u00fablica adscrita al Ministerio para la Transici\u00f3n Ecol\u00f3gica","potentialAction":[{"@type":"SearchAction","target":{"@type":"EntryPoint","urlTemplate":"https:\/\/fundacion-biodiversidad.es\/en\/?s={search_term_string}"},"query-input":{"@type":"PropertyValueSpecification","valueRequired":true,"valueName":"search_term_string"}}],"inLanguage":"en-US"}]}},"_links":{"self":[{"href":"https:\/\/fundacion-biodiversidad.es\/en\/wp-json\/wp\/v2\/actualidad_home\/97857884","targetHints":{"allow":["GET"]}}],"collection":[{"href":"https:\/\/fundacion-biodiversidad.es\/en\/wp-json\/wp\/v2\/actualidad_home"}],"about":[{"href":"https:\/\/fundacion-biodiversidad.es\/en\/wp-json\/wp\/v2\/types\/actualidad_home"}],"author":[{"embeddable":true,"href":"https:\/\/fundacion-biodiversidad.es\/en\/wp-json\/wp\/v2\/users\/11"}],"wp:featuredmedia":[{"embeddable":true,"href":"https:\/\/fundacion-biodiversidad.es\/en\/wp-json\/wp\/v2\/media\/35585"}],"wp:attachment":[{"href":"https:\/\/fundacion-biodiversidad.es\/en\/wp-json\/wp\/v2\/media?parent=97857884"}],"wp:term":[{"taxonomy":"palabras_clave","embeddable":true,"href":"https:\/\/fundacion-biodiversidad.es\/en\/wp-json\/wp\/v2\/palabras_clave?post=97857884"}],"curies":[{"name":"wp","href":"https:\/\/api.w.org\/{rel}","templated":true}]}}