{"id":97857885,"date":"2015-06-03T12:53:36","date_gmt":"2015-06-03T10:53:36","guid":{"rendered":"https:\/\/fundacion-biodiversidad.es\/actualidad_home\/the-deadline-for-the-call-for-grants-for-the-promotion-of-information-on-climate-change-is-now-open\/"},"modified":"2015-06-03T12:53:36","modified_gmt":"2015-06-03T10:53:36","slug":"the-deadline-for-the-call-for-grants-for-the-promotion-of-information-on-climate-change-is-now-open","status":"publish","type":"actualidad_home","link":"https:\/\/fundacion-biodiversidad.es\/en\/actualidad_home\/the-deadline-for-the-call-for-grants-for-the-promotion-of-information-on-climate-change-is-now-open\/","title":{"rendered":"The deadline for the call for grants for the promotion of information on climate change is now open"},"content":{"rendered":"<p>The Ministry of Agriculture, Food and the Environment, through the Biodiversity Foundation, has published its call for grants to promote information on climate change in the media (written press, radio or digital media). With this initiative, the Biodiversity Foundation aims to promote the development of actions aimed at increasing the presence of information related to climate change and to boost and increase the commitments of civil society in the fight against it in the media, all within the framework of COP21 in Paris (United Nations Conference on Climate Change). <br \/>  The aid in this call will be the object of the dissemination activities in the media of information related to the commitments that can be assumed individually and collectively to mitigate the effects of climate change<br \/> The media interested in these grants, endowed with a total of 75,000 euros, have 15 days to present to the Biodiversity Foundation the information projects they plan to carry out during this year. They may not exceed 15,000 euros per application and a maximum of 70% of the total budget of the project submitted.<\/p>\n<p> Applications for these grants can only be made through the tool provided on the <a href=\"http:\/\/fundacion-biodiversidad.es\/convocatorias\/convocatorias-de-ayudas\/convocatoria-de-concesion-de-ayudas-de-la-fundacion\" target=\"_blank\" rel=\"noopener\">website of the Biodiversity Foundation<\/a>, of the Ministry of Agriculture, Food and the Environment. <\/p>\n","protected":false},"author":11,"featured_media":35580,"template":"","meta":{"_acf_changed":false},"palabras_clave":[],"class_list":["post-97857885","actualidad_home","type-actualidad_home","status-publish","has-post-thumbnail","hentry"],"acf":[],"yoast_head":"<!-- This site is optimized with the Yoast SEO plugin v26.9 - https:\/\/yoast.com\/product\/yoast-seo-wordpress\/ -->\n<title>The deadline for the call for grants for the promotion of information on climate change is now open - Fundaci\u00f3n Biodiversidad<\/title>\n<meta name=\"robots\" content=\"index, follow, max-snippet:-1, max-image-preview:large, max-video-preview:-1\" \/>\n<link rel=\"canonical\" href=\"https:\/\/fundacion-biodiversidad.es\/en\/actualidad_home\/the-deadline-for-the-call-for-grants-for-the-promotion-of-information-on-climate-change-is-now-open\/\" \/>\n<meta property=\"og:locale\" content=\"en_US\" \/>\n<meta property=\"og:type\" content=\"article\" \/>\n<meta property=\"og:title\" content=\"The deadline for the call for grants for the promotion of information on climate change is now open - Fundaci\u00f3n Biodiversidad\" \/>\n<meta property=\"og:description\" content=\"The Ministry of Agriculture, Food and the Environment, through the Biodiversity Foundation, has published its call for grants to promote information on climate change in [&hellip;]\" \/>\n<meta property=\"og:url\" content=\"https:\/\/fundacion-biodiversidad.es\/en\/actualidad_home\/the-deadline-for-the-call-for-grants-for-the-promotion-of-information-on-climate-change-is-now-open\/\" \/>\n<meta property=\"og:site_name\" content=\"Fundaci\u00f3n Biodiversidad\" \/>\n<meta property=\"og:image\" content=\"https:\/\/fundacion-biodiversidad.es\/wp-content\/uploads\/2023\/01\/2487661294_35330241_720x405.png\" \/>\n\t<meta property=\"og:image:width\" content=\"720\" \/>\n\t<meta property=\"og:image:height\" content=\"405\" \/>\n\t<meta property=\"og:image:type\" content=\"image\/png\" \/>\n<meta name=\"twitter:card\" content=\"summary_large_image\" \/>\n<meta name=\"twitter:label1\" content=\"Est. reading time\" \/>\n\t<meta name=\"twitter:data1\" content=\"1 minute\" \/>\n<script type=\"application\/ld+json\" class=\"yoast-schema-graph\">{\"@context\":\"https:\/\/schema.org\",\"@graph\":[{\"@type\":\"WebPage\",\"@id\":\"https:\/\/fundacion-biodiversidad.es\/en\/actualidad_home\/the-deadline-for-the-call-for-grants-for-the-promotion-of-information-on-climate-change-is-now-open\/\",\"url\":\"https:\/\/fundacion-biodiversidad.es\/en\/actualidad_home\/the-deadline-for-the-call-for-grants-for-the-promotion-of-information-on-climate-change-is-now-open\/\",\"name\":\"The deadline for the call for grants for the promotion of information on climate change is now open - Fundaci\u00f3n Biodiversidad\",\"isPartOf\":{\"@id\":\"https:\/\/fundacion-biodiversidad.es\/en\/#website\"},\"primaryImageOfPage\":{\"@id\":\"https:\/\/fundacion-biodiversidad.es\/en\/actualidad_home\/the-deadline-for-the-call-for-grants-for-the-promotion-of-information-on-climate-change-is-now-open\/#primaryimage\"},\"image\":{\"@id\":\"https:\/\/fundacion-biodiversidad.es\/en\/actualidad_home\/the-deadline-for-the-call-for-grants-for-the-promotion-of-information-on-climate-change-is-now-open\/#primaryimage\"},\"thumbnailUrl\":\"https:\/\/fundacion-biodiversidad.es\/wp-content\/uploads\/2015\/06\/raquel_garza_3.jpg\",\"datePublished\":\"2015-06-03T10:53:36+00:00\",\"breadcrumb\":{\"@id\":\"https:\/\/fundacion-biodiversidad.es\/en\/actualidad_home\/the-deadline-for-the-call-for-grants-for-the-promotion-of-information-on-climate-change-is-now-open\/#breadcrumb\"},\"inLanguage\":\"en-US\",\"potentialAction\":[{\"@type\":\"ReadAction\",\"target\":[\"https:\/\/fundacion-biodiversidad.es\/en\/actualidad_home\/the-deadline-for-the-call-for-grants-for-the-promotion-of-information-on-climate-change-is-now-open\/\"]}]},{\"@type\":\"ImageObject\",\"inLanguage\":\"en-US\",\"@id\":\"https:\/\/fundacion-biodiversidad.es\/en\/actualidad_home\/the-deadline-for-the-call-for-grants-for-the-promotion-of-information-on-climate-change-is-now-open\/#primaryimage\",\"url\":\"https:\/\/fundacion-biodiversidad.es\/wp-content\/uploads\/2015\/06\/raquel_garza_3.jpg\",\"contentUrl\":\"https:\/\/fundacion-biodiversidad.es\/wp-content\/uploads\/2015\/06\/raquel_garza_3.jpg\",\"width\":638,\"height\":275},{\"@type\":\"BreadcrumbList\",\"@id\":\"https:\/\/fundacion-biodiversidad.es\/en\/actualidad_home\/the-deadline-for-the-call-for-grants-for-the-promotion-of-information-on-climate-change-is-now-open\/#breadcrumb\",\"itemListElement\":[{\"@type\":\"ListItem\",\"position\":1,\"name\":\"Portada\",\"item\":\"https:\/\/fundacion-biodiversidad.es\/en\/inicio\/\"},{\"@type\":\"ListItem\",\"position\":2,\"name\":\"Noticias de actualidad\",\"item\":\"https:\/\/fundacion-biodiversidad.es\/en\/actualidad_home\/\"},{\"@type\":\"ListItem\",\"position\":3,\"name\":\"The deadline for the call for grants for the promotion of information on climate change is now open\"}]},{\"@type\":\"WebSite\",\"@id\":\"https:\/\/fundacion-biodiversidad.es\/en\/#website\",\"url\":\"https:\/\/fundacion-biodiversidad.es\/en\/\",\"name\":\"Fundaci\u00f3n Biodiversidad\",\"description\":\"Fundaci\u00f3n p\u00fablica adscrita al Ministerio para la Transici\u00f3n Ecol\u00f3gica\",\"potentialAction\":[{\"@type\":\"SearchAction\",\"target\":{\"@type\":\"EntryPoint\",\"urlTemplate\":\"https:\/\/fundacion-biodiversidad.es\/en\/?s={search_term_string}\"},\"query-input\":{\"@type\":\"PropertyValueSpecification\",\"valueRequired\":true,\"valueName\":\"search_term_string\"}}],\"inLanguage\":\"en-US\"}]}<\/script>\n<!-- \/ Yoast SEO plugin. -->","yoast_head_json":{"title":"The deadline for the call for grants for the promotion of information on climate change is now open - Fundaci\u00f3n Biodiversidad","robots":{"index":"index","follow":"follow","max-snippet":"max-snippet:-1","max-image-preview":"max-image-preview:large","max-video-preview":"max-video-preview:-1"},"canonical":"https:\/\/fundacion-biodiversidad.es\/en\/actualidad_home\/the-deadline-for-the-call-for-grants-for-the-promotion-of-information-on-climate-change-is-now-open\/","og_locale":"en_US","og_type":"article","og_title":"The deadline for the call for grants for the promotion of information on climate change is now open - Fundaci\u00f3n Biodiversidad","og_description":"The Ministry of Agriculture, Food and the Environment, through the Biodiversity Foundation, has published its call for grants to promote information on climate change in [&hellip;]","og_url":"https:\/\/fundacion-biodiversidad.es\/en\/actualidad_home\/the-deadline-for-the-call-for-grants-for-the-promotion-of-information-on-climate-change-is-now-open\/","og_site_name":"Fundaci\u00f3n Biodiversidad","og_image":[{"width":720,"height":405,"url":"https:\/\/fundacion-biodiversidad.es\/wp-content\/uploads\/2023\/01\/2487661294_35330241_720x405.png","type":"image\/png"}],"twitter_card":"summary_large_image","twitter_misc":{"Est. reading time":"1 minute"},"schema":{"@context":"https:\/\/schema.org","@graph":[{"@type":"WebPage","@id":"https:\/\/fundacion-biodiversidad.es\/en\/actualidad_home\/the-deadline-for-the-call-for-grants-for-the-promotion-of-information-on-climate-change-is-now-open\/","url":"https:\/\/fundacion-biodiversidad.es\/en\/actualidad_home\/the-deadline-for-the-call-for-grants-for-the-promotion-of-information-on-climate-change-is-now-open\/","name":"The deadline for the call for grants for the promotion of information on climate change is now open - Fundaci\u00f3n Biodiversidad","isPartOf":{"@id":"https:\/\/fundacion-biodiversidad.es\/en\/#website"},"primaryImageOfPage":{"@id":"https:\/\/fundacion-biodiversidad.es\/en\/actualidad_home\/the-deadline-for-the-call-for-grants-for-the-promotion-of-information-on-climate-change-is-now-open\/#primaryimage"},"image":{"@id":"https:\/\/fundacion-biodiversidad.es\/en\/actualidad_home\/the-deadline-for-the-call-for-grants-for-the-promotion-of-information-on-climate-change-is-now-open\/#primaryimage"},"thumbnailUrl":"https:\/\/fundacion-biodiversidad.es\/wp-content\/uploads\/2015\/06\/raquel_garza_3.jpg","datePublished":"2015-06-03T10:53:36+00:00","breadcrumb":{"@id":"https:\/\/fundacion-biodiversidad.es\/en\/actualidad_home\/the-deadline-for-the-call-for-grants-for-the-promotion-of-information-on-climate-change-is-now-open\/#breadcrumb"},"inLanguage":"en-US","potentialAction":[{"@type":"ReadAction","target":["https:\/\/fundacion-biodiversidad.es\/en\/actualidad_home\/the-deadline-for-the-call-for-grants-for-the-promotion-of-information-on-climate-change-is-now-open\/"]}]},{"@type":"ImageObject","inLanguage":"en-US","@id":"https:\/\/fundacion-biodiversidad.es\/en\/actualidad_home\/the-deadline-for-the-call-for-grants-for-the-promotion-of-information-on-climate-change-is-now-open\/#primaryimage","url":"https:\/\/fundacion-biodiversidad.es\/wp-content\/uploads\/2015\/06\/raquel_garza_3.jpg","contentUrl":"https:\/\/fundacion-biodiversidad.es\/wp-content\/uploads\/2015\/06\/raquel_garza_3.jpg","width":638,"height":275},{"@type":"BreadcrumbList","@id":"https:\/\/fundacion-biodiversidad.es\/en\/actualidad_home\/the-deadline-for-the-call-for-grants-for-the-promotion-of-information-on-climate-change-is-now-open\/#breadcrumb","itemListElement":[{"@type":"ListItem","position":1,"name":"Portada","item":"https:\/\/fundacion-biodiversidad.es\/en\/inicio\/"},{"@type":"ListItem","position":2,"name":"Noticias de actualidad","item":"https:\/\/fundacion-biodiversidad.es\/en\/actualidad_home\/"},{"@type":"ListItem","position":3,"name":"The deadline for the call for grants for the promotion of information on climate change is now open"}]},{"@type":"WebSite","@id":"https:\/\/fundacion-biodiversidad.es\/en\/#website","url":"https:\/\/fundacion-biodiversidad.es\/en\/","name":"Fundaci\u00f3n Biodiversidad","description":"Fundaci\u00f3n p\u00fablica adscrita al Ministerio para la Transici\u00f3n Ecol\u00f3gica","potentialAction":[{"@type":"SearchAction","target":{"@type":"EntryPoint","urlTemplate":"https:\/\/fundacion-biodiversidad.es\/en\/?s={search_term_string}"},"query-input":{"@type":"PropertyValueSpecification","valueRequired":true,"valueName":"search_term_string"}}],"inLanguage":"en-US"}]}},"_links":{"self":[{"href":"https:\/\/fundacion-biodiversidad.es\/en\/wp-json\/wp\/v2\/actualidad_home\/97857885","targetHints":{"allow":["GET"]}}],"collection":[{"href":"https:\/\/fundacion-biodiversidad.es\/en\/wp-json\/wp\/v2\/actualidad_home"}],"about":[{"href":"https:\/\/fundacion-biodiversidad.es\/en\/wp-json\/wp\/v2\/types\/actualidad_home"}],"author":[{"embeddable":true,"href":"https:\/\/fundacion-biodiversidad.es\/en\/wp-json\/wp\/v2\/users\/11"}],"wp:featuredmedia":[{"embeddable":true,"href":"https:\/\/fundacion-biodiversidad.es\/en\/wp-json\/wp\/v2\/media\/35580"}],"wp:attachment":[{"href":"https:\/\/fundacion-biodiversidad.es\/en\/wp-json\/wp\/v2\/media?parent=97857885"}],"wp:term":[{"taxonomy":"palabras_clave","embeddable":true,"href":"https:\/\/fundacion-biodiversidad.es\/en\/wp-json\/wp\/v2\/palabras_clave?post=97857885"}],"curies":[{"name":"wp","href":"https:\/\/api.w.org\/{rel}","templated":true}]}}