{"id":97857886,"date":"2015-06-09T08:31:43","date_gmt":"2015-06-09T06:31:43","guid":{"rendered":"https:\/\/fundacion-biodiversidad.es\/actualidad_home\/the-emprendeverde-network-collaborates-in-the-greenweekend-madrid\/"},"modified":"2015-06-09T08:31:43","modified_gmt":"2015-06-09T06:31:43","slug":"the-emprendeverde-network-collaborates-in-the-greenweekend-madrid","status":"publish","type":"actualidad_home","link":"https:\/\/fundacion-biodiversidad.es\/en\/actualidad_home\/the-emprendeverde-network-collaborates-in-the-greenweekend-madrid\/","title":{"rendered":"The Emprendeverde Network collaborates in the GreenWeekend Madrid"},"content":{"rendered":"<p>The<strong> <a href=\"http:\/\/www.redemprendeverde.es\/\" rel=\"nofollow noopener\" target=\"_blank\">Emprendeverde Network<\/a><\/strong><a href=\"http:\/\/www.redemprendeverde.es\/\" rel=\"nofollow noopener\" target=\"_blank\"> <\/a>of the Biodiversity Foundation of the Ministry of Agriculture, Food and the Environment collaborates with the <strong>III edition of Greenweekend Madrid<\/strong>. The event, which began today and will remain active until Sunday, is free of charge and has the support of Aquae Foundation and Ecovidrio. <br \/>\n&nbsp;<br \/>  The meeting, which aims to support the development of environmental projects to <strong>promote the green economy and employment<\/strong>, includes activities such as project presentations, training workshops, mentoring and networking.<br \/>\n&nbsp;<br \/>  Entrepreneurs will be able to tell their ideas and projects, work in groups and vote on the best initiatives during the first day. Throughout the weekend they will develop their projects with the help of mentors and speakers, who will give talks on business models and financing. Finally, on Sunday afternoon, a jury of experts <strong>will reward the best projects<\/strong> so that they can continue to move forward.  <br \/>\n&nbsp;<br \/>  The <a href=\"http:\/\/greenweekend.org\/\" rel=\"nofollow noopener\" target=\"_blank\">Greenweekend<\/a> event is focused on<strong> green entrepreneurs <\/strong>who want to start their business and for professionals and freelancers in search of new business models. In addition, it allows you to make contacts and meet other people with similar concerns and illusions, to work and collaborate together for a whole weekend. &nbsp;<\/p>\n","protected":false},"author":11,"featured_media":35584,"template":"","meta":{"_acf_changed":false},"palabras_clave":[54,91,53],"class_list":["post-97857886","actualidad_home","type-actualidad_home","status-publish","has-post-thumbnail","hentry","palabras_clave-economia-verde","palabras_clave-emprendedores","palabras_clave-emprendeverde"],"acf":[],"yoast_head":"<!-- This site is optimized with the Yoast SEO plugin v26.9 - https:\/\/yoast.com\/product\/yoast-seo-wordpress\/ -->\n<title>The Emprendeverde Network collaborates in the GreenWeekend Madrid - Fundaci\u00f3n Biodiversidad<\/title>\n<meta name=\"robots\" content=\"index, follow, max-snippet:-1, max-image-preview:large, max-video-preview:-1\" \/>\n<link rel=\"canonical\" href=\"https:\/\/fundacion-biodiversidad.es\/en\/actualidad_home\/the-emprendeverde-network-collaborates-in-the-greenweekend-madrid\/\" \/>\n<meta property=\"og:locale\" content=\"en_US\" \/>\n<meta property=\"og:type\" content=\"article\" \/>\n<meta property=\"og:title\" content=\"The Emprendeverde Network collaborates in the GreenWeekend Madrid - Fundaci\u00f3n Biodiversidad\" \/>\n<meta property=\"og:description\" content=\"The Emprendeverde Network of the Biodiversity Foundation of the Ministry of Agriculture, Food and the Environment collaborates with the III edition of Greenweekend Madrid. The [&hellip;]\" \/>\n<meta property=\"og:url\" content=\"https:\/\/fundacion-biodiversidad.es\/en\/actualidad_home\/the-emprendeverde-network-collaborates-in-the-greenweekend-madrid\/\" \/>\n<meta property=\"og:site_name\" content=\"Fundaci\u00f3n Biodiversidad\" \/>\n<meta property=\"og:image\" content=\"https:\/\/fundacion-biodiversidad.es\/wp-content\/uploads\/2023\/01\/2487661294_35330241_720x405.png\" \/>\n\t<meta property=\"og:image:width\" content=\"720\" \/>\n\t<meta property=\"og:image:height\" content=\"405\" \/>\n\t<meta property=\"og:image:type\" content=\"image\/png\" \/>\n<meta name=\"twitter:card\" content=\"summary_large_image\" \/>\n<meta name=\"twitter:label1\" content=\"Est. reading time\" \/>\n\t<meta name=\"twitter:data1\" content=\"1 minute\" \/>\n<script type=\"application\/ld+json\" class=\"yoast-schema-graph\">{\"@context\":\"https:\/\/schema.org\",\"@graph\":[{\"@type\":\"WebPage\",\"@id\":\"https:\/\/fundacion-biodiversidad.es\/en\/actualidad_home\/the-emprendeverde-network-collaborates-in-the-greenweekend-madrid\/\",\"url\":\"https:\/\/fundacion-biodiversidad.es\/en\/actualidad_home\/the-emprendeverde-network-collaborates-in-the-greenweekend-madrid\/\",\"name\":\"The Emprendeverde Network collaborates in the GreenWeekend Madrid - Fundaci\u00f3n Biodiversidad\",\"isPartOf\":{\"@id\":\"https:\/\/fundacion-biodiversidad.es\/en\/#website\"},\"primaryImageOfPage\":{\"@id\":\"https:\/\/fundacion-biodiversidad.es\/en\/actualidad_home\/the-emprendeverde-network-collaborates-in-the-greenweekend-madrid\/#primaryimage\"},\"image\":{\"@id\":\"https:\/\/fundacion-biodiversidad.es\/en\/actualidad_home\/the-emprendeverde-network-collaborates-in-the-greenweekend-madrid\/#primaryimage\"},\"thumbnailUrl\":\"https:\/\/fundacion-biodiversidad.es\/wp-content\/uploads\/2015\/06\/greenweekend.jpg\",\"datePublished\":\"2015-06-09T06:31:43+00:00\",\"breadcrumb\":{\"@id\":\"https:\/\/fundacion-biodiversidad.es\/en\/actualidad_home\/the-emprendeverde-network-collaborates-in-the-greenweekend-madrid\/#breadcrumb\"},\"inLanguage\":\"en-US\",\"potentialAction\":[{\"@type\":\"ReadAction\",\"target\":[\"https:\/\/fundacion-biodiversidad.es\/en\/actualidad_home\/the-emprendeverde-network-collaborates-in-the-greenweekend-madrid\/\"]}]},{\"@type\":\"ImageObject\",\"inLanguage\":\"en-US\",\"@id\":\"https:\/\/fundacion-biodiversidad.es\/en\/actualidad_home\/the-emprendeverde-network-collaborates-in-the-greenweekend-madrid\/#primaryimage\",\"url\":\"https:\/\/fundacion-biodiversidad.es\/wp-content\/uploads\/2015\/06\/greenweekend.jpg\",\"contentUrl\":\"https:\/\/fundacion-biodiversidad.es\/wp-content\/uploads\/2015\/06\/greenweekend.jpg\",\"width\":600,\"height\":395},{\"@type\":\"BreadcrumbList\",\"@id\":\"https:\/\/fundacion-biodiversidad.es\/en\/actualidad_home\/the-emprendeverde-network-collaborates-in-the-greenweekend-madrid\/#breadcrumb\",\"itemListElement\":[{\"@type\":\"ListItem\",\"position\":1,\"name\":\"Portada\",\"item\":\"https:\/\/fundacion-biodiversidad.es\/en\/inicio\/\"},{\"@type\":\"ListItem\",\"position\":2,\"name\":\"Noticias de actualidad\",\"item\":\"https:\/\/fundacion-biodiversidad.es\/en\/actualidad_home\/\"},{\"@type\":\"ListItem\",\"position\":3,\"name\":\"The Emprendeverde Network collaborates in the GreenWeekend Madrid\"}]},{\"@type\":\"WebSite\",\"@id\":\"https:\/\/fundacion-biodiversidad.es\/en\/#website\",\"url\":\"https:\/\/fundacion-biodiversidad.es\/en\/\",\"name\":\"Fundaci\u00f3n Biodiversidad\",\"description\":\"Fundaci\u00f3n p\u00fablica adscrita al Ministerio para la Transici\u00f3n Ecol\u00f3gica\",\"potentialAction\":[{\"@type\":\"SearchAction\",\"target\":{\"@type\":\"EntryPoint\",\"urlTemplate\":\"https:\/\/fundacion-biodiversidad.es\/en\/?s={search_term_string}\"},\"query-input\":{\"@type\":\"PropertyValueSpecification\",\"valueRequired\":true,\"valueName\":\"search_term_string\"}}],\"inLanguage\":\"en-US\"}]}<\/script>\n<!-- \/ Yoast SEO plugin. -->","yoast_head_json":{"title":"The Emprendeverde Network collaborates in the GreenWeekend Madrid - Fundaci\u00f3n Biodiversidad","robots":{"index":"index","follow":"follow","max-snippet":"max-snippet:-1","max-image-preview":"max-image-preview:large","max-video-preview":"max-video-preview:-1"},"canonical":"https:\/\/fundacion-biodiversidad.es\/en\/actualidad_home\/the-emprendeverde-network-collaborates-in-the-greenweekend-madrid\/","og_locale":"en_US","og_type":"article","og_title":"The Emprendeverde Network collaborates in the GreenWeekend Madrid - Fundaci\u00f3n Biodiversidad","og_description":"The Emprendeverde Network of the Biodiversity Foundation of the Ministry of Agriculture, Food and the Environment collaborates with the III edition of Greenweekend Madrid. The [&hellip;]","og_url":"https:\/\/fundacion-biodiversidad.es\/en\/actualidad_home\/the-emprendeverde-network-collaborates-in-the-greenweekend-madrid\/","og_site_name":"Fundaci\u00f3n Biodiversidad","og_image":[{"width":720,"height":405,"url":"https:\/\/fundacion-biodiversidad.es\/wp-content\/uploads\/2023\/01\/2487661294_35330241_720x405.png","type":"image\/png"}],"twitter_card":"summary_large_image","twitter_misc":{"Est. reading time":"1 minute"},"schema":{"@context":"https:\/\/schema.org","@graph":[{"@type":"WebPage","@id":"https:\/\/fundacion-biodiversidad.es\/en\/actualidad_home\/the-emprendeverde-network-collaborates-in-the-greenweekend-madrid\/","url":"https:\/\/fundacion-biodiversidad.es\/en\/actualidad_home\/the-emprendeverde-network-collaborates-in-the-greenweekend-madrid\/","name":"The Emprendeverde Network collaborates in the GreenWeekend Madrid - Fundaci\u00f3n Biodiversidad","isPartOf":{"@id":"https:\/\/fundacion-biodiversidad.es\/en\/#website"},"primaryImageOfPage":{"@id":"https:\/\/fundacion-biodiversidad.es\/en\/actualidad_home\/the-emprendeverde-network-collaborates-in-the-greenweekend-madrid\/#primaryimage"},"image":{"@id":"https:\/\/fundacion-biodiversidad.es\/en\/actualidad_home\/the-emprendeverde-network-collaborates-in-the-greenweekend-madrid\/#primaryimage"},"thumbnailUrl":"https:\/\/fundacion-biodiversidad.es\/wp-content\/uploads\/2015\/06\/greenweekend.jpg","datePublished":"2015-06-09T06:31:43+00:00","breadcrumb":{"@id":"https:\/\/fundacion-biodiversidad.es\/en\/actualidad_home\/the-emprendeverde-network-collaborates-in-the-greenweekend-madrid\/#breadcrumb"},"inLanguage":"en-US","potentialAction":[{"@type":"ReadAction","target":["https:\/\/fundacion-biodiversidad.es\/en\/actualidad_home\/the-emprendeverde-network-collaborates-in-the-greenweekend-madrid\/"]}]},{"@type":"ImageObject","inLanguage":"en-US","@id":"https:\/\/fundacion-biodiversidad.es\/en\/actualidad_home\/the-emprendeverde-network-collaborates-in-the-greenweekend-madrid\/#primaryimage","url":"https:\/\/fundacion-biodiversidad.es\/wp-content\/uploads\/2015\/06\/greenweekend.jpg","contentUrl":"https:\/\/fundacion-biodiversidad.es\/wp-content\/uploads\/2015\/06\/greenweekend.jpg","width":600,"height":395},{"@type":"BreadcrumbList","@id":"https:\/\/fundacion-biodiversidad.es\/en\/actualidad_home\/the-emprendeverde-network-collaborates-in-the-greenweekend-madrid\/#breadcrumb","itemListElement":[{"@type":"ListItem","position":1,"name":"Portada","item":"https:\/\/fundacion-biodiversidad.es\/en\/inicio\/"},{"@type":"ListItem","position":2,"name":"Noticias de actualidad","item":"https:\/\/fundacion-biodiversidad.es\/en\/actualidad_home\/"},{"@type":"ListItem","position":3,"name":"The Emprendeverde Network collaborates in the GreenWeekend Madrid"}]},{"@type":"WebSite","@id":"https:\/\/fundacion-biodiversidad.es\/en\/#website","url":"https:\/\/fundacion-biodiversidad.es\/en\/","name":"Fundaci\u00f3n Biodiversidad","description":"Fundaci\u00f3n p\u00fablica adscrita al Ministerio para la Transici\u00f3n Ecol\u00f3gica","potentialAction":[{"@type":"SearchAction","target":{"@type":"EntryPoint","urlTemplate":"https:\/\/fundacion-biodiversidad.es\/en\/?s={search_term_string}"},"query-input":{"@type":"PropertyValueSpecification","valueRequired":true,"valueName":"search_term_string"}}],"inLanguage":"en-US"}]}},"_links":{"self":[{"href":"https:\/\/fundacion-biodiversidad.es\/en\/wp-json\/wp\/v2\/actualidad_home\/97857886","targetHints":{"allow":["GET"]}}],"collection":[{"href":"https:\/\/fundacion-biodiversidad.es\/en\/wp-json\/wp\/v2\/actualidad_home"}],"about":[{"href":"https:\/\/fundacion-biodiversidad.es\/en\/wp-json\/wp\/v2\/types\/actualidad_home"}],"author":[{"embeddable":true,"href":"https:\/\/fundacion-biodiversidad.es\/en\/wp-json\/wp\/v2\/users\/11"}],"wp:featuredmedia":[{"embeddable":true,"href":"https:\/\/fundacion-biodiversidad.es\/en\/wp-json\/wp\/v2\/media\/35584"}],"wp:attachment":[{"href":"https:\/\/fundacion-biodiversidad.es\/en\/wp-json\/wp\/v2\/media?parent=97857886"}],"wp:term":[{"taxonomy":"palabras_clave","embeddable":true,"href":"https:\/\/fundacion-biodiversidad.es\/en\/wp-json\/wp\/v2\/palabras_clave?post=97857886"}],"curies":[{"name":"wp","href":"https:\/\/api.w.org\/{rel}","templated":true}]}}