{"id":97857887,"date":"2015-06-01T10:27:20","date_gmt":"2015-06-01T08:27:20","guid":{"rendered":"https:\/\/fundacion-biodiversidad.es\/actualidad_home\/we-participate-in-the-spanish-forum-for-socially-responsible-investment-spainsif\/"},"modified":"2015-06-01T10:27:20","modified_gmt":"2015-06-01T08:27:20","slug":"we-participate-in-the-spanish-forum-for-socially-responsible-investment-spainsif","status":"publish","type":"actualidad_home","link":"https:\/\/fundacion-biodiversidad.es\/en\/actualidad_home\/we-participate-in-the-spanish-forum-for-socially-responsible-investment-spainsif\/","title":{"rendered":"We participate in the Spanish Forum for Socially Responsible Investment Spainsif"},"content":{"rendered":"<p>The director of the Biodiversity Foundation, <strong>Sonia Casta\u00f1eda<\/strong>, participated today in the inauguration of the  &nbsp;<a href=\"http:\/\/www.spainsif.es\/\" rel=\"nofollow noopener\" target=\"_blank\"><strong>Spainsif Spanish Forum for Socially Responsible Investment (SRI)<\/strong><\/a> in Madrid, in which he recalled that <em>&#8220;aligning environmental, social and economic objectives is essential in relation to some of the most pressing global challenges, such as the fight against climate change<\/em>&#8220;, a particularly relevant issue this year, when a global agreement is expected to be reached in Paris.<br \/>\n&nbsp;<br \/>  Casta\u00f1eda also pointed out that one of the Biodiversity Foundation&#8217;s commitments to SRI is the<a href=\"http:\/\/www.redemprendeverde.es\/\" rel=\"nofollow noopener\" target=\"_blank\"><strong> Emprendeverde Network<\/strong><\/a>, the Biodiversity Foundation&#8217;s support program for entrepreneurs. He also stressed that the financial sector can do a lot by providing instruments such as new forms of financial organization, such as impact investment funds, social exchanges, participatory financing, microfinance and the link between entrepreneurs and local financial institutions. <br \/>\n&nbsp;<br \/>  This event in which the Biodiversity Foundation has participated is part<strong> of the Socially Responsible Investment Week<\/strong>, which will last until June 9 and in which, in addition to Madrid, the cities of Barcelona and Zaragoza participate.<br \/>\n&nbsp;<br \/>  Spainsif has<strong> 32 founding entities <\/strong>that seek to promote SRI in Spain. These include financial institutions, management companies, SRI service providers, non-profit organisations and trade unions, which aim to promote the integration of environmental and social criteria into investment policies in Spain. <br \/>\n&nbsp;<\/p>\n","protected":false},"author":11,"featured_media":35578,"template":"","meta":{"_acf_changed":false},"palabras_clave":[54,56,91],"class_list":["post-97857887","actualidad_home","type-actualidad_home","status-publish","has-post-thumbnail","hentry","palabras_clave-economia-verde","palabras_clave-empleo-verde","palabras_clave-emprendedores"],"acf":[],"yoast_head":"<!-- This site is optimized with the Yoast SEO plugin v26.9 - https:\/\/yoast.com\/product\/yoast-seo-wordpress\/ -->\n<title>We participate in the Spanish Forum for Socially Responsible Investment Spainsif - Fundaci\u00f3n Biodiversidad<\/title>\n<meta name=\"robots\" content=\"index, follow, max-snippet:-1, max-image-preview:large, max-video-preview:-1\" \/>\n<link rel=\"canonical\" href=\"https:\/\/fundacion-biodiversidad.es\/en\/actualidad_home\/we-participate-in-the-spanish-forum-for-socially-responsible-investment-spainsif\/\" \/>\n<meta property=\"og:locale\" content=\"en_US\" \/>\n<meta property=\"og:type\" content=\"article\" \/>\n<meta property=\"og:title\" content=\"We participate in the Spanish Forum for Socially Responsible Investment Spainsif - Fundaci\u00f3n Biodiversidad\" \/>\n<meta property=\"og:description\" content=\"The director of the Biodiversity Foundation, Sonia Casta\u00f1eda, participated today in the inauguration of the &nbsp;Spainsif Spanish Forum for Socially Responsible Investment (SRI) in Madrid, [&hellip;]\" \/>\n<meta property=\"og:url\" content=\"https:\/\/fundacion-biodiversidad.es\/en\/actualidad_home\/we-participate-in-the-spanish-forum-for-socially-responsible-investment-spainsif\/\" \/>\n<meta property=\"og:site_name\" content=\"Fundaci\u00f3n Biodiversidad\" \/>\n<meta property=\"og:image\" content=\"https:\/\/fundacion-biodiversidad.es\/wp-content\/uploads\/2023\/01\/2487661294_35330241_720x405.png\" \/>\n\t<meta property=\"og:image:width\" content=\"720\" \/>\n\t<meta property=\"og:image:height\" content=\"405\" \/>\n\t<meta property=\"og:image:type\" content=\"image\/png\" \/>\n<meta name=\"twitter:card\" content=\"summary_large_image\" \/>\n<meta name=\"twitter:label1\" content=\"Est. reading time\" \/>\n\t<meta name=\"twitter:data1\" content=\"1 minute\" \/>\n<script type=\"application\/ld+json\" class=\"yoast-schema-graph\">{\"@context\":\"https:\/\/schema.org\",\"@graph\":[{\"@type\":\"WebPage\",\"@id\":\"https:\/\/fundacion-biodiversidad.es\/en\/actualidad_home\/we-participate-in-the-spanish-forum-for-socially-responsible-investment-spainsif\/\",\"url\":\"https:\/\/fundacion-biodiversidad.es\/en\/actualidad_home\/we-participate-in-the-spanish-forum-for-socially-responsible-investment-spainsif\/\",\"name\":\"We participate in the Spanish Forum for Socially Responsible Investment Spainsif - Fundaci\u00f3n Biodiversidad\",\"isPartOf\":{\"@id\":\"https:\/\/fundacion-biodiversidad.es\/en\/#website\"},\"primaryImageOfPage\":{\"@id\":\"https:\/\/fundacion-biodiversidad.es\/en\/actualidad_home\/we-participate-in-the-spanish-forum-for-socially-responsible-investment-spainsif\/#primaryimage\"},\"image\":{\"@id\":\"https:\/\/fundacion-biodiversidad.es\/en\/actualidad_home\/we-participate-in-the-spanish-forum-for-socially-responsible-investment-spainsif\/#primaryimage\"},\"thumbnailUrl\":\"https:\/\/fundacion-biodiversidad.es\/wp-content\/uploads\/2015\/06\/isr_sonia_castaneda_fundacion_biodiversidad.jpg\",\"datePublished\":\"2015-06-01T08:27:20+00:00\",\"breadcrumb\":{\"@id\":\"https:\/\/fundacion-biodiversidad.es\/en\/actualidad_home\/we-participate-in-the-spanish-forum-for-socially-responsible-investment-spainsif\/#breadcrumb\"},\"inLanguage\":\"en-US\",\"potentialAction\":[{\"@type\":\"ReadAction\",\"target\":[\"https:\/\/fundacion-biodiversidad.es\/en\/actualidad_home\/we-participate-in-the-spanish-forum-for-socially-responsible-investment-spainsif\/\"]}]},{\"@type\":\"ImageObject\",\"inLanguage\":\"en-US\",\"@id\":\"https:\/\/fundacion-biodiversidad.es\/en\/actualidad_home\/we-participate-in-the-spanish-forum-for-socially-responsible-investment-spainsif\/#primaryimage\",\"url\":\"https:\/\/fundacion-biodiversidad.es\/wp-content\/uploads\/2015\/06\/isr_sonia_castaneda_fundacion_biodiversidad.jpg\",\"contentUrl\":\"https:\/\/fundacion-biodiversidad.es\/wp-content\/uploads\/2015\/06\/isr_sonia_castaneda_fundacion_biodiversidad.jpg\",\"width\":599,\"height\":337},{\"@type\":\"BreadcrumbList\",\"@id\":\"https:\/\/fundacion-biodiversidad.es\/en\/actualidad_home\/we-participate-in-the-spanish-forum-for-socially-responsible-investment-spainsif\/#breadcrumb\",\"itemListElement\":[{\"@type\":\"ListItem\",\"position\":1,\"name\":\"Portada\",\"item\":\"https:\/\/fundacion-biodiversidad.es\/en\/inicio\/\"},{\"@type\":\"ListItem\",\"position\":2,\"name\":\"Noticias de actualidad\",\"item\":\"https:\/\/fundacion-biodiversidad.es\/en\/actualidad_home\/\"},{\"@type\":\"ListItem\",\"position\":3,\"name\":\"We participate in the Spanish Forum for Socially Responsible Investment Spainsif\"}]},{\"@type\":\"WebSite\",\"@id\":\"https:\/\/fundacion-biodiversidad.es\/en\/#website\",\"url\":\"https:\/\/fundacion-biodiversidad.es\/en\/\",\"name\":\"Fundaci\u00f3n Biodiversidad\",\"description\":\"Fundaci\u00f3n p\u00fablica adscrita al Ministerio para la Transici\u00f3n Ecol\u00f3gica\",\"potentialAction\":[{\"@type\":\"SearchAction\",\"target\":{\"@type\":\"EntryPoint\",\"urlTemplate\":\"https:\/\/fundacion-biodiversidad.es\/en\/?s={search_term_string}\"},\"query-input\":{\"@type\":\"PropertyValueSpecification\",\"valueRequired\":true,\"valueName\":\"search_term_string\"}}],\"inLanguage\":\"en-US\"}]}<\/script>\n<!-- \/ Yoast SEO plugin. -->","yoast_head_json":{"title":"We participate in the Spanish Forum for Socially Responsible Investment Spainsif - Fundaci\u00f3n Biodiversidad","robots":{"index":"index","follow":"follow","max-snippet":"max-snippet:-1","max-image-preview":"max-image-preview:large","max-video-preview":"max-video-preview:-1"},"canonical":"https:\/\/fundacion-biodiversidad.es\/en\/actualidad_home\/we-participate-in-the-spanish-forum-for-socially-responsible-investment-spainsif\/","og_locale":"en_US","og_type":"article","og_title":"We participate in the Spanish Forum for Socially Responsible Investment Spainsif - Fundaci\u00f3n Biodiversidad","og_description":"The director of the Biodiversity Foundation, Sonia Casta\u00f1eda, participated today in the inauguration of the &nbsp;Spainsif Spanish Forum for Socially Responsible Investment (SRI) in Madrid, [&hellip;]","og_url":"https:\/\/fundacion-biodiversidad.es\/en\/actualidad_home\/we-participate-in-the-spanish-forum-for-socially-responsible-investment-spainsif\/","og_site_name":"Fundaci\u00f3n Biodiversidad","og_image":[{"width":720,"height":405,"url":"https:\/\/fundacion-biodiversidad.es\/wp-content\/uploads\/2023\/01\/2487661294_35330241_720x405.png","type":"image\/png"}],"twitter_card":"summary_large_image","twitter_misc":{"Est. reading time":"1 minute"},"schema":{"@context":"https:\/\/schema.org","@graph":[{"@type":"WebPage","@id":"https:\/\/fundacion-biodiversidad.es\/en\/actualidad_home\/we-participate-in-the-spanish-forum-for-socially-responsible-investment-spainsif\/","url":"https:\/\/fundacion-biodiversidad.es\/en\/actualidad_home\/we-participate-in-the-spanish-forum-for-socially-responsible-investment-spainsif\/","name":"We participate in the Spanish Forum for Socially Responsible Investment Spainsif - Fundaci\u00f3n Biodiversidad","isPartOf":{"@id":"https:\/\/fundacion-biodiversidad.es\/en\/#website"},"primaryImageOfPage":{"@id":"https:\/\/fundacion-biodiversidad.es\/en\/actualidad_home\/we-participate-in-the-spanish-forum-for-socially-responsible-investment-spainsif\/#primaryimage"},"image":{"@id":"https:\/\/fundacion-biodiversidad.es\/en\/actualidad_home\/we-participate-in-the-spanish-forum-for-socially-responsible-investment-spainsif\/#primaryimage"},"thumbnailUrl":"https:\/\/fundacion-biodiversidad.es\/wp-content\/uploads\/2015\/06\/isr_sonia_castaneda_fundacion_biodiversidad.jpg","datePublished":"2015-06-01T08:27:20+00:00","breadcrumb":{"@id":"https:\/\/fundacion-biodiversidad.es\/en\/actualidad_home\/we-participate-in-the-spanish-forum-for-socially-responsible-investment-spainsif\/#breadcrumb"},"inLanguage":"en-US","potentialAction":[{"@type":"ReadAction","target":["https:\/\/fundacion-biodiversidad.es\/en\/actualidad_home\/we-participate-in-the-spanish-forum-for-socially-responsible-investment-spainsif\/"]}]},{"@type":"ImageObject","inLanguage":"en-US","@id":"https:\/\/fundacion-biodiversidad.es\/en\/actualidad_home\/we-participate-in-the-spanish-forum-for-socially-responsible-investment-spainsif\/#primaryimage","url":"https:\/\/fundacion-biodiversidad.es\/wp-content\/uploads\/2015\/06\/isr_sonia_castaneda_fundacion_biodiversidad.jpg","contentUrl":"https:\/\/fundacion-biodiversidad.es\/wp-content\/uploads\/2015\/06\/isr_sonia_castaneda_fundacion_biodiversidad.jpg","width":599,"height":337},{"@type":"BreadcrumbList","@id":"https:\/\/fundacion-biodiversidad.es\/en\/actualidad_home\/we-participate-in-the-spanish-forum-for-socially-responsible-investment-spainsif\/#breadcrumb","itemListElement":[{"@type":"ListItem","position":1,"name":"Portada","item":"https:\/\/fundacion-biodiversidad.es\/en\/inicio\/"},{"@type":"ListItem","position":2,"name":"Noticias de actualidad","item":"https:\/\/fundacion-biodiversidad.es\/en\/actualidad_home\/"},{"@type":"ListItem","position":3,"name":"We participate in the Spanish Forum for Socially Responsible Investment Spainsif"}]},{"@type":"WebSite","@id":"https:\/\/fundacion-biodiversidad.es\/en\/#website","url":"https:\/\/fundacion-biodiversidad.es\/en\/","name":"Fundaci\u00f3n Biodiversidad","description":"Fundaci\u00f3n p\u00fablica adscrita al Ministerio para la Transici\u00f3n Ecol\u00f3gica","potentialAction":[{"@type":"SearchAction","target":{"@type":"EntryPoint","urlTemplate":"https:\/\/fundacion-biodiversidad.es\/en\/?s={search_term_string}"},"query-input":{"@type":"PropertyValueSpecification","valueRequired":true,"valueName":"search_term_string"}}],"inLanguage":"en-US"}]}},"_links":{"self":[{"href":"https:\/\/fundacion-biodiversidad.es\/en\/wp-json\/wp\/v2\/actualidad_home\/97857887","targetHints":{"allow":["GET"]}}],"collection":[{"href":"https:\/\/fundacion-biodiversidad.es\/en\/wp-json\/wp\/v2\/actualidad_home"}],"about":[{"href":"https:\/\/fundacion-biodiversidad.es\/en\/wp-json\/wp\/v2\/types\/actualidad_home"}],"author":[{"embeddable":true,"href":"https:\/\/fundacion-biodiversidad.es\/en\/wp-json\/wp\/v2\/users\/11"}],"wp:featuredmedia":[{"embeddable":true,"href":"https:\/\/fundacion-biodiversidad.es\/en\/wp-json\/wp\/v2\/media\/35578"}],"wp:attachment":[{"href":"https:\/\/fundacion-biodiversidad.es\/en\/wp-json\/wp\/v2\/media?parent=97857887"}],"wp:term":[{"taxonomy":"palabras_clave","embeddable":true,"href":"https:\/\/fundacion-biodiversidad.es\/en\/wp-json\/wp\/v2\/palabras_clave?post=97857887"}],"curies":[{"name":"wp","href":"https:\/\/api.w.org\/{rel}","templated":true}]}}