{"id":97857889,"date":"2015-06-08T10:48:41","date_gmt":"2015-06-08T08:48:41","guid":{"rendered":"https:\/\/fundacion-biodiversidad.es\/actualidad_home\/the-biodiversity-foundation-celebrates-world-oceans-day\/"},"modified":"2015-06-08T10:48:41","modified_gmt":"2015-06-08T08:48:41","slug":"the-biodiversity-foundation-celebrates-world-oceans-day","status":"publish","type":"actualidad_home","link":"https:\/\/fundacion-biodiversidad.es\/en\/actualidad_home\/the-biodiversity-foundation-celebrates-world-oceans-day\/","title":{"rendered":"The Biodiversity Foundation celebrates World Oceans Day"},"content":{"rendered":"<p>The Biodiversity Foundation of the Ministry of Agriculture, Food and Environment joins the celebration <a href=\"http:\/\/www.un.org\/es\/events\/oceansday\/\" rel=\"nofollow noopener\" target=\"_blank\"><strong>of World Oceans Day<\/strong><\/a> today. The Ministry, as the body in charge of the<strong> protection of the sea in Spain<\/strong>, wants to draw society&#8217;s attention to the environmental richness of our seas and this year 2015 it pays special attention to marine species. <\/p>\n<p>  Spain is one of the European countries with the <strong>greatest marine biological diversity<\/strong>, and yet the sea is largely unknown to most citizens.  &nbsp;It is estimated that there are about 10,300 species in the seas of Spain, 5.1% of the world total, which is about 200,000 marine species.<\/p>\n<p>  Thanks to the <a href=\"http:\/\/www.indemares.es\/\" rel=\"nofollow noopener\" target=\"_blank\"><strong>LIFE+ Indemares<\/strong><\/a> project, coordinated by the Biodiversity Foundation, new species have been discovered and spaces that were practically unknown until now have been explored. Thus, the <strong>Network of Marine Protected Areas<\/strong> has gone from protecting 1% to 8.6% of our seas with the consequent development of plans and strategies for the conservation of marine spaces. <\/p>\n<p>  In addition, the Biodiversity Foundation develops the <a href=\"http:\/\/ecosafimed.eu\/es\" rel=\"nofollow noopener\" target=\"_blank\"><strong>ECOSAFIMED programme<\/strong><\/a>, which promotes sustainable artisanal fishing practices and encourages <strong>cross-border cooperation<\/strong> between countries on both shores of the Mediterranean, in order to address common challenges and achieve habitat conservation.<\/p>\n<p>  The Ministry of Agriculture, Food and the Environment will develop, throughout 2015, conservation measures for the <strong>protection of endangered marine species<\/strong>. Among them are the killer whale of the Strait and Gulf of Cadiz, the conservation of the loggerhead turtle and other sea turtles, the Balearic shearwater and cetaceans from the Black Sea, Mediterranean Sea and Atlantic. <\/p>\n","protected":false},"author":11,"featured_media":35583,"template":"","meta":{"_acf_changed":false},"palabras_clave":[],"class_list":["post-97857889","actualidad_home","type-actualidad_home","status-publish","has-post-thumbnail","hentry"],"acf":[],"yoast_head":"<!-- This site is optimized with the Yoast SEO plugin v26.9 - https:\/\/yoast.com\/product\/yoast-seo-wordpress\/ -->\n<title>The Biodiversity Foundation celebrates World Oceans Day - Fundaci\u00f3n Biodiversidad<\/title>\n<meta name=\"robots\" content=\"index, follow, max-snippet:-1, max-image-preview:large, max-video-preview:-1\" \/>\n<link rel=\"canonical\" href=\"https:\/\/fundacion-biodiversidad.es\/en\/actualidad_home\/the-biodiversity-foundation-celebrates-world-oceans-day\/\" \/>\n<meta property=\"og:locale\" content=\"en_US\" \/>\n<meta property=\"og:type\" content=\"article\" \/>\n<meta property=\"og:title\" content=\"The Biodiversity Foundation celebrates World Oceans Day - Fundaci\u00f3n Biodiversidad\" \/>\n<meta property=\"og:description\" content=\"The Biodiversity Foundation of the Ministry of Agriculture, Food and Environment joins the celebration of World Oceans Day today. The Ministry, as the body in [&hellip;]\" \/>\n<meta property=\"og:url\" content=\"https:\/\/fundacion-biodiversidad.es\/en\/actualidad_home\/the-biodiversity-foundation-celebrates-world-oceans-day\/\" \/>\n<meta property=\"og:site_name\" content=\"Fundaci\u00f3n Biodiversidad\" \/>\n<meta property=\"og:image\" content=\"https:\/\/fundacion-biodiversidad.es\/wp-content\/uploads\/2023\/01\/2487661294_35330241_720x405.png\" \/>\n\t<meta property=\"og:image:width\" content=\"720\" \/>\n\t<meta property=\"og:image:height\" content=\"405\" \/>\n\t<meta property=\"og:image:type\" content=\"image\/png\" \/>\n<meta name=\"twitter:card\" content=\"summary_large_image\" \/>\n<meta name=\"twitter:label1\" content=\"Est. reading time\" \/>\n\t<meta name=\"twitter:data1\" content=\"1 minute\" \/>\n<script type=\"application\/ld+json\" class=\"yoast-schema-graph\">{\"@context\":\"https:\/\/schema.org\",\"@graph\":[{\"@type\":\"WebPage\",\"@id\":\"https:\/\/fundacion-biodiversidad.es\/en\/actualidad_home\/the-biodiversity-foundation-celebrates-world-oceans-day\/\",\"url\":\"https:\/\/fundacion-biodiversidad.es\/en\/actualidad_home\/the-biodiversity-foundation-celebrates-world-oceans-day\/\",\"name\":\"The Biodiversity Foundation celebrates World Oceans Day - Fundaci\u00f3n Biodiversidad\",\"isPartOf\":{\"@id\":\"https:\/\/fundacion-biodiversidad.es\/en\/#website\"},\"primaryImageOfPage\":{\"@id\":\"https:\/\/fundacion-biodiversidad.es\/en\/actualidad_home\/the-biodiversity-foundation-celebrates-world-oceans-day\/#primaryimage\"},\"image\":{\"@id\":\"https:\/\/fundacion-biodiversidad.es\/en\/actualidad_home\/the-biodiversity-foundation-celebrates-world-oceans-day\/#primaryimage\"},\"thumbnailUrl\":\"https:\/\/fundacion-biodiversidad.es\/wp-content\/uploads\/2015\/06\/oceana_inaki_relanzon_medusa.jpg\",\"datePublished\":\"2015-06-08T08:48:41+00:00\",\"breadcrumb\":{\"@id\":\"https:\/\/fundacion-biodiversidad.es\/en\/actualidad_home\/the-biodiversity-foundation-celebrates-world-oceans-day\/#breadcrumb\"},\"inLanguage\":\"en-US\",\"potentialAction\":[{\"@type\":\"ReadAction\",\"target\":[\"https:\/\/fundacion-biodiversidad.es\/en\/actualidad_home\/the-biodiversity-foundation-celebrates-world-oceans-day\/\"]}]},{\"@type\":\"ImageObject\",\"inLanguage\":\"en-US\",\"@id\":\"https:\/\/fundacion-biodiversidad.es\/en\/actualidad_home\/the-biodiversity-foundation-celebrates-world-oceans-day\/#primaryimage\",\"url\":\"https:\/\/fundacion-biodiversidad.es\/wp-content\/uploads\/2015\/06\/oceana_inaki_relanzon_medusa.jpg\",\"contentUrl\":\"https:\/\/fundacion-biodiversidad.es\/wp-content\/uploads\/2015\/06\/oceana_inaki_relanzon_medusa.jpg\",\"width\":1430,\"height\":949},{\"@type\":\"BreadcrumbList\",\"@id\":\"https:\/\/fundacion-biodiversidad.es\/en\/actualidad_home\/the-biodiversity-foundation-celebrates-world-oceans-day\/#breadcrumb\",\"itemListElement\":[{\"@type\":\"ListItem\",\"position\":1,\"name\":\"Portada\",\"item\":\"https:\/\/fundacion-biodiversidad.es\/en\/inicio\/\"},{\"@type\":\"ListItem\",\"position\":2,\"name\":\"Noticias de actualidad\",\"item\":\"https:\/\/fundacion-biodiversidad.es\/en\/actualidad_home\/\"},{\"@type\":\"ListItem\",\"position\":3,\"name\":\"The Biodiversity Foundation celebrates World Oceans Day\"}]},{\"@type\":\"WebSite\",\"@id\":\"https:\/\/fundacion-biodiversidad.es\/en\/#website\",\"url\":\"https:\/\/fundacion-biodiversidad.es\/en\/\",\"name\":\"Fundaci\u00f3n Biodiversidad\",\"description\":\"Fundaci\u00f3n p\u00fablica adscrita al Ministerio para la Transici\u00f3n Ecol\u00f3gica\",\"potentialAction\":[{\"@type\":\"SearchAction\",\"target\":{\"@type\":\"EntryPoint\",\"urlTemplate\":\"https:\/\/fundacion-biodiversidad.es\/en\/?s={search_term_string}\"},\"query-input\":{\"@type\":\"PropertyValueSpecification\",\"valueRequired\":true,\"valueName\":\"search_term_string\"}}],\"inLanguage\":\"en-US\"}]}<\/script>\n<!-- \/ Yoast SEO plugin. -->","yoast_head_json":{"title":"The Biodiversity Foundation celebrates World Oceans Day - Fundaci\u00f3n Biodiversidad","robots":{"index":"index","follow":"follow","max-snippet":"max-snippet:-1","max-image-preview":"max-image-preview:large","max-video-preview":"max-video-preview:-1"},"canonical":"https:\/\/fundacion-biodiversidad.es\/en\/actualidad_home\/the-biodiversity-foundation-celebrates-world-oceans-day\/","og_locale":"en_US","og_type":"article","og_title":"The Biodiversity Foundation celebrates World Oceans Day - Fundaci\u00f3n Biodiversidad","og_description":"The Biodiversity Foundation of the Ministry of Agriculture, Food and Environment joins the celebration of World Oceans Day today. The Ministry, as the body in [&hellip;]","og_url":"https:\/\/fundacion-biodiversidad.es\/en\/actualidad_home\/the-biodiversity-foundation-celebrates-world-oceans-day\/","og_site_name":"Fundaci\u00f3n Biodiversidad","og_image":[{"width":720,"height":405,"url":"https:\/\/fundacion-biodiversidad.es\/wp-content\/uploads\/2023\/01\/2487661294_35330241_720x405.png","type":"image\/png"}],"twitter_card":"summary_large_image","twitter_misc":{"Est. reading time":"1 minute"},"schema":{"@context":"https:\/\/schema.org","@graph":[{"@type":"WebPage","@id":"https:\/\/fundacion-biodiversidad.es\/en\/actualidad_home\/the-biodiversity-foundation-celebrates-world-oceans-day\/","url":"https:\/\/fundacion-biodiversidad.es\/en\/actualidad_home\/the-biodiversity-foundation-celebrates-world-oceans-day\/","name":"The Biodiversity Foundation celebrates World Oceans Day - Fundaci\u00f3n Biodiversidad","isPartOf":{"@id":"https:\/\/fundacion-biodiversidad.es\/en\/#website"},"primaryImageOfPage":{"@id":"https:\/\/fundacion-biodiversidad.es\/en\/actualidad_home\/the-biodiversity-foundation-celebrates-world-oceans-day\/#primaryimage"},"image":{"@id":"https:\/\/fundacion-biodiversidad.es\/en\/actualidad_home\/the-biodiversity-foundation-celebrates-world-oceans-day\/#primaryimage"},"thumbnailUrl":"https:\/\/fundacion-biodiversidad.es\/wp-content\/uploads\/2015\/06\/oceana_inaki_relanzon_medusa.jpg","datePublished":"2015-06-08T08:48:41+00:00","breadcrumb":{"@id":"https:\/\/fundacion-biodiversidad.es\/en\/actualidad_home\/the-biodiversity-foundation-celebrates-world-oceans-day\/#breadcrumb"},"inLanguage":"en-US","potentialAction":[{"@type":"ReadAction","target":["https:\/\/fundacion-biodiversidad.es\/en\/actualidad_home\/the-biodiversity-foundation-celebrates-world-oceans-day\/"]}]},{"@type":"ImageObject","inLanguage":"en-US","@id":"https:\/\/fundacion-biodiversidad.es\/en\/actualidad_home\/the-biodiversity-foundation-celebrates-world-oceans-day\/#primaryimage","url":"https:\/\/fundacion-biodiversidad.es\/wp-content\/uploads\/2015\/06\/oceana_inaki_relanzon_medusa.jpg","contentUrl":"https:\/\/fundacion-biodiversidad.es\/wp-content\/uploads\/2015\/06\/oceana_inaki_relanzon_medusa.jpg","width":1430,"height":949},{"@type":"BreadcrumbList","@id":"https:\/\/fundacion-biodiversidad.es\/en\/actualidad_home\/the-biodiversity-foundation-celebrates-world-oceans-day\/#breadcrumb","itemListElement":[{"@type":"ListItem","position":1,"name":"Portada","item":"https:\/\/fundacion-biodiversidad.es\/en\/inicio\/"},{"@type":"ListItem","position":2,"name":"Noticias de actualidad","item":"https:\/\/fundacion-biodiversidad.es\/en\/actualidad_home\/"},{"@type":"ListItem","position":3,"name":"The Biodiversity Foundation celebrates World Oceans Day"}]},{"@type":"WebSite","@id":"https:\/\/fundacion-biodiversidad.es\/en\/#website","url":"https:\/\/fundacion-biodiversidad.es\/en\/","name":"Fundaci\u00f3n Biodiversidad","description":"Fundaci\u00f3n p\u00fablica adscrita al Ministerio para la Transici\u00f3n Ecol\u00f3gica","potentialAction":[{"@type":"SearchAction","target":{"@type":"EntryPoint","urlTemplate":"https:\/\/fundacion-biodiversidad.es\/en\/?s={search_term_string}"},"query-input":{"@type":"PropertyValueSpecification","valueRequired":true,"valueName":"search_term_string"}}],"inLanguage":"en-US"}]}},"_links":{"self":[{"href":"https:\/\/fundacion-biodiversidad.es\/en\/wp-json\/wp\/v2\/actualidad_home\/97857889","targetHints":{"allow":["GET"]}}],"collection":[{"href":"https:\/\/fundacion-biodiversidad.es\/en\/wp-json\/wp\/v2\/actualidad_home"}],"about":[{"href":"https:\/\/fundacion-biodiversidad.es\/en\/wp-json\/wp\/v2\/types\/actualidad_home"}],"author":[{"embeddable":true,"href":"https:\/\/fundacion-biodiversidad.es\/en\/wp-json\/wp\/v2\/users\/11"}],"wp:featuredmedia":[{"embeddable":true,"href":"https:\/\/fundacion-biodiversidad.es\/en\/wp-json\/wp\/v2\/media\/35583"}],"wp:attachment":[{"href":"https:\/\/fundacion-biodiversidad.es\/en\/wp-json\/wp\/v2\/media?parent=97857889"}],"wp:term":[{"taxonomy":"palabras_clave","embeddable":true,"href":"https:\/\/fundacion-biodiversidad.es\/en\/wp-json\/wp\/v2\/palabras_clave?post=97857889"}],"curies":[{"name":"wp","href":"https:\/\/api.w.org\/{rel}","templated":true}]}}