{"id":97857892,"date":"2015-06-03T13:59:42","date_gmt":"2015-06-03T11:59:42","guid":{"rendered":"https:\/\/fundacion-biodiversidad.es\/actualidad_home\/one-million-climate-commitments-road-to-cop21-in-paris\/"},"modified":"2015-06-03T13:59:42","modified_gmt":"2015-06-03T11:59:42","slug":"one-million-climate-commitments-road-to-cop21-in-paris","status":"publish","type":"actualidad_home","link":"https:\/\/fundacion-biodiversidad.es\/en\/actualidad_home\/one-million-climate-commitments-road-to-cop21-in-paris\/","title":{"rendered":"One Million Climate Commitments &#8211; Road to COP21 in Paris"},"content":{"rendered":"<p>The Minister of Agriculture, Food and the Environment, Isabel Garc\u00eda Tejerina, today presented the project<strong> &#8220;One million commitments for the Climate &#8211; Road to COP21 in Paris&#8221;.<\/strong><\/p>\n<p> This project is presented two days before the <strong>commemoration of World Environment Day<\/strong>, which this year is celebrated under the slogan <a href=\"http:\/\/www.unep.org\/spanish\/wed\/theme\/sustainable-consumpion.asp\" rel=\"nofollow noopener\" target=\"_blank\">&#8220;Seven billion dreams. One planet. Consume in moderation.&#8221;<\/a> In this sense, Garc\u00eda Tejerina mentioned the message sent by the UN Secretary General, Ban Ki Moon, in which he asks citizens to reflect on the consequences of the choices we make for the environment. <\/p>\n<p>  &#8220;It is in this spirit that we are launching this project, with the aim of involving all citizens in the fight against climate change and, at the same time, doing everything in our power to make COP 21, which will be held in December in Paris, a success&#8221;.&nbsp;<\/p>\n<p>  In this regard, Garc\u00eda Tejerina thanked the Embassies of China, Peru and France for their support of this Project, as they are three key countries in the international negotiation to achieve this great agreement in Paris. He also thanked the collaboration of more than 60 entities that have already committed to this initiative. <\/p>\n<p>  The minister also highlighted the work of Professor Jos\u00e9 Manuel Moreno, a Spanish expert in the field of climate change, whose explanations have contributed to making us all aware that climate change represents the greatest environmental challenge facing the planet.&nbsp;<\/p>\n<p>  As Garc\u00eda Tejerina explained, with this project &#8220;we want citizens, institutions and companies to know what we can do to fight&nbsp;&nbsp;against climate change and take action in a decisive way.&#8221; Garc\u00eda Tejerina understands that this work is not impossible and that, with small daily actions, each citizen can make their contribution when it comes to reducing emissions. <\/p>\n<p>  Precisely, today begins to generate &#8220;a wave of unity that permeates hundreds of thousands of citizens and thousands of companies and entities&#8221;, he said. He also asked the first committed entities &#8220;to convey the message to the whole of Spanish society because, without a doubt, we are facing a historic moment in the fight against climate change&#8221;. &nbsp;<\/p>\n<p>  Garc\u00eda Tejerina also commented that in this project &#8220;we give value to the important role that each of us plays in the transformation of our development model towards a low-emission model&#8221;.<\/p>\n<p><strong>WEB ONE MILLION FOR THE CLIMATE<\/strong><br \/> On the other hand, Isabel Garc\u00eda Tejerina announced that the <a href=\"http:\/\/unmillonporelclima.es\/\" rel=\"nofollow noopener\" target=\"_blank\">unmillonporelclima.es<\/a> page is now open and encouraged everyone to leave their commitment to the climate now. As he detailed, on this page anyone can make their public commitment in favor of the climate, either individually or as an entity. &nbsp;<\/p>\n<p>  This page offers a menu of commitments that reduce CO2 emissions, with more than 80 potential actions to choose from, although each person can also leave their own, and thus expand the menu.<br \/>  The project will also be supported by social networks. On <a href=\"https:\/\/twitter.com\/compromisoclima\" rel=\"nofollow noopener\" target=\"_blank\">Twitter<\/a> , with the hashtag:<strong> #PorElClima<\/strong> and <a href=\"https:\/\/www.facebook.com\/compromisoclima\/info?tab=page_info\" rel=\"nofollow\">on Facebook.<\/a><\/p>\n<p> In this context, Garc\u00eda Tejerina reiterated his request for everyone to collaborate to reach that figure of one million commitments achieved in Spain. &#8220;If we succeed and Spanish society presents those million commitments at COP 21 in Paris, we will demonstrate that with enthusiasm, work, imagination and clear ideas it is possible to achieve a great global agreement to fight climate change.  <\/p>\n","protected":false},"author":11,"featured_media":35581,"template":"","meta":{"_acf_changed":false},"palabras_clave":[],"class_list":["post-97857892","actualidad_home","type-actualidad_home","status-publish","has-post-thumbnail","hentry"],"acf":[],"yoast_head":"<!-- This site is optimized with the Yoast SEO plugin v26.9 - https:\/\/yoast.com\/product\/yoast-seo-wordpress\/ -->\n<title>One Million Climate Commitments - Road to COP21 in Paris - Fundaci\u00f3n Biodiversidad<\/title>\n<meta name=\"robots\" content=\"index, follow, max-snippet:-1, max-image-preview:large, max-video-preview:-1\" \/>\n<link rel=\"canonical\" href=\"https:\/\/fundacion-biodiversidad.es\/en\/actualidad_home\/one-million-climate-commitments-road-to-cop21-in-paris\/\" \/>\n<meta property=\"og:locale\" content=\"en_US\" \/>\n<meta property=\"og:type\" content=\"article\" \/>\n<meta property=\"og:title\" content=\"One Million Climate Commitments - Road to COP21 in Paris - Fundaci\u00f3n Biodiversidad\" \/>\n<meta property=\"og:description\" content=\"The Minister of Agriculture, Food and the Environment, Isabel Garc\u00eda Tejerina, today presented the project &#8220;One million commitments for the Climate &#8211; Road to COP21 [&hellip;]\" \/>\n<meta property=\"og:url\" content=\"https:\/\/fundacion-biodiversidad.es\/en\/actualidad_home\/one-million-climate-commitments-road-to-cop21-in-paris\/\" \/>\n<meta property=\"og:site_name\" content=\"Fundaci\u00f3n Biodiversidad\" \/>\n<meta property=\"og:image\" content=\"https:\/\/fundacion-biodiversidad.es\/wp-content\/uploads\/2023\/01\/2487661294_35330241_720x405.png\" \/>\n\t<meta property=\"og:image:width\" content=\"720\" \/>\n\t<meta property=\"og:image:height\" content=\"405\" \/>\n\t<meta property=\"og:image:type\" content=\"image\/png\" \/>\n<meta name=\"twitter:card\" content=\"summary_large_image\" \/>\n<meta name=\"twitter:label1\" content=\"Est. reading time\" \/>\n\t<meta name=\"twitter:data1\" content=\"3 minutes\" \/>\n<script type=\"application\/ld+json\" class=\"yoast-schema-graph\">{\"@context\":\"https:\/\/schema.org\",\"@graph\":[{\"@type\":\"WebPage\",\"@id\":\"https:\/\/fundacion-biodiversidad.es\/en\/actualidad_home\/one-million-climate-commitments-road-to-cop21-in-paris\/\",\"url\":\"https:\/\/fundacion-biodiversidad.es\/en\/actualidad_home\/one-million-climate-commitments-road-to-cop21-in-paris\/\",\"name\":\"One Million Climate Commitments - Road to COP21 in Paris - Fundaci\u00f3n Biodiversidad\",\"isPartOf\":{\"@id\":\"https:\/\/fundacion-biodiversidad.es\/en\/#website\"},\"primaryImageOfPage\":{\"@id\":\"https:\/\/fundacion-biodiversidad.es\/en\/actualidad_home\/one-million-climate-commitments-road-to-cop21-in-paris\/#primaryimage\"},\"image\":{\"@id\":\"https:\/\/fundacion-biodiversidad.es\/en\/actualidad_home\/one-million-climate-commitments-road-to-cop21-in-paris\/#primaryimage\"},\"thumbnailUrl\":\"https:\/\/fundacion-biodiversidad.es\/wp-content\/uploads\/2015\/06\/garciatejerinaunmillonporelclima2_tcm7-384154_noticia.jpg\",\"datePublished\":\"2015-06-03T11:59:42+00:00\",\"breadcrumb\":{\"@id\":\"https:\/\/fundacion-biodiversidad.es\/en\/actualidad_home\/one-million-climate-commitments-road-to-cop21-in-paris\/#breadcrumb\"},\"inLanguage\":\"en-US\",\"potentialAction\":[{\"@type\":\"ReadAction\",\"target\":[\"https:\/\/fundacion-biodiversidad.es\/en\/actualidad_home\/one-million-climate-commitments-road-to-cop21-in-paris\/\"]}]},{\"@type\":\"ImageObject\",\"inLanguage\":\"en-US\",\"@id\":\"https:\/\/fundacion-biodiversidad.es\/en\/actualidad_home\/one-million-climate-commitments-road-to-cop21-in-paris\/#primaryimage\",\"url\":\"https:\/\/fundacion-biodiversidad.es\/wp-content\/uploads\/2015\/06\/garciatejerinaunmillonporelclima2_tcm7-384154_noticia.jpg\",\"contentUrl\":\"https:\/\/fundacion-biodiversidad.es\/wp-content\/uploads\/2015\/06\/garciatejerinaunmillonporelclima2_tcm7-384154_noticia.jpg\",\"width\":1024,\"height\":678},{\"@type\":\"BreadcrumbList\",\"@id\":\"https:\/\/fundacion-biodiversidad.es\/en\/actualidad_home\/one-million-climate-commitments-road-to-cop21-in-paris\/#breadcrumb\",\"itemListElement\":[{\"@type\":\"ListItem\",\"position\":1,\"name\":\"Portada\",\"item\":\"https:\/\/fundacion-biodiversidad.es\/en\/inicio\/\"},{\"@type\":\"ListItem\",\"position\":2,\"name\":\"Noticias de actualidad\",\"item\":\"https:\/\/fundacion-biodiversidad.es\/en\/actualidad_home\/\"},{\"@type\":\"ListItem\",\"position\":3,\"name\":\"One Million Climate Commitments &#8211; Road to COP21 in Paris\"}]},{\"@type\":\"WebSite\",\"@id\":\"https:\/\/fundacion-biodiversidad.es\/en\/#website\",\"url\":\"https:\/\/fundacion-biodiversidad.es\/en\/\",\"name\":\"Fundaci\u00f3n Biodiversidad\",\"description\":\"Fundaci\u00f3n p\u00fablica adscrita al Ministerio para la Transici\u00f3n Ecol\u00f3gica\",\"potentialAction\":[{\"@type\":\"SearchAction\",\"target\":{\"@type\":\"EntryPoint\",\"urlTemplate\":\"https:\/\/fundacion-biodiversidad.es\/en\/?s={search_term_string}\"},\"query-input\":{\"@type\":\"PropertyValueSpecification\",\"valueRequired\":true,\"valueName\":\"search_term_string\"}}],\"inLanguage\":\"en-US\"}]}<\/script>\n<!-- \/ Yoast SEO plugin. -->","yoast_head_json":{"title":"One Million Climate Commitments - Road to COP21 in Paris - Fundaci\u00f3n Biodiversidad","robots":{"index":"index","follow":"follow","max-snippet":"max-snippet:-1","max-image-preview":"max-image-preview:large","max-video-preview":"max-video-preview:-1"},"canonical":"https:\/\/fundacion-biodiversidad.es\/en\/actualidad_home\/one-million-climate-commitments-road-to-cop21-in-paris\/","og_locale":"en_US","og_type":"article","og_title":"One Million Climate Commitments - Road to COP21 in Paris - Fundaci\u00f3n Biodiversidad","og_description":"The Minister of Agriculture, Food and the Environment, Isabel Garc\u00eda Tejerina, today presented the project &#8220;One million commitments for the Climate &#8211; Road to COP21 [&hellip;]","og_url":"https:\/\/fundacion-biodiversidad.es\/en\/actualidad_home\/one-million-climate-commitments-road-to-cop21-in-paris\/","og_site_name":"Fundaci\u00f3n Biodiversidad","og_image":[{"width":720,"height":405,"url":"https:\/\/fundacion-biodiversidad.es\/wp-content\/uploads\/2023\/01\/2487661294_35330241_720x405.png","type":"image\/png"}],"twitter_card":"summary_large_image","twitter_misc":{"Est. reading time":"3 minutes"},"schema":{"@context":"https:\/\/schema.org","@graph":[{"@type":"WebPage","@id":"https:\/\/fundacion-biodiversidad.es\/en\/actualidad_home\/one-million-climate-commitments-road-to-cop21-in-paris\/","url":"https:\/\/fundacion-biodiversidad.es\/en\/actualidad_home\/one-million-climate-commitments-road-to-cop21-in-paris\/","name":"One Million Climate Commitments - Road to COP21 in Paris - Fundaci\u00f3n Biodiversidad","isPartOf":{"@id":"https:\/\/fundacion-biodiversidad.es\/en\/#website"},"primaryImageOfPage":{"@id":"https:\/\/fundacion-biodiversidad.es\/en\/actualidad_home\/one-million-climate-commitments-road-to-cop21-in-paris\/#primaryimage"},"image":{"@id":"https:\/\/fundacion-biodiversidad.es\/en\/actualidad_home\/one-million-climate-commitments-road-to-cop21-in-paris\/#primaryimage"},"thumbnailUrl":"https:\/\/fundacion-biodiversidad.es\/wp-content\/uploads\/2015\/06\/garciatejerinaunmillonporelclima2_tcm7-384154_noticia.jpg","datePublished":"2015-06-03T11:59:42+00:00","breadcrumb":{"@id":"https:\/\/fundacion-biodiversidad.es\/en\/actualidad_home\/one-million-climate-commitments-road-to-cop21-in-paris\/#breadcrumb"},"inLanguage":"en-US","potentialAction":[{"@type":"ReadAction","target":["https:\/\/fundacion-biodiversidad.es\/en\/actualidad_home\/one-million-climate-commitments-road-to-cop21-in-paris\/"]}]},{"@type":"ImageObject","inLanguage":"en-US","@id":"https:\/\/fundacion-biodiversidad.es\/en\/actualidad_home\/one-million-climate-commitments-road-to-cop21-in-paris\/#primaryimage","url":"https:\/\/fundacion-biodiversidad.es\/wp-content\/uploads\/2015\/06\/garciatejerinaunmillonporelclima2_tcm7-384154_noticia.jpg","contentUrl":"https:\/\/fundacion-biodiversidad.es\/wp-content\/uploads\/2015\/06\/garciatejerinaunmillonporelclima2_tcm7-384154_noticia.jpg","width":1024,"height":678},{"@type":"BreadcrumbList","@id":"https:\/\/fundacion-biodiversidad.es\/en\/actualidad_home\/one-million-climate-commitments-road-to-cop21-in-paris\/#breadcrumb","itemListElement":[{"@type":"ListItem","position":1,"name":"Portada","item":"https:\/\/fundacion-biodiversidad.es\/en\/inicio\/"},{"@type":"ListItem","position":2,"name":"Noticias de actualidad","item":"https:\/\/fundacion-biodiversidad.es\/en\/actualidad_home\/"},{"@type":"ListItem","position":3,"name":"One Million Climate Commitments &#8211; Road to COP21 in Paris"}]},{"@type":"WebSite","@id":"https:\/\/fundacion-biodiversidad.es\/en\/#website","url":"https:\/\/fundacion-biodiversidad.es\/en\/","name":"Fundaci\u00f3n Biodiversidad","description":"Fundaci\u00f3n p\u00fablica adscrita al Ministerio para la Transici\u00f3n Ecol\u00f3gica","potentialAction":[{"@type":"SearchAction","target":{"@type":"EntryPoint","urlTemplate":"https:\/\/fundacion-biodiversidad.es\/en\/?s={search_term_string}"},"query-input":{"@type":"PropertyValueSpecification","valueRequired":true,"valueName":"search_term_string"}}],"inLanguage":"en-US"}]}},"_links":{"self":[{"href":"https:\/\/fundacion-biodiversidad.es\/en\/wp-json\/wp\/v2\/actualidad_home\/97857892","targetHints":{"allow":["GET"]}}],"collection":[{"href":"https:\/\/fundacion-biodiversidad.es\/en\/wp-json\/wp\/v2\/actualidad_home"}],"about":[{"href":"https:\/\/fundacion-biodiversidad.es\/en\/wp-json\/wp\/v2\/types\/actualidad_home"}],"author":[{"embeddable":true,"href":"https:\/\/fundacion-biodiversidad.es\/en\/wp-json\/wp\/v2\/users\/11"}],"wp:featuredmedia":[{"embeddable":true,"href":"https:\/\/fundacion-biodiversidad.es\/en\/wp-json\/wp\/v2\/media\/35581"}],"wp:attachment":[{"href":"https:\/\/fundacion-biodiversidad.es\/en\/wp-json\/wp\/v2\/media?parent=97857892"}],"wp:term":[{"taxonomy":"palabras_clave","embeddable":true,"href":"https:\/\/fundacion-biodiversidad.es\/en\/wp-json\/wp\/v2\/palabras_clave?post=97857892"}],"curies":[{"name":"wp","href":"https:\/\/api.w.org\/{rel}","templated":true}]}}