{"id":97857893,"date":"2015-05-26T11:38:40","date_gmt":"2015-05-26T09:38:40","guid":{"rendered":"https:\/\/fundacion-biodiversidad.es\/actualidad_home\/eco-recinnova-training-programme-kicks-off-in-madrid\/"},"modified":"2015-05-26T11:38:40","modified_gmt":"2015-05-26T09:38:40","slug":"eco-recinnova-training-programme-kicks-off-in-madrid","status":"publish","type":"actualidad_home","link":"https:\/\/fundacion-biodiversidad.es\/en\/actualidad_home\/eco-recinnova-training-programme-kicks-off-in-madrid\/","title":{"rendered":"Eco-Recinnova training programme kicks off in Madrid"},"content":{"rendered":"<p>The <a href=\"http:\/\/www.redemprendeverde.es\/pg\/news\/admin\/read\/59012\/Todo%20listo%20para%20el%20programa%20de%20formaci%C3%B3n%20y%20mentoring%20del%20Programa%20emprendeverde%20Eco-Recinnova\/\" rel=\"nofollow noopener\" target=\"_blank\">free Eco-Recinnova training programme<\/a> promoted by the <strong>Emprendeverde Network of the Biodiversity Foundation of the Ministry of Agriculture, Food and the Environment<\/strong>, has started today with the aim of supporting green entrepreneurs so that they can launch new business projects linked to recycling and eco-design, as well as so that they can grow and consolidate.  offering them training in key areas.<br \/>\n&nbsp;<br \/>  This <strong>training, which will last until Thursday 28th<\/strong>, has the development of 4 modules in which an introduction to Design Thinking and marketing for entrepreneurs will be taught; as well as notions of eco-innovation, eco-design and recycling, and financing and investment of startups.<br \/>\n&nbsp;<br \/>  This program, which will be taught by IE Business School professors Daniel Soriano and Conchita Gald\u00f3n, and which will also have the director of <a href=\"http:\/\/ecologing.es\/\" rel=\"nofollow noopener\" target=\"_blank\">Ecologing<\/a> as a specialized trainer for the eco-innovation module, Nicola Cerantola, seeks to make new business projects a reality and make newly created companies grow.<br \/>\n&nbsp;<br \/>  In addition, <strong>on May 26, 27 and 28, when the training will be held<\/strong> from 9 a.m. to 7 p.m. at IE Business School&#8217;s Madrid campus, there will also be the participation of consolidated green companies, such as <a href=\"http:\/\/ecoalf.com\/\" rel=\"nofollow noopener\" target=\"_blank\">Ecoalf<\/a> and <a href=\"http:\/\/cartonlab.com\/\" rel=\"nofollow noopener\" target=\"_blank\">Cartonlab<\/a>, which will share their entrepreneurial experience with the attendees.<br \/>\n&nbsp;<br \/>\n<strong>The programme is aimed at members of the <a href=\"http:\/\/www.redemprendeverde.es\/\" target=\"_blank\" rel=\"noopener\">Emprendeverde Network<\/a><\/strong>, co-financed by the European Social Fund, who want to become future entrepreneurs or young micro-enterprises and SMEs with a maximum of one year&#8217;s experience, who develop initiatives or want to create new lines of business linked to the environment.<\/p>\n<p>After the training, five viable projects will be selected from among the participants, which will be part of the Eco-Recinnova mentoring programme, offering them individualised and specialised support in the creation of green companies.<\/p>\n<p> The Eco-Recinnova programme is a cycle of activities, developed in collaboration with <a href=\"https:\/\/www.ecoembes.com\/es\" rel=\"nofollow noopener\" target=\"_blank\">Ecoembes<\/a>, which aims to promote the creation and consolidation of companies or new lines of business in the field of Ecodesign and Recycling.<\/p>\n","protected":false},"author":11,"featured_media":35575,"template":"","meta":{"_acf_changed":false},"palabras_clave":[78,56,55,59],"class_list":["post-97857893","actualidad_home","type-actualidad_home","status-publish","has-post-thumbnail","hentry","palabras_clave-empleaverde","palabras_clave-empleo-verde","palabras_clave-emprendimiento","palabras_clave-red-emprendeverde"],"acf":[],"yoast_head":"<!-- This site is optimized with the Yoast SEO plugin v26.9 - https:\/\/yoast.com\/product\/yoast-seo-wordpress\/ -->\n<title>Eco-Recinnova training programme kicks off in Madrid - Fundaci\u00f3n Biodiversidad<\/title>\n<meta name=\"robots\" content=\"index, follow, max-snippet:-1, max-image-preview:large, max-video-preview:-1\" \/>\n<link rel=\"canonical\" href=\"https:\/\/fundacion-biodiversidad.es\/en\/actualidad_home\/eco-recinnova-training-programme-kicks-off-in-madrid\/\" \/>\n<meta property=\"og:locale\" content=\"en_US\" \/>\n<meta property=\"og:type\" content=\"article\" \/>\n<meta property=\"og:title\" content=\"Eco-Recinnova training programme kicks off in Madrid - Fundaci\u00f3n Biodiversidad\" \/>\n<meta property=\"og:description\" content=\"The free Eco-Recinnova training programme promoted by the Emprendeverde Network of the Biodiversity Foundation of the Ministry of Agriculture, Food and the Environment, has started [&hellip;]\" \/>\n<meta property=\"og:url\" content=\"https:\/\/fundacion-biodiversidad.es\/en\/actualidad_home\/eco-recinnova-training-programme-kicks-off-in-madrid\/\" \/>\n<meta property=\"og:site_name\" content=\"Fundaci\u00f3n Biodiversidad\" \/>\n<meta property=\"og:image\" content=\"https:\/\/fundacion-biodiversidad.es\/wp-content\/uploads\/2023\/01\/2487661294_35330241_720x405.png\" \/>\n\t<meta property=\"og:image:width\" content=\"720\" \/>\n\t<meta property=\"og:image:height\" content=\"405\" \/>\n\t<meta property=\"og:image:type\" content=\"image\/png\" \/>\n<meta name=\"twitter:card\" content=\"summary_large_image\" \/>\n<meta name=\"twitter:label1\" content=\"Est. reading time\" \/>\n\t<meta name=\"twitter:data1\" content=\"2 minutes\" \/>\n<script type=\"application\/ld+json\" class=\"yoast-schema-graph\">{\"@context\":\"https:\/\/schema.org\",\"@graph\":[{\"@type\":\"WebPage\",\"@id\":\"https:\/\/fundacion-biodiversidad.es\/en\/actualidad_home\/eco-recinnova-training-programme-kicks-off-in-madrid\/\",\"url\":\"https:\/\/fundacion-biodiversidad.es\/en\/actualidad_home\/eco-recinnova-training-programme-kicks-off-in-madrid\/\",\"name\":\"Eco-Recinnova training programme kicks off in Madrid - Fundaci\u00f3n Biodiversidad\",\"isPartOf\":{\"@id\":\"https:\/\/fundacion-biodiversidad.es\/en\/#website\"},\"primaryImageOfPage\":{\"@id\":\"https:\/\/fundacion-biodiversidad.es\/en\/actualidad_home\/eco-recinnova-training-programme-kicks-off-in-madrid\/#primaryimage\"},\"image\":{\"@id\":\"https:\/\/fundacion-biodiversidad.es\/en\/actualidad_home\/eco-recinnova-training-programme-kicks-off-in-madrid\/#primaryimage\"},\"thumbnailUrl\":\"https:\/\/fundacion-biodiversidad.es\/wp-content\/uploads\/2015\/05\/formacion_emprendedores.jpg\",\"datePublished\":\"2015-05-26T09:38:40+00:00\",\"breadcrumb\":{\"@id\":\"https:\/\/fundacion-biodiversidad.es\/en\/actualidad_home\/eco-recinnova-training-programme-kicks-off-in-madrid\/#breadcrumb\"},\"inLanguage\":\"en-US\",\"potentialAction\":[{\"@type\":\"ReadAction\",\"target\":[\"https:\/\/fundacion-biodiversidad.es\/en\/actualidad_home\/eco-recinnova-training-programme-kicks-off-in-madrid\/\"]}]},{\"@type\":\"ImageObject\",\"inLanguage\":\"en-US\",\"@id\":\"https:\/\/fundacion-biodiversidad.es\/en\/actualidad_home\/eco-recinnova-training-programme-kicks-off-in-madrid\/#primaryimage\",\"url\":\"https:\/\/fundacion-biodiversidad.es\/wp-content\/uploads\/2015\/05\/formacion_emprendedores.jpg\",\"contentUrl\":\"https:\/\/fundacion-biodiversidad.es\/wp-content\/uploads\/2015\/05\/formacion_emprendedores.jpg\",\"width\":1271,\"height\":767},{\"@type\":\"BreadcrumbList\",\"@id\":\"https:\/\/fundacion-biodiversidad.es\/en\/actualidad_home\/eco-recinnova-training-programme-kicks-off-in-madrid\/#breadcrumb\",\"itemListElement\":[{\"@type\":\"ListItem\",\"position\":1,\"name\":\"Portada\",\"item\":\"https:\/\/fundacion-biodiversidad.es\/en\/inicio\/\"},{\"@type\":\"ListItem\",\"position\":2,\"name\":\"Noticias de actualidad\",\"item\":\"https:\/\/fundacion-biodiversidad.es\/en\/actualidad_home\/\"},{\"@type\":\"ListItem\",\"position\":3,\"name\":\"Eco-Recinnova training programme kicks off in Madrid\"}]},{\"@type\":\"WebSite\",\"@id\":\"https:\/\/fundacion-biodiversidad.es\/en\/#website\",\"url\":\"https:\/\/fundacion-biodiversidad.es\/en\/\",\"name\":\"Fundaci\u00f3n Biodiversidad\",\"description\":\"Fundaci\u00f3n p\u00fablica adscrita al Ministerio para la Transici\u00f3n Ecol\u00f3gica\",\"potentialAction\":[{\"@type\":\"SearchAction\",\"target\":{\"@type\":\"EntryPoint\",\"urlTemplate\":\"https:\/\/fundacion-biodiversidad.es\/en\/?s={search_term_string}\"},\"query-input\":{\"@type\":\"PropertyValueSpecification\",\"valueRequired\":true,\"valueName\":\"search_term_string\"}}],\"inLanguage\":\"en-US\"}]}<\/script>\n<!-- \/ Yoast SEO plugin. -->","yoast_head_json":{"title":"Eco-Recinnova training programme kicks off in Madrid - Fundaci\u00f3n Biodiversidad","robots":{"index":"index","follow":"follow","max-snippet":"max-snippet:-1","max-image-preview":"max-image-preview:large","max-video-preview":"max-video-preview:-1"},"canonical":"https:\/\/fundacion-biodiversidad.es\/en\/actualidad_home\/eco-recinnova-training-programme-kicks-off-in-madrid\/","og_locale":"en_US","og_type":"article","og_title":"Eco-Recinnova training programme kicks off in Madrid - Fundaci\u00f3n Biodiversidad","og_description":"The free Eco-Recinnova training programme promoted by the Emprendeverde Network of the Biodiversity Foundation of the Ministry of Agriculture, Food and the Environment, has started [&hellip;]","og_url":"https:\/\/fundacion-biodiversidad.es\/en\/actualidad_home\/eco-recinnova-training-programme-kicks-off-in-madrid\/","og_site_name":"Fundaci\u00f3n Biodiversidad","og_image":[{"width":720,"height":405,"url":"https:\/\/fundacion-biodiversidad.es\/wp-content\/uploads\/2023\/01\/2487661294_35330241_720x405.png","type":"image\/png"}],"twitter_card":"summary_large_image","twitter_misc":{"Est. reading time":"2 minutes"},"schema":{"@context":"https:\/\/schema.org","@graph":[{"@type":"WebPage","@id":"https:\/\/fundacion-biodiversidad.es\/en\/actualidad_home\/eco-recinnova-training-programme-kicks-off-in-madrid\/","url":"https:\/\/fundacion-biodiversidad.es\/en\/actualidad_home\/eco-recinnova-training-programme-kicks-off-in-madrid\/","name":"Eco-Recinnova training programme kicks off in Madrid - Fundaci\u00f3n Biodiversidad","isPartOf":{"@id":"https:\/\/fundacion-biodiversidad.es\/en\/#website"},"primaryImageOfPage":{"@id":"https:\/\/fundacion-biodiversidad.es\/en\/actualidad_home\/eco-recinnova-training-programme-kicks-off-in-madrid\/#primaryimage"},"image":{"@id":"https:\/\/fundacion-biodiversidad.es\/en\/actualidad_home\/eco-recinnova-training-programme-kicks-off-in-madrid\/#primaryimage"},"thumbnailUrl":"https:\/\/fundacion-biodiversidad.es\/wp-content\/uploads\/2015\/05\/formacion_emprendedores.jpg","datePublished":"2015-05-26T09:38:40+00:00","breadcrumb":{"@id":"https:\/\/fundacion-biodiversidad.es\/en\/actualidad_home\/eco-recinnova-training-programme-kicks-off-in-madrid\/#breadcrumb"},"inLanguage":"en-US","potentialAction":[{"@type":"ReadAction","target":["https:\/\/fundacion-biodiversidad.es\/en\/actualidad_home\/eco-recinnova-training-programme-kicks-off-in-madrid\/"]}]},{"@type":"ImageObject","inLanguage":"en-US","@id":"https:\/\/fundacion-biodiversidad.es\/en\/actualidad_home\/eco-recinnova-training-programme-kicks-off-in-madrid\/#primaryimage","url":"https:\/\/fundacion-biodiversidad.es\/wp-content\/uploads\/2015\/05\/formacion_emprendedores.jpg","contentUrl":"https:\/\/fundacion-biodiversidad.es\/wp-content\/uploads\/2015\/05\/formacion_emprendedores.jpg","width":1271,"height":767},{"@type":"BreadcrumbList","@id":"https:\/\/fundacion-biodiversidad.es\/en\/actualidad_home\/eco-recinnova-training-programme-kicks-off-in-madrid\/#breadcrumb","itemListElement":[{"@type":"ListItem","position":1,"name":"Portada","item":"https:\/\/fundacion-biodiversidad.es\/en\/inicio\/"},{"@type":"ListItem","position":2,"name":"Noticias de actualidad","item":"https:\/\/fundacion-biodiversidad.es\/en\/actualidad_home\/"},{"@type":"ListItem","position":3,"name":"Eco-Recinnova training programme kicks off in Madrid"}]},{"@type":"WebSite","@id":"https:\/\/fundacion-biodiversidad.es\/en\/#website","url":"https:\/\/fundacion-biodiversidad.es\/en\/","name":"Fundaci\u00f3n Biodiversidad","description":"Fundaci\u00f3n p\u00fablica adscrita al Ministerio para la Transici\u00f3n Ecol\u00f3gica","potentialAction":[{"@type":"SearchAction","target":{"@type":"EntryPoint","urlTemplate":"https:\/\/fundacion-biodiversidad.es\/en\/?s={search_term_string}"},"query-input":{"@type":"PropertyValueSpecification","valueRequired":true,"valueName":"search_term_string"}}],"inLanguage":"en-US"}]}},"_links":{"self":[{"href":"https:\/\/fundacion-biodiversidad.es\/en\/wp-json\/wp\/v2\/actualidad_home\/97857893","targetHints":{"allow":["GET"]}}],"collection":[{"href":"https:\/\/fundacion-biodiversidad.es\/en\/wp-json\/wp\/v2\/actualidad_home"}],"about":[{"href":"https:\/\/fundacion-biodiversidad.es\/en\/wp-json\/wp\/v2\/types\/actualidad_home"}],"author":[{"embeddable":true,"href":"https:\/\/fundacion-biodiversidad.es\/en\/wp-json\/wp\/v2\/users\/11"}],"wp:featuredmedia":[{"embeddable":true,"href":"https:\/\/fundacion-biodiversidad.es\/en\/wp-json\/wp\/v2\/media\/35575"}],"wp:attachment":[{"href":"https:\/\/fundacion-biodiversidad.es\/en\/wp-json\/wp\/v2\/media?parent=97857893"}],"wp:term":[{"taxonomy":"palabras_clave","embeddable":true,"href":"https:\/\/fundacion-biodiversidad.es\/en\/wp-json\/wp\/v2\/palabras_clave?post=97857893"}],"curies":[{"name":"wp","href":"https:\/\/api.w.org\/{rel}","templated":true}]}}