{"id":97857894,"date":"2015-05-23T07:00:00","date_gmt":"2015-05-23T05:00:00","guid":{"rendered":"https:\/\/fundacion-biodiversidad.es\/actualidad_home\/less-than-a-month-to-participate-in-the-iv-edition-of-the-responsible-beach-bars-awards\/"},"modified":"2015-05-23T07:00:00","modified_gmt":"2015-05-23T05:00:00","slug":"less-than-a-month-to-participate-in-the-iv-edition-of-the-responsible-beach-bars-awards","status":"publish","type":"actualidad_home","link":"https:\/\/fundacion-biodiversidad.es\/en\/actualidad_home\/less-than-a-month-to-participate-in-the-iv-edition-of-the-responsible-beach-bars-awards\/","title":{"rendered":"Less than a month to participate in the IV edition of the Responsible Beach Bars Awards"},"content":{"rendered":"<p>The hospitality establishments on the beach that want to participate in the IV edition of the <strong>Responsible Beach Bars Awards<\/strong>, have until <strong>June 22<\/strong> to send their candidacy.<br \/>\n&nbsp;<br \/>  With one month to go before the registration period closes, there are many beach bars that have shown their interest in developing initiatives committed to the environment in the summer season of this 2015.<br \/>\n&nbsp;<br \/>  Among the activities that have already been developed by establishments in other editions, actions related to recycling, sustainable consumption of resources or the exchange of waste collection stand out, such as getting a free soft drink when you deliver a glass full of cigarette butts.<br \/>\n&nbsp;<br \/>  In previous years, nine beach bars have already been awarded, and five have won an award for their ideas. In addition, two more establishments have received a special mention from the jury, which recognizes their environmental and social commitment to the environment. <br \/>\n&nbsp;<br \/>  In this IV delivery of the &#8220;Responsible Beach Bar Awards&#8221; the sustainable activity of five of the participants will be recognized with an amount of 1,500 euros for each. In addition, the public, through social networks, will award one of the ten finalists with a recognition of 1,500 euros. <br \/>\n&nbsp;<\/p>\n","protected":false},"author":11,"featured_media":35574,"template":"","meta":{"_acf_changed":false},"palabras_clave":[235,99,233,236],"class_list":["post-97857894","actualidad_home","type-actualidad_home","status-publish","has-post-thumbnail","hentry","palabras_clave-chiringuito","palabras_clave-mar","palabras_clave-playa","palabras_clave-responsable"],"acf":[],"yoast_head":"<!-- This site is optimized with the Yoast SEO plugin v26.9 - https:\/\/yoast.com\/product\/yoast-seo-wordpress\/ -->\n<title>Less than a month to participate in the IV edition of the Responsible Beach Bars Awards - Fundaci\u00f3n Biodiversidad<\/title>\n<meta name=\"robots\" content=\"index, follow, max-snippet:-1, max-image-preview:large, max-video-preview:-1\" \/>\n<link rel=\"canonical\" href=\"https:\/\/fundacion-biodiversidad.es\/en\/actualidad_home\/less-than-a-month-to-participate-in-the-iv-edition-of-the-responsible-beach-bars-awards\/\" \/>\n<meta property=\"og:locale\" content=\"en_US\" \/>\n<meta property=\"og:type\" content=\"article\" \/>\n<meta property=\"og:title\" content=\"Less than a month to participate in the IV edition of the Responsible Beach Bars Awards - Fundaci\u00f3n Biodiversidad\" \/>\n<meta property=\"og:description\" content=\"The hospitality establishments on the beach that want to participate in the IV edition of the Responsible Beach Bars Awards, have until June 22 to [&hellip;]\" \/>\n<meta property=\"og:url\" content=\"https:\/\/fundacion-biodiversidad.es\/en\/actualidad_home\/less-than-a-month-to-participate-in-the-iv-edition-of-the-responsible-beach-bars-awards\/\" \/>\n<meta property=\"og:site_name\" content=\"Fundaci\u00f3n Biodiversidad\" \/>\n<meta property=\"og:image\" content=\"https:\/\/fundacion-biodiversidad.es\/wp-content\/uploads\/2023\/01\/2487661294_35330241_720x405.png\" \/>\n\t<meta property=\"og:image:width\" content=\"720\" \/>\n\t<meta property=\"og:image:height\" content=\"405\" \/>\n\t<meta property=\"og:image:type\" content=\"image\/png\" \/>\n<meta name=\"twitter:card\" content=\"summary_large_image\" \/>\n<meta name=\"twitter:label1\" content=\"Est. reading time\" \/>\n\t<meta name=\"twitter:data1\" content=\"1 minute\" \/>\n<script type=\"application\/ld+json\" class=\"yoast-schema-graph\">{\"@context\":\"https:\/\/schema.org\",\"@graph\":[{\"@type\":\"WebPage\",\"@id\":\"https:\/\/fundacion-biodiversidad.es\/en\/actualidad_home\/less-than-a-month-to-participate-in-the-iv-edition-of-the-responsible-beach-bars-awards\/\",\"url\":\"https:\/\/fundacion-biodiversidad.es\/en\/actualidad_home\/less-than-a-month-to-participate-in-the-iv-edition-of-the-responsible-beach-bars-awards\/\",\"name\":\"Less than a month to participate in the IV edition of the Responsible Beach Bars Awards - Fundaci\u00f3n Biodiversidad\",\"isPartOf\":{\"@id\":\"https:\/\/fundacion-biodiversidad.es\/en\/#website\"},\"primaryImageOfPage\":{\"@id\":\"https:\/\/fundacion-biodiversidad.es\/en\/actualidad_home\/less-than-a-month-to-participate-in-the-iv-edition-of-the-responsible-beach-bars-awards\/#primaryimage\"},\"image\":{\"@id\":\"https:\/\/fundacion-biodiversidad.es\/en\/actualidad_home\/less-than-a-month-to-participate-in-the-iv-edition-of-the-responsible-beach-bars-awards\/#primaryimage\"},\"thumbnailUrl\":\"https:\/\/fundacion-biodiversidad.es\/wp-content\/uploads\/2015\/05\/mapa-web-premiados.jpg\",\"datePublished\":\"2015-05-23T05:00:00+00:00\",\"breadcrumb\":{\"@id\":\"https:\/\/fundacion-biodiversidad.es\/en\/actualidad_home\/less-than-a-month-to-participate-in-the-iv-edition-of-the-responsible-beach-bars-awards\/#breadcrumb\"},\"inLanguage\":\"en-US\",\"potentialAction\":[{\"@type\":\"ReadAction\",\"target\":[\"https:\/\/fundacion-biodiversidad.es\/en\/actualidad_home\/less-than-a-month-to-participate-in-the-iv-edition-of-the-responsible-beach-bars-awards\/\"]}]},{\"@type\":\"ImageObject\",\"inLanguage\":\"en-US\",\"@id\":\"https:\/\/fundacion-biodiversidad.es\/en\/actualidad_home\/less-than-a-month-to-participate-in-the-iv-edition-of-the-responsible-beach-bars-awards\/#primaryimage\",\"url\":\"https:\/\/fundacion-biodiversidad.es\/wp-content\/uploads\/2015\/05\/mapa-web-premiados.jpg\",\"contentUrl\":\"https:\/\/fundacion-biodiversidad.es\/wp-content\/uploads\/2015\/05\/mapa-web-premiados.jpg\",\"width\":842,\"height\":596},{\"@type\":\"BreadcrumbList\",\"@id\":\"https:\/\/fundacion-biodiversidad.es\/en\/actualidad_home\/less-than-a-month-to-participate-in-the-iv-edition-of-the-responsible-beach-bars-awards\/#breadcrumb\",\"itemListElement\":[{\"@type\":\"ListItem\",\"position\":1,\"name\":\"Portada\",\"item\":\"https:\/\/fundacion-biodiversidad.es\/en\/inicio\/\"},{\"@type\":\"ListItem\",\"position\":2,\"name\":\"Noticias de actualidad\",\"item\":\"https:\/\/fundacion-biodiversidad.es\/en\/actualidad_home\/\"},{\"@type\":\"ListItem\",\"position\":3,\"name\":\"Less than a month to participate in the IV edition of the Responsible Beach Bars Awards\"}]},{\"@type\":\"WebSite\",\"@id\":\"https:\/\/fundacion-biodiversidad.es\/en\/#website\",\"url\":\"https:\/\/fundacion-biodiversidad.es\/en\/\",\"name\":\"Fundaci\u00f3n Biodiversidad\",\"description\":\"Fundaci\u00f3n p\u00fablica adscrita al Ministerio para la Transici\u00f3n Ecol\u00f3gica\",\"potentialAction\":[{\"@type\":\"SearchAction\",\"target\":{\"@type\":\"EntryPoint\",\"urlTemplate\":\"https:\/\/fundacion-biodiversidad.es\/en\/?s={search_term_string}\"},\"query-input\":{\"@type\":\"PropertyValueSpecification\",\"valueRequired\":true,\"valueName\":\"search_term_string\"}}],\"inLanguage\":\"en-US\"}]}<\/script>\n<!-- \/ Yoast SEO plugin. -->","yoast_head_json":{"title":"Less than a month to participate in the IV edition of the Responsible Beach Bars Awards - Fundaci\u00f3n Biodiversidad","robots":{"index":"index","follow":"follow","max-snippet":"max-snippet:-1","max-image-preview":"max-image-preview:large","max-video-preview":"max-video-preview:-1"},"canonical":"https:\/\/fundacion-biodiversidad.es\/en\/actualidad_home\/less-than-a-month-to-participate-in-the-iv-edition-of-the-responsible-beach-bars-awards\/","og_locale":"en_US","og_type":"article","og_title":"Less than a month to participate in the IV edition of the Responsible Beach Bars Awards - Fundaci\u00f3n Biodiversidad","og_description":"The hospitality establishments on the beach that want to participate in the IV edition of the Responsible Beach Bars Awards, have until June 22 to [&hellip;]","og_url":"https:\/\/fundacion-biodiversidad.es\/en\/actualidad_home\/less-than-a-month-to-participate-in-the-iv-edition-of-the-responsible-beach-bars-awards\/","og_site_name":"Fundaci\u00f3n Biodiversidad","og_image":[{"width":720,"height":405,"url":"https:\/\/fundacion-biodiversidad.es\/wp-content\/uploads\/2023\/01\/2487661294_35330241_720x405.png","type":"image\/png"}],"twitter_card":"summary_large_image","twitter_misc":{"Est. reading time":"1 minute"},"schema":{"@context":"https:\/\/schema.org","@graph":[{"@type":"WebPage","@id":"https:\/\/fundacion-biodiversidad.es\/en\/actualidad_home\/less-than-a-month-to-participate-in-the-iv-edition-of-the-responsible-beach-bars-awards\/","url":"https:\/\/fundacion-biodiversidad.es\/en\/actualidad_home\/less-than-a-month-to-participate-in-the-iv-edition-of-the-responsible-beach-bars-awards\/","name":"Less than a month to participate in the IV edition of the Responsible Beach Bars Awards - Fundaci\u00f3n Biodiversidad","isPartOf":{"@id":"https:\/\/fundacion-biodiversidad.es\/en\/#website"},"primaryImageOfPage":{"@id":"https:\/\/fundacion-biodiversidad.es\/en\/actualidad_home\/less-than-a-month-to-participate-in-the-iv-edition-of-the-responsible-beach-bars-awards\/#primaryimage"},"image":{"@id":"https:\/\/fundacion-biodiversidad.es\/en\/actualidad_home\/less-than-a-month-to-participate-in-the-iv-edition-of-the-responsible-beach-bars-awards\/#primaryimage"},"thumbnailUrl":"https:\/\/fundacion-biodiversidad.es\/wp-content\/uploads\/2015\/05\/mapa-web-premiados.jpg","datePublished":"2015-05-23T05:00:00+00:00","breadcrumb":{"@id":"https:\/\/fundacion-biodiversidad.es\/en\/actualidad_home\/less-than-a-month-to-participate-in-the-iv-edition-of-the-responsible-beach-bars-awards\/#breadcrumb"},"inLanguage":"en-US","potentialAction":[{"@type":"ReadAction","target":["https:\/\/fundacion-biodiversidad.es\/en\/actualidad_home\/less-than-a-month-to-participate-in-the-iv-edition-of-the-responsible-beach-bars-awards\/"]}]},{"@type":"ImageObject","inLanguage":"en-US","@id":"https:\/\/fundacion-biodiversidad.es\/en\/actualidad_home\/less-than-a-month-to-participate-in-the-iv-edition-of-the-responsible-beach-bars-awards\/#primaryimage","url":"https:\/\/fundacion-biodiversidad.es\/wp-content\/uploads\/2015\/05\/mapa-web-premiados.jpg","contentUrl":"https:\/\/fundacion-biodiversidad.es\/wp-content\/uploads\/2015\/05\/mapa-web-premiados.jpg","width":842,"height":596},{"@type":"BreadcrumbList","@id":"https:\/\/fundacion-biodiversidad.es\/en\/actualidad_home\/less-than-a-month-to-participate-in-the-iv-edition-of-the-responsible-beach-bars-awards\/#breadcrumb","itemListElement":[{"@type":"ListItem","position":1,"name":"Portada","item":"https:\/\/fundacion-biodiversidad.es\/en\/inicio\/"},{"@type":"ListItem","position":2,"name":"Noticias de actualidad","item":"https:\/\/fundacion-biodiversidad.es\/en\/actualidad_home\/"},{"@type":"ListItem","position":3,"name":"Less than a month to participate in the IV edition of the Responsible Beach Bars Awards"}]},{"@type":"WebSite","@id":"https:\/\/fundacion-biodiversidad.es\/en\/#website","url":"https:\/\/fundacion-biodiversidad.es\/en\/","name":"Fundaci\u00f3n Biodiversidad","description":"Fundaci\u00f3n p\u00fablica adscrita al Ministerio para la Transici\u00f3n Ecol\u00f3gica","potentialAction":[{"@type":"SearchAction","target":{"@type":"EntryPoint","urlTemplate":"https:\/\/fundacion-biodiversidad.es\/en\/?s={search_term_string}"},"query-input":{"@type":"PropertyValueSpecification","valueRequired":true,"valueName":"search_term_string"}}],"inLanguage":"en-US"}]}},"_links":{"self":[{"href":"https:\/\/fundacion-biodiversidad.es\/en\/wp-json\/wp\/v2\/actualidad_home\/97857894","targetHints":{"allow":["GET"]}}],"collection":[{"href":"https:\/\/fundacion-biodiversidad.es\/en\/wp-json\/wp\/v2\/actualidad_home"}],"about":[{"href":"https:\/\/fundacion-biodiversidad.es\/en\/wp-json\/wp\/v2\/types\/actualidad_home"}],"author":[{"embeddable":true,"href":"https:\/\/fundacion-biodiversidad.es\/en\/wp-json\/wp\/v2\/users\/11"}],"wp:featuredmedia":[{"embeddable":true,"href":"https:\/\/fundacion-biodiversidad.es\/en\/wp-json\/wp\/v2\/media\/35574"}],"wp:attachment":[{"href":"https:\/\/fundacion-biodiversidad.es\/en\/wp-json\/wp\/v2\/media?parent=97857894"}],"wp:term":[{"taxonomy":"palabras_clave","embeddable":true,"href":"https:\/\/fundacion-biodiversidad.es\/en\/wp-json\/wp\/v2\/palabras_clave?post=97857894"}],"curies":[{"name":"wp","href":"https:\/\/api.w.org\/{rel}","templated":true}]}}