{"id":97857895,"date":"2015-05-15T13:00:00","date_gmt":"2015-05-15T11:00:00","guid":{"rendered":"https:\/\/fundacion-biodiversidad.es\/actualidad_home\/we-participate-in-the-largest-social-entrepreneurship-meeting-held-in-spain\/"},"modified":"2015-05-15T13:00:00","modified_gmt":"2015-05-15T11:00:00","slug":"we-participate-in-the-largest-social-entrepreneurship-meeting-held-in-spain","status":"publish","type":"actualidad_home","link":"https:\/\/fundacion-biodiversidad.es\/en\/actualidad_home\/we-participate-in-the-largest-social-entrepreneurship-meeting-held-in-spain\/","title":{"rendered":"We participate in the largest social entrepreneurship meeting held in Spain"},"content":{"rendered":"<p>The <strong>&#8216;<a href=\"http:\/\/www.elhueco.org\/socialmeeting\/\" rel=\"nofollow noopener\" target=\"_blank\">European Social Entrepreneurship and Social Finance Spring Meeting&#8217;<\/a><\/strong>, which is held in Soria on 14 and 15 May, aims to publicise actions that are carried out for the development of <strong>social entrepreneurship <\/strong>through promotion, support and networking sessions.<br \/>\n&nbsp;<br \/>  The aim of this congress, which is attended by the director of the Biodiversity Foundation of the Ministry of Agriculture, Food and the Environment, <strong>Sonia Casta\u00f1eda<\/strong>, is to serve as a meeting point between the different actors that shape the social entrepreneurship movement in Europe, especially in Spain, to promote the transmission of knowledge between the different attendees.<br \/>\n&nbsp;<br \/>  Among the projects of the Biodiversity Foundation related to entrepreneurship, the <a href=\"http:\/\/empleaverde.es\/\" rel=\"nofollow noopener\" target=\"_blank\"><strong>Empleaverde Program<\/strong> <\/a>stands out, which has allowed the training of more than 60,000 people and the creation of 1,100 companies and 1,500 new lines of business in economic sectors linked to the environment. Also the <a href=\"http:\/\/www.redemprendeverde.es\/\" rel=\"nofollow noopener\" target=\"_blank\"><strong>Emprendeverde Network<\/strong>,<\/a> which already has more than 7,000 members and is the first platform aimed at entrepreneurs and investors specialized in green business. <br \/>\n&nbsp;<br \/>  During these days, new <strong>methods and solutions are proposed to the obstacles that social entrepreneurship has to<\/strong> face within the European Union. Thus, special interest is placed on the importance of analysing the different financing channels available to Spanish entrepreneurs and the tools that are being developed. <br \/>\n&nbsp;<br \/>  Also participating in this conference are the Deputy Director General of the La Caixa Foundation, Albert Soria, the executive head of the Social Entrepreneurship programme of the Generalitat de Catalunya, Maravillas Rojo; the co-founder of UEIA, Catalina Parra; the director of social responsibility and institutional sponsors of BBVA, Lidia del Pozo; and Francesc Ventura, representing the social programme for entrepreneurs of the La Caixa Foundation.<br \/>\n&nbsp;<\/p>\n","protected":false},"author":11,"featured_media":35568,"template":"","meta":{"_acf_changed":false},"palabras_clave":[54,55,34,132,59],"class_list":["post-97857895","actualidad_home","type-actualidad_home","status-publish","has-post-thumbnail","hentry","palabras_clave-economia-verde","palabras_clave-emprendimiento","palabras_clave-fundacion-biodiversidad","palabras_clave-programa-empleaverde","palabras_clave-red-emprendeverde"],"acf":[],"yoast_head":"<!-- This site is optimized with the Yoast SEO plugin v26.9 - https:\/\/yoast.com\/product\/yoast-seo-wordpress\/ -->\n<title>We participate in the largest social entrepreneurship meeting held in Spain - Fundaci\u00f3n Biodiversidad<\/title>\n<meta name=\"robots\" content=\"index, follow, max-snippet:-1, max-image-preview:large, max-video-preview:-1\" \/>\n<link rel=\"canonical\" href=\"https:\/\/fundacion-biodiversidad.es\/en\/actualidad_home\/we-participate-in-the-largest-social-entrepreneurship-meeting-held-in-spain\/\" \/>\n<meta property=\"og:locale\" content=\"en_US\" \/>\n<meta property=\"og:type\" content=\"article\" \/>\n<meta property=\"og:title\" content=\"We participate in the largest social entrepreneurship meeting held in Spain - Fundaci\u00f3n Biodiversidad\" \/>\n<meta property=\"og:description\" content=\"The &#8216;European Social Entrepreneurship and Social Finance Spring Meeting&#8217;, which is held in Soria on 14 and 15 May, aims to publicise actions that are [&hellip;]\" \/>\n<meta property=\"og:url\" content=\"https:\/\/fundacion-biodiversidad.es\/en\/actualidad_home\/we-participate-in-the-largest-social-entrepreneurship-meeting-held-in-spain\/\" \/>\n<meta property=\"og:site_name\" content=\"Fundaci\u00f3n Biodiversidad\" \/>\n<meta property=\"og:image\" content=\"https:\/\/fundacion-biodiversidad.es\/wp-content\/uploads\/2023\/01\/2487661294_35330241_720x405.png\" \/>\n\t<meta property=\"og:image:width\" content=\"720\" \/>\n\t<meta property=\"og:image:height\" content=\"405\" \/>\n\t<meta property=\"og:image:type\" content=\"image\/png\" \/>\n<meta name=\"twitter:card\" content=\"summary_large_image\" \/>\n<meta name=\"twitter:label1\" content=\"Est. reading time\" \/>\n\t<meta name=\"twitter:data1\" content=\"1 minute\" \/>\n<script type=\"application\/ld+json\" class=\"yoast-schema-graph\">{\"@context\":\"https:\/\/schema.org\",\"@graph\":[{\"@type\":\"WebPage\",\"@id\":\"https:\/\/fundacion-biodiversidad.es\/en\/actualidad_home\/we-participate-in-the-largest-social-entrepreneurship-meeting-held-in-spain\/\",\"url\":\"https:\/\/fundacion-biodiversidad.es\/en\/actualidad_home\/we-participate-in-the-largest-social-entrepreneurship-meeting-held-in-spain\/\",\"name\":\"We participate in the largest social entrepreneurship meeting held in Spain - Fundaci\u00f3n Biodiversidad\",\"isPartOf\":{\"@id\":\"https:\/\/fundacion-biodiversidad.es\/en\/#website\"},\"primaryImageOfPage\":{\"@id\":\"https:\/\/fundacion-biodiversidad.es\/en\/actualidad_home\/we-participate-in-the-largest-social-entrepreneurship-meeting-held-in-spain\/#primaryimage\"},\"image\":{\"@id\":\"https:\/\/fundacion-biodiversidad.es\/en\/actualidad_home\/we-participate-in-the-largest-social-entrepreneurship-meeting-held-in-spain\/#primaryimage\"},\"thumbnailUrl\":\"https:\/\/fundacion-biodiversidad.es\/wp-content\/uploads\/2015\/05\/reunion_emprendedores_sociales_soria.jpg\",\"datePublished\":\"2015-05-15T11:00:00+00:00\",\"breadcrumb\":{\"@id\":\"https:\/\/fundacion-biodiversidad.es\/en\/actualidad_home\/we-participate-in-the-largest-social-entrepreneurship-meeting-held-in-spain\/#breadcrumb\"},\"inLanguage\":\"en-US\",\"potentialAction\":[{\"@type\":\"ReadAction\",\"target\":[\"https:\/\/fundacion-biodiversidad.es\/en\/actualidad_home\/we-participate-in-the-largest-social-entrepreneurship-meeting-held-in-spain\/\"]}]},{\"@type\":\"ImageObject\",\"inLanguage\":\"en-US\",\"@id\":\"https:\/\/fundacion-biodiversidad.es\/en\/actualidad_home\/we-participate-in-the-largest-social-entrepreneurship-meeting-held-in-spain\/#primaryimage\",\"url\":\"https:\/\/fundacion-biodiversidad.es\/wp-content\/uploads\/2015\/05\/reunion_emprendedores_sociales_soria.jpg\",\"contentUrl\":\"https:\/\/fundacion-biodiversidad.es\/wp-content\/uploads\/2015\/05\/reunion_emprendedores_sociales_soria.jpg\",\"width\":2126,\"height\":2080},{\"@type\":\"BreadcrumbList\",\"@id\":\"https:\/\/fundacion-biodiversidad.es\/en\/actualidad_home\/we-participate-in-the-largest-social-entrepreneurship-meeting-held-in-spain\/#breadcrumb\",\"itemListElement\":[{\"@type\":\"ListItem\",\"position\":1,\"name\":\"Portada\",\"item\":\"https:\/\/fundacion-biodiversidad.es\/en\/inicio\/\"},{\"@type\":\"ListItem\",\"position\":2,\"name\":\"Noticias de actualidad\",\"item\":\"https:\/\/fundacion-biodiversidad.es\/en\/actualidad_home\/\"},{\"@type\":\"ListItem\",\"position\":3,\"name\":\"We participate in the largest social entrepreneurship meeting held in Spain\"}]},{\"@type\":\"WebSite\",\"@id\":\"https:\/\/fundacion-biodiversidad.es\/en\/#website\",\"url\":\"https:\/\/fundacion-biodiversidad.es\/en\/\",\"name\":\"Fundaci\u00f3n Biodiversidad\",\"description\":\"Fundaci\u00f3n p\u00fablica adscrita al Ministerio para la Transici\u00f3n Ecol\u00f3gica\",\"potentialAction\":[{\"@type\":\"SearchAction\",\"target\":{\"@type\":\"EntryPoint\",\"urlTemplate\":\"https:\/\/fundacion-biodiversidad.es\/en\/?s={search_term_string}\"},\"query-input\":{\"@type\":\"PropertyValueSpecification\",\"valueRequired\":true,\"valueName\":\"search_term_string\"}}],\"inLanguage\":\"en-US\"}]}<\/script>\n<!-- \/ Yoast SEO plugin. -->","yoast_head_json":{"title":"We participate in the largest social entrepreneurship meeting held in Spain - Fundaci\u00f3n Biodiversidad","robots":{"index":"index","follow":"follow","max-snippet":"max-snippet:-1","max-image-preview":"max-image-preview:large","max-video-preview":"max-video-preview:-1"},"canonical":"https:\/\/fundacion-biodiversidad.es\/en\/actualidad_home\/we-participate-in-the-largest-social-entrepreneurship-meeting-held-in-spain\/","og_locale":"en_US","og_type":"article","og_title":"We participate in the largest social entrepreneurship meeting held in Spain - Fundaci\u00f3n Biodiversidad","og_description":"The &#8216;European Social Entrepreneurship and Social Finance Spring Meeting&#8217;, which is held in Soria on 14 and 15 May, aims to publicise actions that are [&hellip;]","og_url":"https:\/\/fundacion-biodiversidad.es\/en\/actualidad_home\/we-participate-in-the-largest-social-entrepreneurship-meeting-held-in-spain\/","og_site_name":"Fundaci\u00f3n Biodiversidad","og_image":[{"width":720,"height":405,"url":"https:\/\/fundacion-biodiversidad.es\/wp-content\/uploads\/2023\/01\/2487661294_35330241_720x405.png","type":"image\/png"}],"twitter_card":"summary_large_image","twitter_misc":{"Est. reading time":"1 minute"},"schema":{"@context":"https:\/\/schema.org","@graph":[{"@type":"WebPage","@id":"https:\/\/fundacion-biodiversidad.es\/en\/actualidad_home\/we-participate-in-the-largest-social-entrepreneurship-meeting-held-in-spain\/","url":"https:\/\/fundacion-biodiversidad.es\/en\/actualidad_home\/we-participate-in-the-largest-social-entrepreneurship-meeting-held-in-spain\/","name":"We participate in the largest social entrepreneurship meeting held in Spain - Fundaci\u00f3n Biodiversidad","isPartOf":{"@id":"https:\/\/fundacion-biodiversidad.es\/en\/#website"},"primaryImageOfPage":{"@id":"https:\/\/fundacion-biodiversidad.es\/en\/actualidad_home\/we-participate-in-the-largest-social-entrepreneurship-meeting-held-in-spain\/#primaryimage"},"image":{"@id":"https:\/\/fundacion-biodiversidad.es\/en\/actualidad_home\/we-participate-in-the-largest-social-entrepreneurship-meeting-held-in-spain\/#primaryimage"},"thumbnailUrl":"https:\/\/fundacion-biodiversidad.es\/wp-content\/uploads\/2015\/05\/reunion_emprendedores_sociales_soria.jpg","datePublished":"2015-05-15T11:00:00+00:00","breadcrumb":{"@id":"https:\/\/fundacion-biodiversidad.es\/en\/actualidad_home\/we-participate-in-the-largest-social-entrepreneurship-meeting-held-in-spain\/#breadcrumb"},"inLanguage":"en-US","potentialAction":[{"@type":"ReadAction","target":["https:\/\/fundacion-biodiversidad.es\/en\/actualidad_home\/we-participate-in-the-largest-social-entrepreneurship-meeting-held-in-spain\/"]}]},{"@type":"ImageObject","inLanguage":"en-US","@id":"https:\/\/fundacion-biodiversidad.es\/en\/actualidad_home\/we-participate-in-the-largest-social-entrepreneurship-meeting-held-in-spain\/#primaryimage","url":"https:\/\/fundacion-biodiversidad.es\/wp-content\/uploads\/2015\/05\/reunion_emprendedores_sociales_soria.jpg","contentUrl":"https:\/\/fundacion-biodiversidad.es\/wp-content\/uploads\/2015\/05\/reunion_emprendedores_sociales_soria.jpg","width":2126,"height":2080},{"@type":"BreadcrumbList","@id":"https:\/\/fundacion-biodiversidad.es\/en\/actualidad_home\/we-participate-in-the-largest-social-entrepreneurship-meeting-held-in-spain\/#breadcrumb","itemListElement":[{"@type":"ListItem","position":1,"name":"Portada","item":"https:\/\/fundacion-biodiversidad.es\/en\/inicio\/"},{"@type":"ListItem","position":2,"name":"Noticias de actualidad","item":"https:\/\/fundacion-biodiversidad.es\/en\/actualidad_home\/"},{"@type":"ListItem","position":3,"name":"We participate in the largest social entrepreneurship meeting held in Spain"}]},{"@type":"WebSite","@id":"https:\/\/fundacion-biodiversidad.es\/en\/#website","url":"https:\/\/fundacion-biodiversidad.es\/en\/","name":"Fundaci\u00f3n Biodiversidad","description":"Fundaci\u00f3n p\u00fablica adscrita al Ministerio para la Transici\u00f3n Ecol\u00f3gica","potentialAction":[{"@type":"SearchAction","target":{"@type":"EntryPoint","urlTemplate":"https:\/\/fundacion-biodiversidad.es\/en\/?s={search_term_string}"},"query-input":{"@type":"PropertyValueSpecification","valueRequired":true,"valueName":"search_term_string"}}],"inLanguage":"en-US"}]}},"_links":{"self":[{"href":"https:\/\/fundacion-biodiversidad.es\/en\/wp-json\/wp\/v2\/actualidad_home\/97857895","targetHints":{"allow":["GET"]}}],"collection":[{"href":"https:\/\/fundacion-biodiversidad.es\/en\/wp-json\/wp\/v2\/actualidad_home"}],"about":[{"href":"https:\/\/fundacion-biodiversidad.es\/en\/wp-json\/wp\/v2\/types\/actualidad_home"}],"author":[{"embeddable":true,"href":"https:\/\/fundacion-biodiversidad.es\/en\/wp-json\/wp\/v2\/users\/11"}],"wp:featuredmedia":[{"embeddable":true,"href":"https:\/\/fundacion-biodiversidad.es\/en\/wp-json\/wp\/v2\/media\/35568"}],"wp:attachment":[{"href":"https:\/\/fundacion-biodiversidad.es\/en\/wp-json\/wp\/v2\/media?parent=97857895"}],"wp:term":[{"taxonomy":"palabras_clave","embeddable":true,"href":"https:\/\/fundacion-biodiversidad.es\/en\/wp-json\/wp\/v2\/palabras_clave?post=97857895"}],"curies":[{"name":"wp","href":"https:\/\/api.w.org\/{rel}","templated":true}]}}