{"id":97857896,"date":"2015-05-22T11:34:14","date_gmt":"2015-05-22T09:34:14","guid":{"rendered":"https:\/\/fundacion-biodiversidad.es\/actualidad_home\/we-celebrate-the-international-day-for-biological-diversity\/"},"modified":"2015-05-22T11:34:14","modified_gmt":"2015-05-22T09:34:14","slug":"we-celebrate-the-international-day-for-biological-diversity","status":"publish","type":"actualidad_home","link":"https:\/\/fundacion-biodiversidad.es\/en\/actualidad_home\/we-celebrate-the-international-day-for-biological-diversity\/","title":{"rendered":"We celebrate the International Day for Biological Diversity"},"content":{"rendered":"<p>The Biodiversity Foundation of the Ministry of Agriculture, Food and the Environment, joins today the celebration <strong>of the International Day for Biological Diversity<\/strong>, which this year focuses on how biodiversity is vital for sustainable development.<br \/>\n&nbsp;<br \/>  The Foundation coordinates and supports various projects aimed at maintaining our natural capital. In the field of marine and coastal biodiversity, the <a href=\"http:\/\/www.indemares.es\/\" target=\"_blank\" rel=\"noopener\"><strong>LIFE+ Indemares<\/strong><\/a> project has made it possible to increase the surface area of the Natura 2000 Network in the marine area in Spain by 73,000 km2, ensuring that more than 8% of our seas are protected. For its part, the <a href=\"http:\/\/ecosafimed.eu\/es\" target=\"_blank\" rel=\"noopener\"><strong>ENPI-ECOSAFIMED<\/strong><\/a> project promotes the conservation of ecosystems and sustainable artisanal fishing in the Mediterranean basin.  <br \/>\n&nbsp;<br \/>  In terms of terrestrial biodiversity, the Biodiversity Foundation works to protect ecosystems and the species that inhabit them through its own projects such as <a href=\"http:\/\/www.lifedesman.es\/\" target=\"_blank\" rel=\"noopener\"><strong>LIFE+ Desmania<\/strong><\/a>, aimed at the recovery of the Iberian desman and its habitat in Castilla y Le\u00f3n and Extremadura, or <a href=\"http:\/\/lifeurogallo.es\/\" target=\"_blank\" rel=\"noopener\"><strong>the LIFE+ Cantabrian Capercaillie<\/strong><\/a>, whose goal is to halt the decline of the populations of this species and improve the conservation of its habitat.<br \/>\n&nbsp;<br \/>  In addition, through its call for grants, the Biodiversity Foundation collaborates in the fight for the conservation of 14 other species, such as the bearded vulture, the Cantabrian bear, the lesser shrike, the goatherd vole, the dusky anteater, the otter, the kite, the emberiza bird schoeniclus lusitanica, the Bonelli&#8217;s eagle, the Atlantic sturgeon, the black vulture,  the Moorish tortoise, the migratory fish of the Ebro River or the perennial plant rumex rupestris, an endangered species.<br \/>\n&nbsp;<br \/>  In terms of climate change and the improvement of environmental quality, the Biodiversity Foundation is also committed to mitigating CO2 emissions, reducing the carbon footprint and energy efficiency. In this area, it supports projects such as the <a href=\"http:\/\/www.adaptecca.es\/\" target=\"_blank\" rel=\"noopener\"><strong>AdapteCCa<\/strong><\/a> Platform, for the exchange and consultation of information on adaptation to climate change, or the <a href=\"http:\/\/fundacion-biodiversidad.es\/cambio-climatico-y-calidad-ambiental\/proyectos-propios\/red-de-seguimiento-del-cambio-global-en-la\" target=\"_blank\" rel=\"noopener\"><strong>Global Change Monitoring Network in the Network of National Parks<\/strong><\/a>. <br \/>\n&nbsp;<br \/>  Another area in which the Biodiversity Foundation places special interest is dedicated to the green economy, in which it works to support entrepreneurship and employment in the environmental sector through the <strong>Empleaverde Programme <\/strong>and the <a href=\"http:\/\/www.redemprendeverde.es\/\" target=\"_blank\" rel=\"noopener\"><strong>Emprendeverde Network<\/strong><\/a>.<br \/>\n&nbsp;<br \/>  Through the latter, which already has more than 7,000 members, the Biodiversity Foundation supports new businesses compatible with sustainable development, an objective that has also led it to launch projects such as the <a href=\"http:\/\/ieeb.fundacion-biodiversidad.es\/\" target=\"_blank\" rel=\"noopener\"><strong>Spanish Business and Biodiversity Initiative<\/strong><\/a> (IEEB), whose objective is to promote, together with the business sector, economic development compatible with the conservation of biodiversity.<br \/>\n&nbsp;<\/p>\n","protected":false},"author":11,"featured_media":35573,"template":"","meta":{"_acf_changed":false},"palabras_clave":[35,245,246,72],"class_list":["post-97857896","actualidad_home","type-actualidad_home","status-publish","has-post-thumbnail","hentry","palabras_clave-biodiversidad","palabras_clave-dia-internacional","palabras_clave-diversidad","palabras_clave-sostenible"],"acf":[],"yoast_head":"<!-- This site is optimized with the Yoast SEO plugin v26.9 - https:\/\/yoast.com\/product\/yoast-seo-wordpress\/ -->\n<title>We celebrate the International Day for Biological Diversity - Fundaci\u00f3n Biodiversidad<\/title>\n<meta name=\"robots\" content=\"index, follow, max-snippet:-1, max-image-preview:large, max-video-preview:-1\" \/>\n<link rel=\"canonical\" href=\"https:\/\/fundacion-biodiversidad.es\/en\/actualidad_home\/we-celebrate-the-international-day-for-biological-diversity\/\" \/>\n<meta property=\"og:locale\" content=\"en_US\" \/>\n<meta property=\"og:type\" content=\"article\" \/>\n<meta property=\"og:title\" content=\"We celebrate the International Day for Biological Diversity - Fundaci\u00f3n Biodiversidad\" \/>\n<meta property=\"og:description\" content=\"The Biodiversity Foundation of the Ministry of Agriculture, Food and the Environment, joins today the celebration of the International Day for Biological Diversity, which this [&hellip;]\" \/>\n<meta property=\"og:url\" content=\"https:\/\/fundacion-biodiversidad.es\/en\/actualidad_home\/we-celebrate-the-international-day-for-biological-diversity\/\" \/>\n<meta property=\"og:site_name\" content=\"Fundaci\u00f3n Biodiversidad\" \/>\n<meta property=\"og:image\" content=\"https:\/\/fundacion-biodiversidad.es\/wp-content\/uploads\/2023\/01\/2487661294_35330241_720x405.png\" \/>\n\t<meta property=\"og:image:width\" content=\"720\" \/>\n\t<meta property=\"og:image:height\" content=\"405\" \/>\n\t<meta property=\"og:image:type\" content=\"image\/png\" \/>\n<meta name=\"twitter:card\" content=\"summary_large_image\" \/>\n<meta name=\"twitter:label1\" content=\"Est. reading time\" \/>\n\t<meta name=\"twitter:data1\" content=\"2 minutes\" \/>\n<script type=\"application\/ld+json\" class=\"yoast-schema-graph\">{\"@context\":\"https:\/\/schema.org\",\"@graph\":[{\"@type\":\"WebPage\",\"@id\":\"https:\/\/fundacion-biodiversidad.es\/en\/actualidad_home\/we-celebrate-the-international-day-for-biological-diversity\/\",\"url\":\"https:\/\/fundacion-biodiversidad.es\/en\/actualidad_home\/we-celebrate-the-international-day-for-biological-diversity\/\",\"name\":\"We celebrate the International Day for Biological Diversity - Fundaci\u00f3n Biodiversidad\",\"isPartOf\":{\"@id\":\"https:\/\/fundacion-biodiversidad.es\/en\/#website\"},\"primaryImageOfPage\":{\"@id\":\"https:\/\/fundacion-biodiversidad.es\/en\/actualidad_home\/we-celebrate-the-international-day-for-biological-diversity\/#primaryimage\"},\"image\":{\"@id\":\"https:\/\/fundacion-biodiversidad.es\/en\/actualidad_home\/we-celebrate-the-international-day-for-biological-diversity\/#primaryimage\"},\"thumbnailUrl\":\"https:\/\/fundacion-biodiversidad.es\/wp-content\/uploads\/2015\/05\/dia_diversidad_biologica-scaled.jpg\",\"datePublished\":\"2015-05-22T09:34:14+00:00\",\"breadcrumb\":{\"@id\":\"https:\/\/fundacion-biodiversidad.es\/en\/actualidad_home\/we-celebrate-the-international-day-for-biological-diversity\/#breadcrumb\"},\"inLanguage\":\"en-US\",\"potentialAction\":[{\"@type\":\"ReadAction\",\"target\":[\"https:\/\/fundacion-biodiversidad.es\/en\/actualidad_home\/we-celebrate-the-international-day-for-biological-diversity\/\"]}]},{\"@type\":\"ImageObject\",\"inLanguage\":\"en-US\",\"@id\":\"https:\/\/fundacion-biodiversidad.es\/en\/actualidad_home\/we-celebrate-the-international-day-for-biological-diversity\/#primaryimage\",\"url\":\"https:\/\/fundacion-biodiversidad.es\/wp-content\/uploads\/2015\/05\/dia_diversidad_biologica-scaled.jpg\",\"contentUrl\":\"https:\/\/fundacion-biodiversidad.es\/wp-content\/uploads\/2015\/05\/dia_diversidad_biologica-scaled.jpg\",\"width\":2560,\"height\":1701},{\"@type\":\"BreadcrumbList\",\"@id\":\"https:\/\/fundacion-biodiversidad.es\/en\/actualidad_home\/we-celebrate-the-international-day-for-biological-diversity\/#breadcrumb\",\"itemListElement\":[{\"@type\":\"ListItem\",\"position\":1,\"name\":\"Portada\",\"item\":\"https:\/\/fundacion-biodiversidad.es\/en\/inicio\/\"},{\"@type\":\"ListItem\",\"position\":2,\"name\":\"Noticias de actualidad\",\"item\":\"https:\/\/fundacion-biodiversidad.es\/en\/actualidad_home\/\"},{\"@type\":\"ListItem\",\"position\":3,\"name\":\"We celebrate the International Day for Biological Diversity\"}]},{\"@type\":\"WebSite\",\"@id\":\"https:\/\/fundacion-biodiversidad.es\/en\/#website\",\"url\":\"https:\/\/fundacion-biodiversidad.es\/en\/\",\"name\":\"Fundaci\u00f3n Biodiversidad\",\"description\":\"Fundaci\u00f3n p\u00fablica adscrita al Ministerio para la Transici\u00f3n Ecol\u00f3gica\",\"potentialAction\":[{\"@type\":\"SearchAction\",\"target\":{\"@type\":\"EntryPoint\",\"urlTemplate\":\"https:\/\/fundacion-biodiversidad.es\/en\/?s={search_term_string}\"},\"query-input\":{\"@type\":\"PropertyValueSpecification\",\"valueRequired\":true,\"valueName\":\"search_term_string\"}}],\"inLanguage\":\"en-US\"}]}<\/script>\n<!-- \/ Yoast SEO plugin. -->","yoast_head_json":{"title":"We celebrate the International Day for Biological Diversity - Fundaci\u00f3n Biodiversidad","robots":{"index":"index","follow":"follow","max-snippet":"max-snippet:-1","max-image-preview":"max-image-preview:large","max-video-preview":"max-video-preview:-1"},"canonical":"https:\/\/fundacion-biodiversidad.es\/en\/actualidad_home\/we-celebrate-the-international-day-for-biological-diversity\/","og_locale":"en_US","og_type":"article","og_title":"We celebrate the International Day for Biological Diversity - Fundaci\u00f3n Biodiversidad","og_description":"The Biodiversity Foundation of the Ministry of Agriculture, Food and the Environment, joins today the celebration of the International Day for Biological Diversity, which this [&hellip;]","og_url":"https:\/\/fundacion-biodiversidad.es\/en\/actualidad_home\/we-celebrate-the-international-day-for-biological-diversity\/","og_site_name":"Fundaci\u00f3n Biodiversidad","og_image":[{"width":720,"height":405,"url":"https:\/\/fundacion-biodiversidad.es\/wp-content\/uploads\/2023\/01\/2487661294_35330241_720x405.png","type":"image\/png"}],"twitter_card":"summary_large_image","twitter_misc":{"Est. reading time":"2 minutes"},"schema":{"@context":"https:\/\/schema.org","@graph":[{"@type":"WebPage","@id":"https:\/\/fundacion-biodiversidad.es\/en\/actualidad_home\/we-celebrate-the-international-day-for-biological-diversity\/","url":"https:\/\/fundacion-biodiversidad.es\/en\/actualidad_home\/we-celebrate-the-international-day-for-biological-diversity\/","name":"We celebrate the International Day for Biological Diversity - Fundaci\u00f3n Biodiversidad","isPartOf":{"@id":"https:\/\/fundacion-biodiversidad.es\/en\/#website"},"primaryImageOfPage":{"@id":"https:\/\/fundacion-biodiversidad.es\/en\/actualidad_home\/we-celebrate-the-international-day-for-biological-diversity\/#primaryimage"},"image":{"@id":"https:\/\/fundacion-biodiversidad.es\/en\/actualidad_home\/we-celebrate-the-international-day-for-biological-diversity\/#primaryimage"},"thumbnailUrl":"https:\/\/fundacion-biodiversidad.es\/wp-content\/uploads\/2015\/05\/dia_diversidad_biologica-scaled.jpg","datePublished":"2015-05-22T09:34:14+00:00","breadcrumb":{"@id":"https:\/\/fundacion-biodiversidad.es\/en\/actualidad_home\/we-celebrate-the-international-day-for-biological-diversity\/#breadcrumb"},"inLanguage":"en-US","potentialAction":[{"@type":"ReadAction","target":["https:\/\/fundacion-biodiversidad.es\/en\/actualidad_home\/we-celebrate-the-international-day-for-biological-diversity\/"]}]},{"@type":"ImageObject","inLanguage":"en-US","@id":"https:\/\/fundacion-biodiversidad.es\/en\/actualidad_home\/we-celebrate-the-international-day-for-biological-diversity\/#primaryimage","url":"https:\/\/fundacion-biodiversidad.es\/wp-content\/uploads\/2015\/05\/dia_diversidad_biologica-scaled.jpg","contentUrl":"https:\/\/fundacion-biodiversidad.es\/wp-content\/uploads\/2015\/05\/dia_diversidad_biologica-scaled.jpg","width":2560,"height":1701},{"@type":"BreadcrumbList","@id":"https:\/\/fundacion-biodiversidad.es\/en\/actualidad_home\/we-celebrate-the-international-day-for-biological-diversity\/#breadcrumb","itemListElement":[{"@type":"ListItem","position":1,"name":"Portada","item":"https:\/\/fundacion-biodiversidad.es\/en\/inicio\/"},{"@type":"ListItem","position":2,"name":"Noticias de actualidad","item":"https:\/\/fundacion-biodiversidad.es\/en\/actualidad_home\/"},{"@type":"ListItem","position":3,"name":"We celebrate the International Day for Biological Diversity"}]},{"@type":"WebSite","@id":"https:\/\/fundacion-biodiversidad.es\/en\/#website","url":"https:\/\/fundacion-biodiversidad.es\/en\/","name":"Fundaci\u00f3n Biodiversidad","description":"Fundaci\u00f3n p\u00fablica adscrita al Ministerio para la Transici\u00f3n Ecol\u00f3gica","potentialAction":[{"@type":"SearchAction","target":{"@type":"EntryPoint","urlTemplate":"https:\/\/fundacion-biodiversidad.es\/en\/?s={search_term_string}"},"query-input":{"@type":"PropertyValueSpecification","valueRequired":true,"valueName":"search_term_string"}}],"inLanguage":"en-US"}]}},"_links":{"self":[{"href":"https:\/\/fundacion-biodiversidad.es\/en\/wp-json\/wp\/v2\/actualidad_home\/97857896","targetHints":{"allow":["GET"]}}],"collection":[{"href":"https:\/\/fundacion-biodiversidad.es\/en\/wp-json\/wp\/v2\/actualidad_home"}],"about":[{"href":"https:\/\/fundacion-biodiversidad.es\/en\/wp-json\/wp\/v2\/types\/actualidad_home"}],"author":[{"embeddable":true,"href":"https:\/\/fundacion-biodiversidad.es\/en\/wp-json\/wp\/v2\/users\/11"}],"wp:featuredmedia":[{"embeddable":true,"href":"https:\/\/fundacion-biodiversidad.es\/en\/wp-json\/wp\/v2\/media\/35573"}],"wp:attachment":[{"href":"https:\/\/fundacion-biodiversidad.es\/en\/wp-json\/wp\/v2\/media?parent=97857896"}],"wp:term":[{"taxonomy":"palabras_clave","embeddable":true,"href":"https:\/\/fundacion-biodiversidad.es\/en\/wp-json\/wp\/v2\/palabras_clave?post=97857896"}],"curies":[{"name":"wp","href":"https:\/\/api.w.org\/{rel}","templated":true}]}}