{"id":97857897,"date":"2015-05-08T11:51:19","date_gmt":"2015-05-08T09:51:19","guid":{"rendered":"https:\/\/fundacion-biodiversidad.es\/actualidad_home\/initiatives-to-be-a-responsible-beach-bar\/"},"modified":"2015-05-08T11:51:19","modified_gmt":"2015-05-08T09:51:19","slug":"initiatives-to-be-a-responsible-beach-bar","status":"publish","type":"actualidad_home","link":"https:\/\/fundacion-biodiversidad.es\/en\/actualidad_home\/initiatives-to-be-a-responsible-beach-bar\/","title":{"rendered":"Initiatives to be a responsible beach bar"},"content":{"rendered":"<p>The fourth edition of the <a href=\"http:\/\/chiringuitosyvoluntarios.es\/premios-chiringuitos-responsables\/\" target=\"_blank\" rel=\"noopener\"><strong>&#8220;Responsible Beach Bars Awards&#8221;,<\/strong><\/a> an initiative promoted by the Biodiversity Foundation of the Ministry of Agriculture, Food and the Environment, maintains the objective of promoting the <strong>development of activities that promote the care of the environment and sustainable business activity<\/strong> in hospitality establishments on the beach.<br \/>\n&nbsp;<br \/>  The activities, developed with the dual objective of turning these establishments into responsible beach bars and protecting, in turn, the coastal areas, are divided into categories focused on <strong>customer awareness, adaptation of environments, training of employees and dealing with suppliers<\/strong>.<br \/>\n&nbsp;<br \/>  Within each of them, different initiatives can be carried out in order to save water and energy, reuse waste and achieve a social and environmental commitment. Thus, actions such as the use of taps with diffusers or cisterns with controlled discharge, the installation of solar panels, the use of sunlight or LED lighting stand out. <br \/>\n&nbsp;<br \/>  The <a href=\"http:\/\/chiringuitosyvoluntarios.es\/wp-content\/uploads\/2014\/10\/Premiados-2014.pdf\" target=\"_blank\" rel=\"noopener\"><strong>beach bar &#8216;Bonavida&#8217;<\/strong><\/a>, in Alicante, awarded in the last edition of these awards, launched an initiative that made mobile chargers with renewable energies available to its customers and <a href=\"http:\/\/chiringuitosyvoluntarios.es\/wp-content\/uploads\/2014\/06\/Premiados-2012.pdf\" target=\"_blank\" rel=\"noopener\"><strong>&#8216;ElXiringo! del Prat&#8217;<\/strong><\/a>, in Barcelona, awarded in the first edition, carried out exchange campaigns in which it gave a soft drink for each glass full of cigarette butts.<br \/>\n&nbsp;<br \/>  In addition, these establishments are committed to the development of a sustainable activity that encourages the consumption of local organic products, the use of containers for the selective recycling of waste and the employment of vulnerable groups.<br \/>\n&nbsp;<br \/>  Thus, the <a href=\"http:\/\/chiringuitosyvoluntarios.es\/wp-content\/uploads\/2014\/06\/Premiados-2013.pdf\" target=\"_blank\" rel=\"noopener\"><strong>&#8216;Kiosko Bit\u00e1kora&#8217;<\/strong><\/a>, in Murcia, awarded in the second edition, makes natural soap with recycled oil through a certified company and <a href=\"http:\/\/chiringuitosyvoluntarios.es\/wp-content\/uploads\/2014\/06\/Premiados-2013.pdf\" target=\"_blank\" rel=\"noopener\"><strong>&#8216;La Moraga&#8217;<\/strong><\/a>, in Almeria, also awarded in the second edition, maintains a social commitment to local employment by hiring personnel from the area and at risk of exclusion.<br \/>\n&nbsp;<br \/>  Beach bars interested in participating in this year&#8217;s edition <a href=\"http:\/\/chiringuitosyvoluntarios.es\/wp-content\/uploads\/2015\/04\/formularios-online.pdf\" target=\"_blank\" rel=\"noopener\"><strong>can submit their applications before June 22<\/strong><\/a>. To do this, they must adhere to the <a href=\"http:\/\/chiringuitosyvoluntarios.es\/wp-content\/uploads\/2015\/04\/decalogo-ampliado-.pdf\" target=\"_blank\" rel=\"noopener\"><strong>Decalogue of Good Environmental Practices<\/strong><\/a>, a commitment to which <strong>640 beach bars throughout Spain<\/strong> have already adhered. <br \/>\n&nbsp;<\/p>\n","protected":false},"author":11,"featured_media":35567,"template":"","meta":{"_acf_changed":false},"palabras_clave":[235,237,99,118,236,72],"class_list":["post-97857897","actualidad_home","type-actualidad_home","status-publish","has-post-thumbnail","hentry","palabras_clave-chiringuito","palabras_clave-costa","palabras_clave-mar","palabras_clave-playas","palabras_clave-responsable","palabras_clave-sostenible"],"acf":[],"yoast_head":"<!-- This site is optimized with the Yoast SEO plugin v26.9 - https:\/\/yoast.com\/product\/yoast-seo-wordpress\/ -->\n<title>Initiatives to be a responsible beach bar - Fundaci\u00f3n Biodiversidad<\/title>\n<meta name=\"robots\" content=\"index, follow, max-snippet:-1, max-image-preview:large, max-video-preview:-1\" \/>\n<link rel=\"canonical\" href=\"https:\/\/fundacion-biodiversidad.es\/en\/actualidad_home\/initiatives-to-be-a-responsible-beach-bar\/\" \/>\n<meta property=\"og:locale\" content=\"en_US\" \/>\n<meta property=\"og:type\" content=\"article\" \/>\n<meta property=\"og:title\" content=\"Initiatives to be a responsible beach bar - Fundaci\u00f3n Biodiversidad\" \/>\n<meta property=\"og:description\" content=\"The fourth edition of the &#8220;Responsible Beach Bars Awards&#8221;, an initiative promoted by the Biodiversity Foundation of the Ministry of Agriculture, Food and the Environment, [&hellip;]\" \/>\n<meta property=\"og:url\" content=\"https:\/\/fundacion-biodiversidad.es\/en\/actualidad_home\/initiatives-to-be-a-responsible-beach-bar\/\" \/>\n<meta property=\"og:site_name\" content=\"Fundaci\u00f3n Biodiversidad\" \/>\n<meta property=\"og:image\" content=\"https:\/\/fundacion-biodiversidad.es\/wp-content\/uploads\/2023\/01\/2487661294_35330241_720x405.png\" \/>\n\t<meta property=\"og:image:width\" content=\"720\" \/>\n\t<meta property=\"og:image:height\" content=\"405\" \/>\n\t<meta property=\"og:image:type\" content=\"image\/png\" \/>\n<meta name=\"twitter:card\" content=\"summary_large_image\" \/>\n<meta name=\"twitter:label1\" content=\"Est. reading time\" \/>\n\t<meta name=\"twitter:data1\" content=\"2 minutes\" \/>\n<script type=\"application\/ld+json\" class=\"yoast-schema-graph\">{\"@context\":\"https:\/\/schema.org\",\"@graph\":[{\"@type\":\"WebPage\",\"@id\":\"https:\/\/fundacion-biodiversidad.es\/en\/actualidad_home\/initiatives-to-be-a-responsible-beach-bar\/\",\"url\":\"https:\/\/fundacion-biodiversidad.es\/en\/actualidad_home\/initiatives-to-be-a-responsible-beach-bar\/\",\"name\":\"Initiatives to be a responsible beach bar - Fundaci\u00f3n Biodiversidad\",\"isPartOf\":{\"@id\":\"https:\/\/fundacion-biodiversidad.es\/en\/#website\"},\"primaryImageOfPage\":{\"@id\":\"https:\/\/fundacion-biodiversidad.es\/en\/actualidad_home\/initiatives-to-be-a-responsible-beach-bar\/#primaryimage\"},\"image\":{\"@id\":\"https:\/\/fundacion-biodiversidad.es\/en\/actualidad_home\/initiatives-to-be-a-responsible-beach-bar\/#primaryimage\"},\"thumbnailUrl\":\"https:\/\/fundacion-biodiversidad.es\/wp-content\/uploads\/2015\/05\/acc_responsables_chiringuitos-scaled.jpg\",\"datePublished\":\"2015-05-08T09:51:19+00:00\",\"breadcrumb\":{\"@id\":\"https:\/\/fundacion-biodiversidad.es\/en\/actualidad_home\/initiatives-to-be-a-responsible-beach-bar\/#breadcrumb\"},\"inLanguage\":\"en-US\",\"potentialAction\":[{\"@type\":\"ReadAction\",\"target\":[\"https:\/\/fundacion-biodiversidad.es\/en\/actualidad_home\/initiatives-to-be-a-responsible-beach-bar\/\"]}]},{\"@type\":\"ImageObject\",\"inLanguage\":\"en-US\",\"@id\":\"https:\/\/fundacion-biodiversidad.es\/en\/actualidad_home\/initiatives-to-be-a-responsible-beach-bar\/#primaryimage\",\"url\":\"https:\/\/fundacion-biodiversidad.es\/wp-content\/uploads\/2015\/05\/acc_responsables_chiringuitos-scaled.jpg\",\"contentUrl\":\"https:\/\/fundacion-biodiversidad.es\/wp-content\/uploads\/2015\/05\/acc_responsables_chiringuitos-scaled.jpg\",\"width\":1811,\"height\":2560},{\"@type\":\"BreadcrumbList\",\"@id\":\"https:\/\/fundacion-biodiversidad.es\/en\/actualidad_home\/initiatives-to-be-a-responsible-beach-bar\/#breadcrumb\",\"itemListElement\":[{\"@type\":\"ListItem\",\"position\":1,\"name\":\"Portada\",\"item\":\"https:\/\/fundacion-biodiversidad.es\/en\/inicio\/\"},{\"@type\":\"ListItem\",\"position\":2,\"name\":\"Noticias de actualidad\",\"item\":\"https:\/\/fundacion-biodiversidad.es\/en\/actualidad_home\/\"},{\"@type\":\"ListItem\",\"position\":3,\"name\":\"Initiatives to be a responsible beach bar\"}]},{\"@type\":\"WebSite\",\"@id\":\"https:\/\/fundacion-biodiversidad.es\/en\/#website\",\"url\":\"https:\/\/fundacion-biodiversidad.es\/en\/\",\"name\":\"Fundaci\u00f3n Biodiversidad\",\"description\":\"Fundaci\u00f3n p\u00fablica adscrita al Ministerio para la Transici\u00f3n Ecol\u00f3gica\",\"potentialAction\":[{\"@type\":\"SearchAction\",\"target\":{\"@type\":\"EntryPoint\",\"urlTemplate\":\"https:\/\/fundacion-biodiversidad.es\/en\/?s={search_term_string}\"},\"query-input\":{\"@type\":\"PropertyValueSpecification\",\"valueRequired\":true,\"valueName\":\"search_term_string\"}}],\"inLanguage\":\"en-US\"}]}<\/script>\n<!-- \/ Yoast SEO plugin. -->","yoast_head_json":{"title":"Initiatives to be a responsible beach bar - Fundaci\u00f3n Biodiversidad","robots":{"index":"index","follow":"follow","max-snippet":"max-snippet:-1","max-image-preview":"max-image-preview:large","max-video-preview":"max-video-preview:-1"},"canonical":"https:\/\/fundacion-biodiversidad.es\/en\/actualidad_home\/initiatives-to-be-a-responsible-beach-bar\/","og_locale":"en_US","og_type":"article","og_title":"Initiatives to be a responsible beach bar - Fundaci\u00f3n Biodiversidad","og_description":"The fourth edition of the &#8220;Responsible Beach Bars Awards&#8221;, an initiative promoted by the Biodiversity Foundation of the Ministry of Agriculture, Food and the Environment, [&hellip;]","og_url":"https:\/\/fundacion-biodiversidad.es\/en\/actualidad_home\/initiatives-to-be-a-responsible-beach-bar\/","og_site_name":"Fundaci\u00f3n Biodiversidad","og_image":[{"width":720,"height":405,"url":"https:\/\/fundacion-biodiversidad.es\/wp-content\/uploads\/2023\/01\/2487661294_35330241_720x405.png","type":"image\/png"}],"twitter_card":"summary_large_image","twitter_misc":{"Est. reading time":"2 minutes"},"schema":{"@context":"https:\/\/schema.org","@graph":[{"@type":"WebPage","@id":"https:\/\/fundacion-biodiversidad.es\/en\/actualidad_home\/initiatives-to-be-a-responsible-beach-bar\/","url":"https:\/\/fundacion-biodiversidad.es\/en\/actualidad_home\/initiatives-to-be-a-responsible-beach-bar\/","name":"Initiatives to be a responsible beach bar - Fundaci\u00f3n Biodiversidad","isPartOf":{"@id":"https:\/\/fundacion-biodiversidad.es\/en\/#website"},"primaryImageOfPage":{"@id":"https:\/\/fundacion-biodiversidad.es\/en\/actualidad_home\/initiatives-to-be-a-responsible-beach-bar\/#primaryimage"},"image":{"@id":"https:\/\/fundacion-biodiversidad.es\/en\/actualidad_home\/initiatives-to-be-a-responsible-beach-bar\/#primaryimage"},"thumbnailUrl":"https:\/\/fundacion-biodiversidad.es\/wp-content\/uploads\/2015\/05\/acc_responsables_chiringuitos-scaled.jpg","datePublished":"2015-05-08T09:51:19+00:00","breadcrumb":{"@id":"https:\/\/fundacion-biodiversidad.es\/en\/actualidad_home\/initiatives-to-be-a-responsible-beach-bar\/#breadcrumb"},"inLanguage":"en-US","potentialAction":[{"@type":"ReadAction","target":["https:\/\/fundacion-biodiversidad.es\/en\/actualidad_home\/initiatives-to-be-a-responsible-beach-bar\/"]}]},{"@type":"ImageObject","inLanguage":"en-US","@id":"https:\/\/fundacion-biodiversidad.es\/en\/actualidad_home\/initiatives-to-be-a-responsible-beach-bar\/#primaryimage","url":"https:\/\/fundacion-biodiversidad.es\/wp-content\/uploads\/2015\/05\/acc_responsables_chiringuitos-scaled.jpg","contentUrl":"https:\/\/fundacion-biodiversidad.es\/wp-content\/uploads\/2015\/05\/acc_responsables_chiringuitos-scaled.jpg","width":1811,"height":2560},{"@type":"BreadcrumbList","@id":"https:\/\/fundacion-biodiversidad.es\/en\/actualidad_home\/initiatives-to-be-a-responsible-beach-bar\/#breadcrumb","itemListElement":[{"@type":"ListItem","position":1,"name":"Portada","item":"https:\/\/fundacion-biodiversidad.es\/en\/inicio\/"},{"@type":"ListItem","position":2,"name":"Noticias de actualidad","item":"https:\/\/fundacion-biodiversidad.es\/en\/actualidad_home\/"},{"@type":"ListItem","position":3,"name":"Initiatives to be a responsible beach bar"}]},{"@type":"WebSite","@id":"https:\/\/fundacion-biodiversidad.es\/en\/#website","url":"https:\/\/fundacion-biodiversidad.es\/en\/","name":"Fundaci\u00f3n Biodiversidad","description":"Fundaci\u00f3n p\u00fablica adscrita al Ministerio para la Transici\u00f3n Ecol\u00f3gica","potentialAction":[{"@type":"SearchAction","target":{"@type":"EntryPoint","urlTemplate":"https:\/\/fundacion-biodiversidad.es\/en\/?s={search_term_string}"},"query-input":{"@type":"PropertyValueSpecification","valueRequired":true,"valueName":"search_term_string"}}],"inLanguage":"en-US"}]}},"_links":{"self":[{"href":"https:\/\/fundacion-biodiversidad.es\/en\/wp-json\/wp\/v2\/actualidad_home\/97857897","targetHints":{"allow":["GET"]}}],"collection":[{"href":"https:\/\/fundacion-biodiversidad.es\/en\/wp-json\/wp\/v2\/actualidad_home"}],"about":[{"href":"https:\/\/fundacion-biodiversidad.es\/en\/wp-json\/wp\/v2\/types\/actualidad_home"}],"author":[{"embeddable":true,"href":"https:\/\/fundacion-biodiversidad.es\/en\/wp-json\/wp\/v2\/users\/11"}],"wp:featuredmedia":[{"embeddable":true,"href":"https:\/\/fundacion-biodiversidad.es\/en\/wp-json\/wp\/v2\/media\/35567"}],"wp:attachment":[{"href":"https:\/\/fundacion-biodiversidad.es\/en\/wp-json\/wp\/v2\/media?parent=97857897"}],"wp:term":[{"taxonomy":"palabras_clave","embeddable":true,"href":"https:\/\/fundacion-biodiversidad.es\/en\/wp-json\/wp\/v2\/palabras_clave?post=97857897"}],"curies":[{"name":"wp","href":"https:\/\/api.w.org\/{rel}","templated":true}]}}