{"id":97857898,"date":"2015-05-20T16:22:17","date_gmt":"2015-05-20T14:22:17","guid":{"rendered":"https:\/\/fundacion-biodiversidad.es\/actualidad_home\/the-role-of-recycling-in-the-shift-to-a-green-economy\/"},"modified":"2015-05-20T16:22:17","modified_gmt":"2015-05-20T14:22:17","slug":"the-role-of-recycling-in-the-shift-to-a-green-economy","status":"publish","type":"actualidad_home","link":"https:\/\/fundacion-biodiversidad.es\/en\/actualidad_home\/the-role-of-recycling-in-the-shift-to-a-green-economy\/","title":{"rendered":"The role of recycling in the shift to a green economy"},"content":{"rendered":"<p>The Director of Environmental Quality and Assessment and the Natural Environment of the Ministry of Agriculture, Food and the Environment, Guillermina Yanguas, today inaugurated the <strong>11th entrepreneurship meeting &#8220;Eco-innovation with recycled materials, an opportunity to undertake green&#8221;,<\/strong> an initiative developed by the <a href=\"http:\/\/www.redemprendeverde.es\/\" target=\"_blank\" rel=\"noopener\"><strong>Emprendeverde Network of the Ministry&#8217;s Biodiversity Foundation<\/strong><\/a> . During the inauguration, Yanguas stressed that &#8220;<strong>recycling has a priority role in the change towards a green economy that generates prosperity, while maintaining a healthy environment<\/strong>&#8220;. <br \/>\n&nbsp;<br \/>  These meetings, which have also had the participation of the director of the Biodiversity Foundation, Sonia Casta\u00f1eda, have as their main objective to promote the creation and consolidation of companies or new lines of business in the field of ecodesign and recycling.<br \/>\n&nbsp;<br \/>  The event held today, focused on eco-innovation with recycled materials, is the last within the framework of collaboration signed with Ecoembes. Representatives of initiatives that are part of the Emprendeverde Network, such as <strong>ECOALF, ZICLA, OIKO and SOLTECO,<\/strong> participated in the event.<\/p>\n<p> The entrepreneurs have told their innovative experiences in this field, and after their interventions, the attendees have had the opportunity to exchange opinions, detect new business opportunities and establish contacts between them. <br \/>\n&nbsp;<br \/>  The &#8220;Emprendeverde Meetings&#8221; are <strong>micro-learning and networking events aimed at entrepreneurs of the Emprendeverde Network<\/strong>, which already has more than 7,000 members, and is the first platform specialized in green business aimed at entrepreneurs and investors. Its purpose is to promote the creation and consolidation of companies or new lines of business in activities related to the environment and to channel investment towards sustainable economic activities. &nbsp;&nbsp;&nbsp;&nbsp;&nbsp;&nbsp;<br \/>\n&nbsp;<br \/>  The Red emprendeverde is an initiative co-financed by the European Social Fund. <strong> More than 350 people have already participated in the previous &#8220;Emprendeverde Meetings&#8221;,<\/strong> which have dealt with topics as diverse as water, the circular economy or sustainable mobility.  &nbsp;<br \/>\n&nbsp;<\/p>\n","protected":false},"author":11,"featured_media":35572,"template":"","meta":{"_acf_changed":false},"palabras_clave":[244,54,91,55,89,59],"class_list":["post-97857898","actualidad_home","type-actualidad_home","status-publish","has-post-thumbnail","hentry","palabras_clave-ecoembes","palabras_clave-economia-verde","palabras_clave-emprendedores","palabras_clave-emprendimiento","palabras_clave-reciclaje","palabras_clave-red-emprendeverde"],"acf":[],"yoast_head":"<!-- This site is optimized with the Yoast SEO plugin v26.9 - https:\/\/yoast.com\/product\/yoast-seo-wordpress\/ -->\n<title>The role of recycling in the shift to a green economy - Fundaci\u00f3n Biodiversidad<\/title>\n<meta name=\"robots\" content=\"index, follow, max-snippet:-1, max-image-preview:large, max-video-preview:-1\" \/>\n<link rel=\"canonical\" href=\"https:\/\/fundacion-biodiversidad.es\/en\/actualidad_home\/the-role-of-recycling-in-the-shift-to-a-green-economy\/\" \/>\n<meta property=\"og:locale\" content=\"en_US\" \/>\n<meta property=\"og:type\" content=\"article\" \/>\n<meta property=\"og:title\" content=\"The role of recycling in the shift to a green economy - Fundaci\u00f3n Biodiversidad\" \/>\n<meta property=\"og:description\" content=\"The Director of Environmental Quality and Assessment and the Natural Environment of the Ministry of Agriculture, Food and the Environment, Guillermina Yanguas, today inaugurated the [&hellip;]\" \/>\n<meta property=\"og:url\" content=\"https:\/\/fundacion-biodiversidad.es\/en\/actualidad_home\/the-role-of-recycling-in-the-shift-to-a-green-economy\/\" \/>\n<meta property=\"og:site_name\" content=\"Fundaci\u00f3n Biodiversidad\" \/>\n<meta property=\"og:image\" content=\"https:\/\/fundacion-biodiversidad.es\/wp-content\/uploads\/2023\/01\/2487661294_35330241_720x405.png\" \/>\n\t<meta property=\"og:image:width\" content=\"720\" \/>\n\t<meta property=\"og:image:height\" content=\"405\" \/>\n\t<meta property=\"og:image:type\" content=\"image\/png\" \/>\n<meta name=\"twitter:card\" content=\"summary_large_image\" \/>\n<meta name=\"twitter:label1\" content=\"Est. reading time\" \/>\n\t<meta name=\"twitter:data1\" content=\"2 minutes\" \/>\n<script type=\"application\/ld+json\" class=\"yoast-schema-graph\">{\"@context\":\"https:\/\/schema.org\",\"@graph\":[{\"@type\":\"WebPage\",\"@id\":\"https:\/\/fundacion-biodiversidad.es\/en\/actualidad_home\/the-role-of-recycling-in-the-shift-to-a-green-economy\/\",\"url\":\"https:\/\/fundacion-biodiversidad.es\/en\/actualidad_home\/the-role-of-recycling-in-the-shift-to-a-green-economy\/\",\"name\":\"The role of recycling in the shift to a green economy - Fundaci\u00f3n Biodiversidad\",\"isPartOf\":{\"@id\":\"https:\/\/fundacion-biodiversidad.es\/en\/#website\"},\"primaryImageOfPage\":{\"@id\":\"https:\/\/fundacion-biodiversidad.es\/en\/actualidad_home\/the-role-of-recycling-in-the-shift-to-a-green-economy\/#primaryimage\"},\"image\":{\"@id\":\"https:\/\/fundacion-biodiversidad.es\/en\/actualidad_home\/the-role-of-recycling-in-the-shift-to-a-green-economy\/#primaryimage\"},\"thumbnailUrl\":\"https:\/\/fundacion-biodiversidad.es\/wp-content\/uploads\/2015\/05\/guillermina_yanguas_inaugura_el_11o_encuentro_dedicado_a_la_innovacion-scaled.jpg\",\"datePublished\":\"2015-05-20T14:22:17+00:00\",\"breadcrumb\":{\"@id\":\"https:\/\/fundacion-biodiversidad.es\/en\/actualidad_home\/the-role-of-recycling-in-the-shift-to-a-green-economy\/#breadcrumb\"},\"inLanguage\":\"en-US\",\"potentialAction\":[{\"@type\":\"ReadAction\",\"target\":[\"https:\/\/fundacion-biodiversidad.es\/en\/actualidad_home\/the-role-of-recycling-in-the-shift-to-a-green-economy\/\"]}]},{\"@type\":\"ImageObject\",\"inLanguage\":\"en-US\",\"@id\":\"https:\/\/fundacion-biodiversidad.es\/en\/actualidad_home\/the-role-of-recycling-in-the-shift-to-a-green-economy\/#primaryimage\",\"url\":\"https:\/\/fundacion-biodiversidad.es\/wp-content\/uploads\/2015\/05\/guillermina_yanguas_inaugura_el_11o_encuentro_dedicado_a_la_innovacion-scaled.jpg\",\"contentUrl\":\"https:\/\/fundacion-biodiversidad.es\/wp-content\/uploads\/2015\/05\/guillermina_yanguas_inaugura_el_11o_encuentro_dedicado_a_la_innovacion-scaled.jpg\",\"width\":2560,\"height\":1758},{\"@type\":\"BreadcrumbList\",\"@id\":\"https:\/\/fundacion-biodiversidad.es\/en\/actualidad_home\/the-role-of-recycling-in-the-shift-to-a-green-economy\/#breadcrumb\",\"itemListElement\":[{\"@type\":\"ListItem\",\"position\":1,\"name\":\"Portada\",\"item\":\"https:\/\/fundacion-biodiversidad.es\/en\/inicio\/\"},{\"@type\":\"ListItem\",\"position\":2,\"name\":\"Noticias de actualidad\",\"item\":\"https:\/\/fundacion-biodiversidad.es\/en\/actualidad_home\/\"},{\"@type\":\"ListItem\",\"position\":3,\"name\":\"The role of recycling in the shift to a green economy\"}]},{\"@type\":\"WebSite\",\"@id\":\"https:\/\/fundacion-biodiversidad.es\/en\/#website\",\"url\":\"https:\/\/fundacion-biodiversidad.es\/en\/\",\"name\":\"Fundaci\u00f3n Biodiversidad\",\"description\":\"Fundaci\u00f3n p\u00fablica adscrita al Ministerio para la Transici\u00f3n Ecol\u00f3gica\",\"potentialAction\":[{\"@type\":\"SearchAction\",\"target\":{\"@type\":\"EntryPoint\",\"urlTemplate\":\"https:\/\/fundacion-biodiversidad.es\/en\/?s={search_term_string}\"},\"query-input\":{\"@type\":\"PropertyValueSpecification\",\"valueRequired\":true,\"valueName\":\"search_term_string\"}}],\"inLanguage\":\"en-US\"}]}<\/script>\n<!-- \/ Yoast SEO plugin. -->","yoast_head_json":{"title":"The role of recycling in the shift to a green economy - Fundaci\u00f3n Biodiversidad","robots":{"index":"index","follow":"follow","max-snippet":"max-snippet:-1","max-image-preview":"max-image-preview:large","max-video-preview":"max-video-preview:-1"},"canonical":"https:\/\/fundacion-biodiversidad.es\/en\/actualidad_home\/the-role-of-recycling-in-the-shift-to-a-green-economy\/","og_locale":"en_US","og_type":"article","og_title":"The role of recycling in the shift to a green economy - Fundaci\u00f3n Biodiversidad","og_description":"The Director of Environmental Quality and Assessment and the Natural Environment of the Ministry of Agriculture, Food and the Environment, Guillermina Yanguas, today inaugurated the [&hellip;]","og_url":"https:\/\/fundacion-biodiversidad.es\/en\/actualidad_home\/the-role-of-recycling-in-the-shift-to-a-green-economy\/","og_site_name":"Fundaci\u00f3n Biodiversidad","og_image":[{"width":720,"height":405,"url":"https:\/\/fundacion-biodiversidad.es\/wp-content\/uploads\/2023\/01\/2487661294_35330241_720x405.png","type":"image\/png"}],"twitter_card":"summary_large_image","twitter_misc":{"Est. reading time":"2 minutes"},"schema":{"@context":"https:\/\/schema.org","@graph":[{"@type":"WebPage","@id":"https:\/\/fundacion-biodiversidad.es\/en\/actualidad_home\/the-role-of-recycling-in-the-shift-to-a-green-economy\/","url":"https:\/\/fundacion-biodiversidad.es\/en\/actualidad_home\/the-role-of-recycling-in-the-shift-to-a-green-economy\/","name":"The role of recycling in the shift to a green economy - Fundaci\u00f3n Biodiversidad","isPartOf":{"@id":"https:\/\/fundacion-biodiversidad.es\/en\/#website"},"primaryImageOfPage":{"@id":"https:\/\/fundacion-biodiversidad.es\/en\/actualidad_home\/the-role-of-recycling-in-the-shift-to-a-green-economy\/#primaryimage"},"image":{"@id":"https:\/\/fundacion-biodiversidad.es\/en\/actualidad_home\/the-role-of-recycling-in-the-shift-to-a-green-economy\/#primaryimage"},"thumbnailUrl":"https:\/\/fundacion-biodiversidad.es\/wp-content\/uploads\/2015\/05\/guillermina_yanguas_inaugura_el_11o_encuentro_dedicado_a_la_innovacion-scaled.jpg","datePublished":"2015-05-20T14:22:17+00:00","breadcrumb":{"@id":"https:\/\/fundacion-biodiversidad.es\/en\/actualidad_home\/the-role-of-recycling-in-the-shift-to-a-green-economy\/#breadcrumb"},"inLanguage":"en-US","potentialAction":[{"@type":"ReadAction","target":["https:\/\/fundacion-biodiversidad.es\/en\/actualidad_home\/the-role-of-recycling-in-the-shift-to-a-green-economy\/"]}]},{"@type":"ImageObject","inLanguage":"en-US","@id":"https:\/\/fundacion-biodiversidad.es\/en\/actualidad_home\/the-role-of-recycling-in-the-shift-to-a-green-economy\/#primaryimage","url":"https:\/\/fundacion-biodiversidad.es\/wp-content\/uploads\/2015\/05\/guillermina_yanguas_inaugura_el_11o_encuentro_dedicado_a_la_innovacion-scaled.jpg","contentUrl":"https:\/\/fundacion-biodiversidad.es\/wp-content\/uploads\/2015\/05\/guillermina_yanguas_inaugura_el_11o_encuentro_dedicado_a_la_innovacion-scaled.jpg","width":2560,"height":1758},{"@type":"BreadcrumbList","@id":"https:\/\/fundacion-biodiversidad.es\/en\/actualidad_home\/the-role-of-recycling-in-the-shift-to-a-green-economy\/#breadcrumb","itemListElement":[{"@type":"ListItem","position":1,"name":"Portada","item":"https:\/\/fundacion-biodiversidad.es\/en\/inicio\/"},{"@type":"ListItem","position":2,"name":"Noticias de actualidad","item":"https:\/\/fundacion-biodiversidad.es\/en\/actualidad_home\/"},{"@type":"ListItem","position":3,"name":"The role of recycling in the shift to a green economy"}]},{"@type":"WebSite","@id":"https:\/\/fundacion-biodiversidad.es\/en\/#website","url":"https:\/\/fundacion-biodiversidad.es\/en\/","name":"Fundaci\u00f3n Biodiversidad","description":"Fundaci\u00f3n p\u00fablica adscrita al Ministerio para la Transici\u00f3n Ecol\u00f3gica","potentialAction":[{"@type":"SearchAction","target":{"@type":"EntryPoint","urlTemplate":"https:\/\/fundacion-biodiversidad.es\/en\/?s={search_term_string}"},"query-input":{"@type":"PropertyValueSpecification","valueRequired":true,"valueName":"search_term_string"}}],"inLanguage":"en-US"}]}},"_links":{"self":[{"href":"https:\/\/fundacion-biodiversidad.es\/en\/wp-json\/wp\/v2\/actualidad_home\/97857898","targetHints":{"allow":["GET"]}}],"collection":[{"href":"https:\/\/fundacion-biodiversidad.es\/en\/wp-json\/wp\/v2\/actualidad_home"}],"about":[{"href":"https:\/\/fundacion-biodiversidad.es\/en\/wp-json\/wp\/v2\/types\/actualidad_home"}],"author":[{"embeddable":true,"href":"https:\/\/fundacion-biodiversidad.es\/en\/wp-json\/wp\/v2\/users\/11"}],"wp:featuredmedia":[{"embeddable":true,"href":"https:\/\/fundacion-biodiversidad.es\/en\/wp-json\/wp\/v2\/media\/35572"}],"wp:attachment":[{"href":"https:\/\/fundacion-biodiversidad.es\/en\/wp-json\/wp\/v2\/media?parent=97857898"}],"wp:term":[{"taxonomy":"palabras_clave","embeddable":true,"href":"https:\/\/fundacion-biodiversidad.es\/en\/wp-json\/wp\/v2\/palabras_clave?post=97857898"}],"curies":[{"name":"wp","href":"https:\/\/api.w.org\/{rel}","templated":true}]}}