{"id":97857899,"date":"2015-05-06T12:39:48","date_gmt":"2015-05-06T10:39:48","guid":{"rendered":"https:\/\/fundacion-biodiversidad.es\/actualidad_home\/the-deadline-to-participate-in-the-eco-recinnova-training-and-mentoring-program-is-now-open\/"},"modified":"2015-05-06T12:39:48","modified_gmt":"2015-05-06T10:39:48","slug":"the-deadline-to-participate-in-the-eco-recinnova-training-and-mentoring-program-is-now-open","status":"publish","type":"actualidad_home","link":"https:\/\/fundacion-biodiversidad.es\/en\/actualidad_home\/the-deadline-to-participate-in-the-eco-recinnova-training-and-mentoring-program-is-now-open\/","title":{"rendered":"The deadline to participate in the Eco-Recinnova Training and Mentoring Program is now open"},"content":{"rendered":"<p>The Biodiversity Foundation of the Ministry of Agriculture, Food and Environment has opened the deadline to participate in the <a href=\"http:\/\/www.redemprendeverde.es\/pg\/news\/admin\/read\/58844\/%C2%A1Abierto%20el%20plazo%20para%20participar%20en%20el%20Programa%20de%20formaci%C3%B3n%20Eco-Recinnova!\/\" rel=\"nofollow noopener\" target=\"_blank\"><strong>Eco-Recinnova Training Program<\/strong><\/a>, aimed at green entrepreneurs, which will take place on May 26, 27 and 28 at the Madrid campus of IE Business School.<br \/>\n&nbsp;<br \/>  Among the modules that will be developed in the training are the introduction to &#8216;Design Thinking&#8217; and marketing for entrepreneurs. In addition, there will be a module for financing and investment of startups, as well as <strong>training in eco-innovation, eco-design and recycling<\/strong>. <br \/>\n&nbsp;<br \/>  During the training <strong>, the CEO of Ecologing, Nicola Cerantola,<\/strong> will participate, as well as professors from the business school such as Daniel Soriano and Conchita Gald\u00f3n. To participate in the conference, you must be a member of the <a href=\"http:\/\/www.redemprendeverde.es\/\" rel=\"nofollow noopener\" target=\"_blank\"><strong>Emprendeverde Network<\/strong><\/a> and complete the <a href=\"https:\/\/docs.google.com\/forms\/d\/1y3orbNeytuu1y1Wx_2SkbD_L4PC5rPTz7HMn6ectodE\/viewform\" target=\"_blank\" rel=\"noopener\"><strong>application form<\/strong><\/a> before May 10. <br \/>\n&nbsp;<br \/>  The program is aimed at entrepreneurs who want to create a new company and young micro-enterprises and SMEs, with a maximum of one year&#8217;s seniority, that develop initiatives or want to create new lines of business linked to recycling, eco-design and Eco-innovation.<br \/>\n&nbsp;<br \/>  Once the course is over, <strong>5 of the 25 participating projects will be selected<\/strong> to continue with the Eco-Recinnova mentoring programme, which aims to promote the growth and acceleration of green companies already in operation. The mentoring sessions will be coordinated by Spain Startup. <br \/>\n&nbsp;<br \/>  The training and mentoring programmes are part of the <a href=\"http:\/\/www.redemprendeverde.es\/pg\/news\/admin\/read\/58030\/lanzamos-el-nuevo-programa-emprendeverde-ecorecinnova\" target=\"_blank\" rel=\"noopener\"><strong>&#8220;Eco-Recinnova Entrepreneurship Programme&#8221;,<\/strong><\/a> developed in collaboration with ECOEMBES, the organisation that takes care of the environment through recycling and the eco-design of packaging in Spain.<br \/>\n&nbsp;<\/p>\n","protected":false},"author":11,"featured_media":35566,"template":"","meta":{"_acf_changed":false},"palabras_clave":[54,55,89,59],"class_list":["post-97857899","actualidad_home","type-actualidad_home","status-publish","has-post-thumbnail","hentry","palabras_clave-economia-verde","palabras_clave-emprendimiento","palabras_clave-reciclaje","palabras_clave-red-emprendeverde"],"acf":[],"yoast_head":"<!-- This site is optimized with the Yoast SEO plugin v26.9 - https:\/\/yoast.com\/product\/yoast-seo-wordpress\/ -->\n<title>The deadline to participate in the Eco-Recinnova Training and Mentoring Program is now open - Fundaci\u00f3n Biodiversidad<\/title>\n<meta name=\"robots\" content=\"index, follow, max-snippet:-1, max-image-preview:large, max-video-preview:-1\" \/>\n<link rel=\"canonical\" href=\"https:\/\/fundacion-biodiversidad.es\/en\/actualidad_home\/the-deadline-to-participate-in-the-eco-recinnova-training-and-mentoring-program-is-now-open\/\" \/>\n<meta property=\"og:locale\" content=\"en_US\" \/>\n<meta property=\"og:type\" content=\"article\" \/>\n<meta property=\"og:title\" content=\"The deadline to participate in the Eco-Recinnova Training and Mentoring Program is now open - Fundaci\u00f3n Biodiversidad\" \/>\n<meta property=\"og:description\" content=\"The Biodiversity Foundation of the Ministry of Agriculture, Food and Environment has opened the deadline to participate in the Eco-Recinnova Training Program, aimed at green [&hellip;]\" \/>\n<meta property=\"og:url\" content=\"https:\/\/fundacion-biodiversidad.es\/en\/actualidad_home\/the-deadline-to-participate-in-the-eco-recinnova-training-and-mentoring-program-is-now-open\/\" \/>\n<meta property=\"og:site_name\" content=\"Fundaci\u00f3n Biodiversidad\" \/>\n<meta property=\"og:image\" content=\"https:\/\/fundacion-biodiversidad.es\/wp-content\/uploads\/2023\/01\/2487661294_35330241_720x405.png\" \/>\n\t<meta property=\"og:image:width\" content=\"720\" \/>\n\t<meta property=\"og:image:height\" content=\"405\" \/>\n\t<meta property=\"og:image:type\" content=\"image\/png\" \/>\n<meta name=\"twitter:card\" content=\"summary_large_image\" \/>\n<meta name=\"twitter:label1\" content=\"Est. reading time\" \/>\n\t<meta name=\"twitter:data1\" content=\"1 minute\" \/>\n<script type=\"application\/ld+json\" class=\"yoast-schema-graph\">{\"@context\":\"https:\/\/schema.org\",\"@graph\":[{\"@type\":\"WebPage\",\"@id\":\"https:\/\/fundacion-biodiversidad.es\/en\/actualidad_home\/the-deadline-to-participate-in-the-eco-recinnova-training-and-mentoring-program-is-now-open\/\",\"url\":\"https:\/\/fundacion-biodiversidad.es\/en\/actualidad_home\/the-deadline-to-participate-in-the-eco-recinnova-training-and-mentoring-program-is-now-open\/\",\"name\":\"The deadline to participate in the Eco-Recinnova Training and Mentoring Program is now open - Fundaci\u00f3n Biodiversidad\",\"isPartOf\":{\"@id\":\"https:\/\/fundacion-biodiversidad.es\/en\/#website\"},\"primaryImageOfPage\":{\"@id\":\"https:\/\/fundacion-biodiversidad.es\/en\/actualidad_home\/the-deadline-to-participate-in-the-eco-recinnova-training-and-mentoring-program-is-now-open\/#primaryimage\"},\"image\":{\"@id\":\"https:\/\/fundacion-biodiversidad.es\/en\/actualidad_home\/the-deadline-to-participate-in-the-eco-recinnova-training-and-mentoring-program-is-now-open\/#primaryimage\"},\"thumbnailUrl\":\"https:\/\/fundacion-biodiversidad.es\/wp-content\/uploads\/2015\/05\/formacion_ecorecinnova_0.jpg\",\"datePublished\":\"2015-05-06T10:39:48+00:00\",\"breadcrumb\":{\"@id\":\"https:\/\/fundacion-biodiversidad.es\/en\/actualidad_home\/the-deadline-to-participate-in-the-eco-recinnova-training-and-mentoring-program-is-now-open\/#breadcrumb\"},\"inLanguage\":\"en-US\",\"potentialAction\":[{\"@type\":\"ReadAction\",\"target\":[\"https:\/\/fundacion-biodiversidad.es\/en\/actualidad_home\/the-deadline-to-participate-in-the-eco-recinnova-training-and-mentoring-program-is-now-open\/\"]}]},{\"@type\":\"ImageObject\",\"inLanguage\":\"en-US\",\"@id\":\"https:\/\/fundacion-biodiversidad.es\/en\/actualidad_home\/the-deadline-to-participate-in-the-eco-recinnova-training-and-mentoring-program-is-now-open\/#primaryimage\",\"url\":\"https:\/\/fundacion-biodiversidad.es\/wp-content\/uploads\/2015\/05\/formacion_ecorecinnova_0.jpg\",\"contentUrl\":\"https:\/\/fundacion-biodiversidad.es\/wp-content\/uploads\/2015\/05\/formacion_ecorecinnova_0.jpg\",\"width\":1472,\"height\":573},{\"@type\":\"BreadcrumbList\",\"@id\":\"https:\/\/fundacion-biodiversidad.es\/en\/actualidad_home\/the-deadline-to-participate-in-the-eco-recinnova-training-and-mentoring-program-is-now-open\/#breadcrumb\",\"itemListElement\":[{\"@type\":\"ListItem\",\"position\":1,\"name\":\"Portada\",\"item\":\"https:\/\/fundacion-biodiversidad.es\/en\/inicio\/\"},{\"@type\":\"ListItem\",\"position\":2,\"name\":\"Noticias de actualidad\",\"item\":\"https:\/\/fundacion-biodiversidad.es\/en\/actualidad_home\/\"},{\"@type\":\"ListItem\",\"position\":3,\"name\":\"The deadline to participate in the Eco-Recinnova Training and Mentoring Program is now open\"}]},{\"@type\":\"WebSite\",\"@id\":\"https:\/\/fundacion-biodiversidad.es\/en\/#website\",\"url\":\"https:\/\/fundacion-biodiversidad.es\/en\/\",\"name\":\"Fundaci\u00f3n Biodiversidad\",\"description\":\"Fundaci\u00f3n p\u00fablica adscrita al Ministerio para la Transici\u00f3n Ecol\u00f3gica\",\"potentialAction\":[{\"@type\":\"SearchAction\",\"target\":{\"@type\":\"EntryPoint\",\"urlTemplate\":\"https:\/\/fundacion-biodiversidad.es\/en\/?s={search_term_string}\"},\"query-input\":{\"@type\":\"PropertyValueSpecification\",\"valueRequired\":true,\"valueName\":\"search_term_string\"}}],\"inLanguage\":\"en-US\"}]}<\/script>\n<!-- \/ Yoast SEO plugin. -->","yoast_head_json":{"title":"The deadline to participate in the Eco-Recinnova Training and Mentoring Program is now open - Fundaci\u00f3n Biodiversidad","robots":{"index":"index","follow":"follow","max-snippet":"max-snippet:-1","max-image-preview":"max-image-preview:large","max-video-preview":"max-video-preview:-1"},"canonical":"https:\/\/fundacion-biodiversidad.es\/en\/actualidad_home\/the-deadline-to-participate-in-the-eco-recinnova-training-and-mentoring-program-is-now-open\/","og_locale":"en_US","og_type":"article","og_title":"The deadline to participate in the Eco-Recinnova Training and Mentoring Program is now open - Fundaci\u00f3n Biodiversidad","og_description":"The Biodiversity Foundation of the Ministry of Agriculture, Food and Environment has opened the deadline to participate in the Eco-Recinnova Training Program, aimed at green [&hellip;]","og_url":"https:\/\/fundacion-biodiversidad.es\/en\/actualidad_home\/the-deadline-to-participate-in-the-eco-recinnova-training-and-mentoring-program-is-now-open\/","og_site_name":"Fundaci\u00f3n Biodiversidad","og_image":[{"width":720,"height":405,"url":"https:\/\/fundacion-biodiversidad.es\/wp-content\/uploads\/2023\/01\/2487661294_35330241_720x405.png","type":"image\/png"}],"twitter_card":"summary_large_image","twitter_misc":{"Est. reading time":"1 minute"},"schema":{"@context":"https:\/\/schema.org","@graph":[{"@type":"WebPage","@id":"https:\/\/fundacion-biodiversidad.es\/en\/actualidad_home\/the-deadline-to-participate-in-the-eco-recinnova-training-and-mentoring-program-is-now-open\/","url":"https:\/\/fundacion-biodiversidad.es\/en\/actualidad_home\/the-deadline-to-participate-in-the-eco-recinnova-training-and-mentoring-program-is-now-open\/","name":"The deadline to participate in the Eco-Recinnova Training and Mentoring Program is now open - Fundaci\u00f3n Biodiversidad","isPartOf":{"@id":"https:\/\/fundacion-biodiversidad.es\/en\/#website"},"primaryImageOfPage":{"@id":"https:\/\/fundacion-biodiversidad.es\/en\/actualidad_home\/the-deadline-to-participate-in-the-eco-recinnova-training-and-mentoring-program-is-now-open\/#primaryimage"},"image":{"@id":"https:\/\/fundacion-biodiversidad.es\/en\/actualidad_home\/the-deadline-to-participate-in-the-eco-recinnova-training-and-mentoring-program-is-now-open\/#primaryimage"},"thumbnailUrl":"https:\/\/fundacion-biodiversidad.es\/wp-content\/uploads\/2015\/05\/formacion_ecorecinnova_0.jpg","datePublished":"2015-05-06T10:39:48+00:00","breadcrumb":{"@id":"https:\/\/fundacion-biodiversidad.es\/en\/actualidad_home\/the-deadline-to-participate-in-the-eco-recinnova-training-and-mentoring-program-is-now-open\/#breadcrumb"},"inLanguage":"en-US","potentialAction":[{"@type":"ReadAction","target":["https:\/\/fundacion-biodiversidad.es\/en\/actualidad_home\/the-deadline-to-participate-in-the-eco-recinnova-training-and-mentoring-program-is-now-open\/"]}]},{"@type":"ImageObject","inLanguage":"en-US","@id":"https:\/\/fundacion-biodiversidad.es\/en\/actualidad_home\/the-deadline-to-participate-in-the-eco-recinnova-training-and-mentoring-program-is-now-open\/#primaryimage","url":"https:\/\/fundacion-biodiversidad.es\/wp-content\/uploads\/2015\/05\/formacion_ecorecinnova_0.jpg","contentUrl":"https:\/\/fundacion-biodiversidad.es\/wp-content\/uploads\/2015\/05\/formacion_ecorecinnova_0.jpg","width":1472,"height":573},{"@type":"BreadcrumbList","@id":"https:\/\/fundacion-biodiversidad.es\/en\/actualidad_home\/the-deadline-to-participate-in-the-eco-recinnova-training-and-mentoring-program-is-now-open\/#breadcrumb","itemListElement":[{"@type":"ListItem","position":1,"name":"Portada","item":"https:\/\/fundacion-biodiversidad.es\/en\/inicio\/"},{"@type":"ListItem","position":2,"name":"Noticias de actualidad","item":"https:\/\/fundacion-biodiversidad.es\/en\/actualidad_home\/"},{"@type":"ListItem","position":3,"name":"The deadline to participate in the Eco-Recinnova Training and Mentoring Program is now open"}]},{"@type":"WebSite","@id":"https:\/\/fundacion-biodiversidad.es\/en\/#website","url":"https:\/\/fundacion-biodiversidad.es\/en\/","name":"Fundaci\u00f3n Biodiversidad","description":"Fundaci\u00f3n p\u00fablica adscrita al Ministerio para la Transici\u00f3n Ecol\u00f3gica","potentialAction":[{"@type":"SearchAction","target":{"@type":"EntryPoint","urlTemplate":"https:\/\/fundacion-biodiversidad.es\/en\/?s={search_term_string}"},"query-input":{"@type":"PropertyValueSpecification","valueRequired":true,"valueName":"search_term_string"}}],"inLanguage":"en-US"}]}},"_links":{"self":[{"href":"https:\/\/fundacion-biodiversidad.es\/en\/wp-json\/wp\/v2\/actualidad_home\/97857899","targetHints":{"allow":["GET"]}}],"collection":[{"href":"https:\/\/fundacion-biodiversidad.es\/en\/wp-json\/wp\/v2\/actualidad_home"}],"about":[{"href":"https:\/\/fundacion-biodiversidad.es\/en\/wp-json\/wp\/v2\/types\/actualidad_home"}],"author":[{"embeddable":true,"href":"https:\/\/fundacion-biodiversidad.es\/en\/wp-json\/wp\/v2\/users\/11"}],"wp:featuredmedia":[{"embeddable":true,"href":"https:\/\/fundacion-biodiversidad.es\/en\/wp-json\/wp\/v2\/media\/35566"}],"wp:attachment":[{"href":"https:\/\/fundacion-biodiversidad.es\/en\/wp-json\/wp\/v2\/media?parent=97857899"}],"wp:term":[{"taxonomy":"palabras_clave","embeddable":true,"href":"https:\/\/fundacion-biodiversidad.es\/en\/wp-json\/wp\/v2\/palabras_clave?post=97857899"}],"curies":[{"name":"wp","href":"https:\/\/api.w.org\/{rel}","templated":true}]}}