{"id":97857901,"date":"2015-05-14T14:02:29","date_gmt":"2015-05-14T12:02:29","guid":{"rendered":"https:\/\/fundacion-biodiversidad.es\/actualidad_home\/38-species-and-habitat-conservation-projects-in-the-natura-2000-network\/"},"modified":"2015-05-14T14:02:29","modified_gmt":"2015-05-14T12:02:29","slug":"38-species-and-habitat-conservation-projects-in-the-natura-2000-network","status":"publish","type":"actualidad_home","link":"https:\/\/fundacion-biodiversidad.es\/en\/actualidad_home\/38-species-and-habitat-conservation-projects-in-the-natura-2000-network\/","title":{"rendered":"38 species and habitat conservation projects in the Natura 2000 Network"},"content":{"rendered":"<p>The director of the Biodiversity Foundation of the <a href=\"http:\/\/www.magrama.gob.es\/es\/\" rel=\"nofollow noopener\" target=\"_blank\">Ministry of Agriculture, Food and the Environment<\/a>, Sonia Casta\u00f1eda, participated today in the celebrations <strong>of the European Day of the Natura 2000 Network<\/strong> , which is commemorated on May 21. Casta\u00f1eda has visited, together with those responsible for SEO\/Birdlife and the <a href=\"http:\/\/activarednatura2000.com\/\" rel=\"nofollow noopener\" target=\"_blank\">&#8220;LIFE+ Activate your Authentic Wealth&#8221;<\/a> Project, the Sierra del Hoyo Beekeeping Museum in the Madrid town of Hoyo de Manzanares. <\/p>\n<p>  During the visit, the director of the <a href=\"http:\/\/www.fundacion-biodiversidad.es\" target=\"_blank\" rel=\"noopener\">Biodiversity Foundation<\/a> highlighted the effort that the Ministry has made during this legislature to preserve the biodiversity of our country through the expansion of the <a href=\"http:\/\/www.magrama.gob.es\/es\/biodiversidad\/temas\/espacios-protegidos\/red-natura-2000\/rn_espana.aspx\" rel=\"nofollow noopener\" target=\"_blank\">Natura 2000 Network in Spain<\/a> and the adoption of measures for its conservation.&nbsp;Through the Biodiversity Foundation, it has invested <strong>more than 2.1 million euros<\/strong> to support projects for the conservation of species and habitats in the Natura 2000 Network, which includes 27% of the total land area of our country (13.7 million hectares), in addition to 8 million marine hectares.&nbsp;The Natura 2000 Network&nbsp;in Spain it includes&nbsp;a total of <strong>1,466<\/strong> spaces declared as Sites of Community Importance (<strong>SCI)<\/strong> and <strong>643<\/strong> as Special Protection Areas for Birds (<strong>SPAs<\/strong>).<\/p>\n<p>  Since December 2011, the Biodiversity Foundation has awarded grants for the implementation of <strong>38 projects in the Natura 2000 Network<\/strong>. In addition, she has been responsible for coordinating projects such as <a href=\"http:\/\/prioridadrednatura2000.es\/\" rel=\"nofollow noopener\" target=\"_blank\">the LIFE+ MAP Natura 2000<\/a>, which has made it possible to identify the possibilities of financing the Natura 2000 Network in Spain, or the <a href=\"http:\/\/www.indemares.es\/\" rel=\"nofollow noopener\" target=\"_blank\">LIFE+ INDEMARES<\/a> project, thanks to which the Spanish marine area included in the Natura 2000 Network has increased by 73,000 km2, ensuring that <strong>more than 8% <\/strong>of our seas are protected. The actions of the INDEMARES project have resulted in the inclusion of <strong>49<\/strong> <strong>new marine areas in the Natura 2000 Network<\/strong>, 39 of which correspond to SPAs and the remaining 10 to SCIs.  <\/p>\n<p>  The enhancement of the Natura 2000 Network for sustainable nature tourism activities is, on the other hand, the axis <strong>of the Sectoral Plan for Nature Tourism and Biodiversity 2014-2020<\/strong>, launched by the Ministry of Agriculture, Food and the Environment, together with the Ministry of Industry, Energy and Tourism, with which it is intended to give visibility to the Natura 2000 Network and promote the tourism sector as a source of income and of green employment. In addition, the Ministry of Agriculture, Food and the Environment collaborates with SEO\/Birdlife in the dissemination of the positive values of the Natura 2000 Network, supporting project actions   <strong>LIFE Natura 2000. Connecting people with biodiversity <\/strong>, through a total contribution of 200,000 euros.<\/p>\n","protected":false},"author":11,"featured_media":35571,"template":"","meta":{"_acf_changed":false},"palabras_clave":[122,241,34,242,121,200,243],"class_list":["post-97857901","actualidad_home","type-actualidad_home","status-publish","has-post-thumbnail","hentry","palabras_clave-alimentacion-y-medio-ambiente","palabras_clave-espacios-protegidos","palabras_clave-fundacion-biodiversidad","palabras_clave-lugar-de-importancia-comunitaria","palabras_clave-ministerio-de-agricultura","palabras_clave-red-natura-2000","palabras_clave-zona-de-especial-proteccion-para-las-aves"],"acf":[],"yoast_head":"<!-- This site is optimized with the Yoast SEO plugin v26.9 - https:\/\/yoast.com\/product\/yoast-seo-wordpress\/ -->\n<title>38 species and habitat conservation projects in the Natura 2000 Network - Fundaci\u00f3n Biodiversidad<\/title>\n<meta name=\"robots\" content=\"index, follow, max-snippet:-1, max-image-preview:large, max-video-preview:-1\" \/>\n<link rel=\"canonical\" href=\"https:\/\/fundacion-biodiversidad.es\/en\/actualidad_home\/38-species-and-habitat-conservation-projects-in-the-natura-2000-network\/\" \/>\n<meta property=\"og:locale\" content=\"en_US\" \/>\n<meta property=\"og:type\" content=\"article\" \/>\n<meta property=\"og:title\" content=\"38 species and habitat conservation projects in the Natura 2000 Network - Fundaci\u00f3n Biodiversidad\" \/>\n<meta property=\"og:description\" content=\"The director of the Biodiversity Foundation of the Ministry of Agriculture, Food and the Environment, Sonia Casta\u00f1eda, participated today in the celebrations of the European [&hellip;]\" \/>\n<meta property=\"og:url\" content=\"https:\/\/fundacion-biodiversidad.es\/en\/actualidad_home\/38-species-and-habitat-conservation-projects-in-the-natura-2000-network\/\" \/>\n<meta property=\"og:site_name\" content=\"Fundaci\u00f3n Biodiversidad\" \/>\n<meta property=\"og:image\" content=\"https:\/\/fundacion-biodiversidad.es\/wp-content\/uploads\/2023\/01\/2487661294_35330241_720x405.png\" \/>\n\t<meta property=\"og:image:width\" content=\"720\" \/>\n\t<meta property=\"og:image:height\" content=\"405\" \/>\n\t<meta property=\"og:image:type\" content=\"image\/png\" \/>\n<meta name=\"twitter:card\" content=\"summary_large_image\" \/>\n<meta name=\"twitter:label1\" content=\"Est. reading time\" \/>\n\t<meta name=\"twitter:data1\" content=\"2 minutes\" \/>\n<script type=\"application\/ld+json\" class=\"yoast-schema-graph\">{\"@context\":\"https:\/\/schema.org\",\"@graph\":[{\"@type\":\"WebPage\",\"@id\":\"https:\/\/fundacion-biodiversidad.es\/en\/actualidad_home\/38-species-and-habitat-conservation-projects-in-the-natura-2000-network\/\",\"url\":\"https:\/\/fundacion-biodiversidad.es\/en\/actualidad_home\/38-species-and-habitat-conservation-projects-in-the-natura-2000-network\/\",\"name\":\"38 species and habitat conservation projects in the Natura 2000 Network - Fundaci\u00f3n Biodiversidad\",\"isPartOf\":{\"@id\":\"https:\/\/fundacion-biodiversidad.es\/en\/#website\"},\"primaryImageOfPage\":{\"@id\":\"https:\/\/fundacion-biodiversidad.es\/en\/actualidad_home\/38-species-and-habitat-conservation-projects-in-the-natura-2000-network\/#primaryimage\"},\"image\":{\"@id\":\"https:\/\/fundacion-biodiversidad.es\/en\/actualidad_home\/38-species-and-habitat-conservation-projects-in-the-natura-2000-network\/#primaryimage\"},\"thumbnailUrl\":\"https:\/\/fundacion-biodiversidad.es\/wp-content\/uploads\/2015\/05\/visita_aula_apicola_red_natura_2000-scaled.jpg\",\"datePublished\":\"2015-05-14T12:02:29+00:00\",\"breadcrumb\":{\"@id\":\"https:\/\/fundacion-biodiversidad.es\/en\/actualidad_home\/38-species-and-habitat-conservation-projects-in-the-natura-2000-network\/#breadcrumb\"},\"inLanguage\":\"en-US\",\"potentialAction\":[{\"@type\":\"ReadAction\",\"target\":[\"https:\/\/fundacion-biodiversidad.es\/en\/actualidad_home\/38-species-and-habitat-conservation-projects-in-the-natura-2000-network\/\"]}]},{\"@type\":\"ImageObject\",\"inLanguage\":\"en-US\",\"@id\":\"https:\/\/fundacion-biodiversidad.es\/en\/actualidad_home\/38-species-and-habitat-conservation-projects-in-the-natura-2000-network\/#primaryimage\",\"url\":\"https:\/\/fundacion-biodiversidad.es\/wp-content\/uploads\/2015\/05\/visita_aula_apicola_red_natura_2000-scaled.jpg\",\"contentUrl\":\"https:\/\/fundacion-biodiversidad.es\/wp-content\/uploads\/2015\/05\/visita_aula_apicola_red_natura_2000-scaled.jpg\",\"width\":2560,\"height\":1440},{\"@type\":\"BreadcrumbList\",\"@id\":\"https:\/\/fundacion-biodiversidad.es\/en\/actualidad_home\/38-species-and-habitat-conservation-projects-in-the-natura-2000-network\/#breadcrumb\",\"itemListElement\":[{\"@type\":\"ListItem\",\"position\":1,\"name\":\"Portada\",\"item\":\"https:\/\/fundacion-biodiversidad.es\/en\/inicio\/\"},{\"@type\":\"ListItem\",\"position\":2,\"name\":\"Noticias de actualidad\",\"item\":\"https:\/\/fundacion-biodiversidad.es\/en\/actualidad_home\/\"},{\"@type\":\"ListItem\",\"position\":3,\"name\":\"38 species and habitat conservation projects in the Natura 2000 Network\"}]},{\"@type\":\"WebSite\",\"@id\":\"https:\/\/fundacion-biodiversidad.es\/en\/#website\",\"url\":\"https:\/\/fundacion-biodiversidad.es\/en\/\",\"name\":\"Fundaci\u00f3n Biodiversidad\",\"description\":\"Fundaci\u00f3n p\u00fablica adscrita al Ministerio para la Transici\u00f3n Ecol\u00f3gica\",\"potentialAction\":[{\"@type\":\"SearchAction\",\"target\":{\"@type\":\"EntryPoint\",\"urlTemplate\":\"https:\/\/fundacion-biodiversidad.es\/en\/?s={search_term_string}\"},\"query-input\":{\"@type\":\"PropertyValueSpecification\",\"valueRequired\":true,\"valueName\":\"search_term_string\"}}],\"inLanguage\":\"en-US\"}]}<\/script>\n<!-- \/ Yoast SEO plugin. -->","yoast_head_json":{"title":"38 species and habitat conservation projects in the Natura 2000 Network - Fundaci\u00f3n Biodiversidad","robots":{"index":"index","follow":"follow","max-snippet":"max-snippet:-1","max-image-preview":"max-image-preview:large","max-video-preview":"max-video-preview:-1"},"canonical":"https:\/\/fundacion-biodiversidad.es\/en\/actualidad_home\/38-species-and-habitat-conservation-projects-in-the-natura-2000-network\/","og_locale":"en_US","og_type":"article","og_title":"38 species and habitat conservation projects in the Natura 2000 Network - Fundaci\u00f3n Biodiversidad","og_description":"The director of the Biodiversity Foundation of the Ministry of Agriculture, Food and the Environment, Sonia Casta\u00f1eda, participated today in the celebrations of the European [&hellip;]","og_url":"https:\/\/fundacion-biodiversidad.es\/en\/actualidad_home\/38-species-and-habitat-conservation-projects-in-the-natura-2000-network\/","og_site_name":"Fundaci\u00f3n Biodiversidad","og_image":[{"width":720,"height":405,"url":"https:\/\/fundacion-biodiversidad.es\/wp-content\/uploads\/2023\/01\/2487661294_35330241_720x405.png","type":"image\/png"}],"twitter_card":"summary_large_image","twitter_misc":{"Est. reading time":"2 minutes"},"schema":{"@context":"https:\/\/schema.org","@graph":[{"@type":"WebPage","@id":"https:\/\/fundacion-biodiversidad.es\/en\/actualidad_home\/38-species-and-habitat-conservation-projects-in-the-natura-2000-network\/","url":"https:\/\/fundacion-biodiversidad.es\/en\/actualidad_home\/38-species-and-habitat-conservation-projects-in-the-natura-2000-network\/","name":"38 species and habitat conservation projects in the Natura 2000 Network - Fundaci\u00f3n Biodiversidad","isPartOf":{"@id":"https:\/\/fundacion-biodiversidad.es\/en\/#website"},"primaryImageOfPage":{"@id":"https:\/\/fundacion-biodiversidad.es\/en\/actualidad_home\/38-species-and-habitat-conservation-projects-in-the-natura-2000-network\/#primaryimage"},"image":{"@id":"https:\/\/fundacion-biodiversidad.es\/en\/actualidad_home\/38-species-and-habitat-conservation-projects-in-the-natura-2000-network\/#primaryimage"},"thumbnailUrl":"https:\/\/fundacion-biodiversidad.es\/wp-content\/uploads\/2015\/05\/visita_aula_apicola_red_natura_2000-scaled.jpg","datePublished":"2015-05-14T12:02:29+00:00","breadcrumb":{"@id":"https:\/\/fundacion-biodiversidad.es\/en\/actualidad_home\/38-species-and-habitat-conservation-projects-in-the-natura-2000-network\/#breadcrumb"},"inLanguage":"en-US","potentialAction":[{"@type":"ReadAction","target":["https:\/\/fundacion-biodiversidad.es\/en\/actualidad_home\/38-species-and-habitat-conservation-projects-in-the-natura-2000-network\/"]}]},{"@type":"ImageObject","inLanguage":"en-US","@id":"https:\/\/fundacion-biodiversidad.es\/en\/actualidad_home\/38-species-and-habitat-conservation-projects-in-the-natura-2000-network\/#primaryimage","url":"https:\/\/fundacion-biodiversidad.es\/wp-content\/uploads\/2015\/05\/visita_aula_apicola_red_natura_2000-scaled.jpg","contentUrl":"https:\/\/fundacion-biodiversidad.es\/wp-content\/uploads\/2015\/05\/visita_aula_apicola_red_natura_2000-scaled.jpg","width":2560,"height":1440},{"@type":"BreadcrumbList","@id":"https:\/\/fundacion-biodiversidad.es\/en\/actualidad_home\/38-species-and-habitat-conservation-projects-in-the-natura-2000-network\/#breadcrumb","itemListElement":[{"@type":"ListItem","position":1,"name":"Portada","item":"https:\/\/fundacion-biodiversidad.es\/en\/inicio\/"},{"@type":"ListItem","position":2,"name":"Noticias de actualidad","item":"https:\/\/fundacion-biodiversidad.es\/en\/actualidad_home\/"},{"@type":"ListItem","position":3,"name":"38 species and habitat conservation projects in the Natura 2000 Network"}]},{"@type":"WebSite","@id":"https:\/\/fundacion-biodiversidad.es\/en\/#website","url":"https:\/\/fundacion-biodiversidad.es\/en\/","name":"Fundaci\u00f3n Biodiversidad","description":"Fundaci\u00f3n p\u00fablica adscrita al Ministerio para la Transici\u00f3n Ecol\u00f3gica","potentialAction":[{"@type":"SearchAction","target":{"@type":"EntryPoint","urlTemplate":"https:\/\/fundacion-biodiversidad.es\/en\/?s={search_term_string}"},"query-input":{"@type":"PropertyValueSpecification","valueRequired":true,"valueName":"search_term_string"}}],"inLanguage":"en-US"}]}},"_links":{"self":[{"href":"https:\/\/fundacion-biodiversidad.es\/en\/wp-json\/wp\/v2\/actualidad_home\/97857901","targetHints":{"allow":["GET"]}}],"collection":[{"href":"https:\/\/fundacion-biodiversidad.es\/en\/wp-json\/wp\/v2\/actualidad_home"}],"about":[{"href":"https:\/\/fundacion-biodiversidad.es\/en\/wp-json\/wp\/v2\/types\/actualidad_home"}],"author":[{"embeddable":true,"href":"https:\/\/fundacion-biodiversidad.es\/en\/wp-json\/wp\/v2\/users\/11"}],"wp:featuredmedia":[{"embeddable":true,"href":"https:\/\/fundacion-biodiversidad.es\/en\/wp-json\/wp\/v2\/media\/35571"}],"wp:attachment":[{"href":"https:\/\/fundacion-biodiversidad.es\/en\/wp-json\/wp\/v2\/media?parent=97857901"}],"wp:term":[{"taxonomy":"palabras_clave","embeddable":true,"href":"https:\/\/fundacion-biodiversidad.es\/en\/wp-json\/wp\/v2\/palabras_clave?post=97857901"}],"curies":[{"name":"wp","href":"https:\/\/api.w.org\/{rel}","templated":true}]}}