{"id":97857907,"date":"2015-04-18T06:30:00","date_gmt":"2015-04-18T04:30:00","guid":{"rendered":"https:\/\/fundacion-biodiversidad.es\/actualidad_home\/report-of-the-observatory-of-business-management-of-biodiversity\/"},"modified":"2015-04-18T06:30:00","modified_gmt":"2015-04-18T04:30:00","slug":"report-of-the-observatory-of-business-management-of-biodiversity","status":"publish","type":"actualidad_home","link":"https:\/\/fundacion-biodiversidad.es\/en\/actualidad_home\/report-of-the-observatory-of-business-management-of-biodiversity\/","title":{"rendered":"Report of the Observatory of Business Management of Biodiversity"},"content":{"rendered":"<p>The Secretary of State for the Environment,<strong> Federico Ramos<\/strong>, has presented <a href=\"http:\/\/www.magrama.gob.es\/es\/prensa\/noticias\/federico-ramos-presenta-el-observatorio-de-gesti%C3%B3n-empresarial-de-la-biodiversidad\/tcm7-374306-16\" target=\"_blank\" rel=\"noopener\"><strong>the &#8220;Observatory of Business Management of Biodiversity&#8221;,<\/strong><\/a> carried out by the Club for Excellence in Sustainability <strong>with the support of the Biodiversity Foundation of the <\/strong>Ministry of Agriculture, Food and the Environment. The study shows the strategy of Spanish companies in the management of biodiversity conservation. <br \/>\n&nbsp;<br \/>  Ramos has valued that Spanish companies have been able to incorporate variables such as the <strong>protection of biodiversity <\/strong>into their business activity. Biodiversity is currently a challenge within sustainability, and only sustainable companies will last,&#8221; he said.<br \/>\n&nbsp;<br \/>  In this sense, the report shows that<strong> 72% of large companies consider biodiversity conservation<\/strong> as part of their business strategy and that 22% of them consider it a business opportunity. This was presented by the general secretary of the Club for Excellence in Sustainability, Juan Alfaro, during the event. <br \/>\n&nbsp;<br \/>  In addition, the study, which took into account the opinion of <strong>50 large companies and 235 SMEs<\/strong>, reveals that only 24% of large companies and 3% of SMEs have training plans for their workers to integrate knowledge and biodiversity conservation related to their activities.<br \/>\n&nbsp;<\/p>\n","protected":false},"author":11,"featured_media":35557,"template":"","meta":{"_acf_changed":false},"palabras_clave":[35,110,34,214],"class_list":["post-97857907","actualidad_home","type-actualidad_home","status-publish","has-post-thumbnail","hentry","palabras_clave-biodiversidad","palabras_clave-federico-ramos","palabras_clave-fundacion-biodiversidad","palabras_clave-gestion-empresarial"],"acf":[],"yoast_head":"<!-- This site is optimized with the Yoast SEO plugin v26.9 - https:\/\/yoast.com\/product\/yoast-seo-wordpress\/ -->\n<title>Report of the Observatory of Business Management of Biodiversity - Fundaci\u00f3n Biodiversidad<\/title>\n<meta name=\"robots\" content=\"index, follow, max-snippet:-1, max-image-preview:large, max-video-preview:-1\" \/>\n<link rel=\"canonical\" href=\"https:\/\/fundacion-biodiversidad.es\/en\/actualidad_home\/report-of-the-observatory-of-business-management-of-biodiversity\/\" \/>\n<meta property=\"og:locale\" content=\"en_US\" \/>\n<meta property=\"og:type\" content=\"article\" \/>\n<meta property=\"og:title\" content=\"Report of the Observatory of Business Management of Biodiversity - Fundaci\u00f3n Biodiversidad\" \/>\n<meta property=\"og:description\" content=\"The Secretary of State for the Environment, Federico Ramos, has presented the &#8220;Observatory of Business Management of Biodiversity&#8221;, carried out by the Club for Excellence [&hellip;]\" \/>\n<meta property=\"og:url\" content=\"https:\/\/fundacion-biodiversidad.es\/en\/actualidad_home\/report-of-the-observatory-of-business-management-of-biodiversity\/\" \/>\n<meta property=\"og:site_name\" content=\"Fundaci\u00f3n Biodiversidad\" \/>\n<meta property=\"og:image\" content=\"https:\/\/fundacion-biodiversidad.es\/wp-content\/uploads\/2023\/01\/2487661294_35330241_720x405.png\" \/>\n\t<meta property=\"og:image:width\" content=\"720\" \/>\n\t<meta property=\"og:image:height\" content=\"405\" \/>\n\t<meta property=\"og:image:type\" content=\"image\/png\" \/>\n<meta name=\"twitter:card\" content=\"summary_large_image\" \/>\n<meta name=\"twitter:label1\" content=\"Est. reading time\" \/>\n\t<meta name=\"twitter:data1\" content=\"1 minute\" \/>\n<script type=\"application\/ld+json\" class=\"yoast-schema-graph\">{\"@context\":\"https:\/\/schema.org\",\"@graph\":[{\"@type\":\"WebPage\",\"@id\":\"https:\/\/fundacion-biodiversidad.es\/en\/actualidad_home\/report-of-the-observatory-of-business-management-of-biodiversity\/\",\"url\":\"https:\/\/fundacion-biodiversidad.es\/en\/actualidad_home\/report-of-the-observatory-of-business-management-of-biodiversity\/\",\"name\":\"Report of the Observatory of Business Management of Biodiversity - Fundaci\u00f3n Biodiversidad\",\"isPartOf\":{\"@id\":\"https:\/\/fundacion-biodiversidad.es\/en\/#website\"},\"primaryImageOfPage\":{\"@id\":\"https:\/\/fundacion-biodiversidad.es\/en\/actualidad_home\/report-of-the-observatory-of-business-management-of-biodiversity\/#primaryimage\"},\"image\":{\"@id\":\"https:\/\/fundacion-biodiversidad.es\/en\/actualidad_home\/report-of-the-observatory-of-business-management-of-biodiversity\/#primaryimage\"},\"thumbnailUrl\":\"https:\/\/fundacion-biodiversidad.es\/wp-content\/uploads\/2015\/04\/observatorio_biodiversidad_empresa-scaled.jpg\",\"datePublished\":\"2015-04-18T04:30:00+00:00\",\"breadcrumb\":{\"@id\":\"https:\/\/fundacion-biodiversidad.es\/en\/actualidad_home\/report-of-the-observatory-of-business-management-of-biodiversity\/#breadcrumb\"},\"inLanguage\":\"en-US\",\"potentialAction\":[{\"@type\":\"ReadAction\",\"target\":[\"https:\/\/fundacion-biodiversidad.es\/en\/actualidad_home\/report-of-the-observatory-of-business-management-of-biodiversity\/\"]}]},{\"@type\":\"ImageObject\",\"inLanguage\":\"en-US\",\"@id\":\"https:\/\/fundacion-biodiversidad.es\/en\/actualidad_home\/report-of-the-observatory-of-business-management-of-biodiversity\/#primaryimage\",\"url\":\"https:\/\/fundacion-biodiversidad.es\/wp-content\/uploads\/2015\/04\/observatorio_biodiversidad_empresa-scaled.jpg\",\"contentUrl\":\"https:\/\/fundacion-biodiversidad.es\/wp-content\/uploads\/2015\/04\/observatorio_biodiversidad_empresa-scaled.jpg\",\"width\":2560,\"height\":1663},{\"@type\":\"BreadcrumbList\",\"@id\":\"https:\/\/fundacion-biodiversidad.es\/en\/actualidad_home\/report-of-the-observatory-of-business-management-of-biodiversity\/#breadcrumb\",\"itemListElement\":[{\"@type\":\"ListItem\",\"position\":1,\"name\":\"Portada\",\"item\":\"https:\/\/fundacion-biodiversidad.es\/en\/inicio\/\"},{\"@type\":\"ListItem\",\"position\":2,\"name\":\"Noticias de actualidad\",\"item\":\"https:\/\/fundacion-biodiversidad.es\/en\/actualidad_home\/\"},{\"@type\":\"ListItem\",\"position\":3,\"name\":\"Report of the Observatory of Business Management of Biodiversity\"}]},{\"@type\":\"WebSite\",\"@id\":\"https:\/\/fundacion-biodiversidad.es\/en\/#website\",\"url\":\"https:\/\/fundacion-biodiversidad.es\/en\/\",\"name\":\"Fundaci\u00f3n Biodiversidad\",\"description\":\"Fundaci\u00f3n p\u00fablica adscrita al Ministerio para la Transici\u00f3n Ecol\u00f3gica\",\"potentialAction\":[{\"@type\":\"SearchAction\",\"target\":{\"@type\":\"EntryPoint\",\"urlTemplate\":\"https:\/\/fundacion-biodiversidad.es\/en\/?s={search_term_string}\"},\"query-input\":{\"@type\":\"PropertyValueSpecification\",\"valueRequired\":true,\"valueName\":\"search_term_string\"}}],\"inLanguage\":\"en-US\"}]}<\/script>\n<!-- \/ Yoast SEO plugin. -->","yoast_head_json":{"title":"Report of the Observatory of Business Management of Biodiversity - Fundaci\u00f3n Biodiversidad","robots":{"index":"index","follow":"follow","max-snippet":"max-snippet:-1","max-image-preview":"max-image-preview:large","max-video-preview":"max-video-preview:-1"},"canonical":"https:\/\/fundacion-biodiversidad.es\/en\/actualidad_home\/report-of-the-observatory-of-business-management-of-biodiversity\/","og_locale":"en_US","og_type":"article","og_title":"Report of the Observatory of Business Management of Biodiversity - Fundaci\u00f3n Biodiversidad","og_description":"The Secretary of State for the Environment, Federico Ramos, has presented the &#8220;Observatory of Business Management of Biodiversity&#8221;, carried out by the Club for Excellence [&hellip;]","og_url":"https:\/\/fundacion-biodiversidad.es\/en\/actualidad_home\/report-of-the-observatory-of-business-management-of-biodiversity\/","og_site_name":"Fundaci\u00f3n Biodiversidad","og_image":[{"width":720,"height":405,"url":"https:\/\/fundacion-biodiversidad.es\/wp-content\/uploads\/2023\/01\/2487661294_35330241_720x405.png","type":"image\/png"}],"twitter_card":"summary_large_image","twitter_misc":{"Est. reading time":"1 minute"},"schema":{"@context":"https:\/\/schema.org","@graph":[{"@type":"WebPage","@id":"https:\/\/fundacion-biodiversidad.es\/en\/actualidad_home\/report-of-the-observatory-of-business-management-of-biodiversity\/","url":"https:\/\/fundacion-biodiversidad.es\/en\/actualidad_home\/report-of-the-observatory-of-business-management-of-biodiversity\/","name":"Report of the Observatory of Business Management of Biodiversity - Fundaci\u00f3n Biodiversidad","isPartOf":{"@id":"https:\/\/fundacion-biodiversidad.es\/en\/#website"},"primaryImageOfPage":{"@id":"https:\/\/fundacion-biodiversidad.es\/en\/actualidad_home\/report-of-the-observatory-of-business-management-of-biodiversity\/#primaryimage"},"image":{"@id":"https:\/\/fundacion-biodiversidad.es\/en\/actualidad_home\/report-of-the-observatory-of-business-management-of-biodiversity\/#primaryimage"},"thumbnailUrl":"https:\/\/fundacion-biodiversidad.es\/wp-content\/uploads\/2015\/04\/observatorio_biodiversidad_empresa-scaled.jpg","datePublished":"2015-04-18T04:30:00+00:00","breadcrumb":{"@id":"https:\/\/fundacion-biodiversidad.es\/en\/actualidad_home\/report-of-the-observatory-of-business-management-of-biodiversity\/#breadcrumb"},"inLanguage":"en-US","potentialAction":[{"@type":"ReadAction","target":["https:\/\/fundacion-biodiversidad.es\/en\/actualidad_home\/report-of-the-observatory-of-business-management-of-biodiversity\/"]}]},{"@type":"ImageObject","inLanguage":"en-US","@id":"https:\/\/fundacion-biodiversidad.es\/en\/actualidad_home\/report-of-the-observatory-of-business-management-of-biodiversity\/#primaryimage","url":"https:\/\/fundacion-biodiversidad.es\/wp-content\/uploads\/2015\/04\/observatorio_biodiversidad_empresa-scaled.jpg","contentUrl":"https:\/\/fundacion-biodiversidad.es\/wp-content\/uploads\/2015\/04\/observatorio_biodiversidad_empresa-scaled.jpg","width":2560,"height":1663},{"@type":"BreadcrumbList","@id":"https:\/\/fundacion-biodiversidad.es\/en\/actualidad_home\/report-of-the-observatory-of-business-management-of-biodiversity\/#breadcrumb","itemListElement":[{"@type":"ListItem","position":1,"name":"Portada","item":"https:\/\/fundacion-biodiversidad.es\/en\/inicio\/"},{"@type":"ListItem","position":2,"name":"Noticias de actualidad","item":"https:\/\/fundacion-biodiversidad.es\/en\/actualidad_home\/"},{"@type":"ListItem","position":3,"name":"Report of the Observatory of Business Management of Biodiversity"}]},{"@type":"WebSite","@id":"https:\/\/fundacion-biodiversidad.es\/en\/#website","url":"https:\/\/fundacion-biodiversidad.es\/en\/","name":"Fundaci\u00f3n Biodiversidad","description":"Fundaci\u00f3n p\u00fablica adscrita al Ministerio para la Transici\u00f3n Ecol\u00f3gica","potentialAction":[{"@type":"SearchAction","target":{"@type":"EntryPoint","urlTemplate":"https:\/\/fundacion-biodiversidad.es\/en\/?s={search_term_string}"},"query-input":{"@type":"PropertyValueSpecification","valueRequired":true,"valueName":"search_term_string"}}],"inLanguage":"en-US"}]}},"_links":{"self":[{"href":"https:\/\/fundacion-biodiversidad.es\/en\/wp-json\/wp\/v2\/actualidad_home\/97857907","targetHints":{"allow":["GET"]}}],"collection":[{"href":"https:\/\/fundacion-biodiversidad.es\/en\/wp-json\/wp\/v2\/actualidad_home"}],"about":[{"href":"https:\/\/fundacion-biodiversidad.es\/en\/wp-json\/wp\/v2\/types\/actualidad_home"}],"author":[{"embeddable":true,"href":"https:\/\/fundacion-biodiversidad.es\/en\/wp-json\/wp\/v2\/users\/11"}],"wp:featuredmedia":[{"embeddable":true,"href":"https:\/\/fundacion-biodiversidad.es\/en\/wp-json\/wp\/v2\/media\/35557"}],"wp:attachment":[{"href":"https:\/\/fundacion-biodiversidad.es\/en\/wp-json\/wp\/v2\/media?parent=97857907"}],"wp:term":[{"taxonomy":"palabras_clave","embeddable":true,"href":"https:\/\/fundacion-biodiversidad.es\/en\/wp-json\/wp\/v2\/palabras_clave?post=97857907"}],"curies":[{"name":"wp","href":"https:\/\/api.w.org\/{rel}","templated":true}]}}