{"id":97857908,"date":"2015-04-14T11:43:12","date_gmt":"2015-04-14T09:43:12","guid":{"rendered":"https:\/\/fundacion-biodiversidad.es\/actualidad_home\/decathlon-spain-ieeb-company-finalist-in-the-green-awards\/"},"modified":"2015-04-14T11:43:12","modified_gmt":"2015-04-14T09:43:12","slug":"decathlon-spain-ieeb-company-finalist-in-the-green-awards","status":"publish","type":"actualidad_home","link":"https:\/\/fundacion-biodiversidad.es\/en\/actualidad_home\/decathlon-spain-ieeb-company-finalist-in-the-green-awards\/","title":{"rendered":"Decathlon Spain, IEEB company, finalist in the &#8216;Green Awards&#8217;"},"content":{"rendered":"<p>Decathlon Spain, a company that joined <a href=\"http:\/\/ieeb.fundacion-biodiversidad.es\/content\/pacto-por-la-biodiversidad-0\" target=\"_blank\" rel=\"noopener\"><strong>the &#8220;Pact for Biodiversity&#8221;<\/strong><\/a> in 2014, is for the first time among the five finalists of the &#8216;Green Awards&#8217;, promoted by Decathlon International. These awards, the winner of which will be announced in May, recognise the sustainable activity carried out by each entity that is presented. <br \/>\n&nbsp;<br \/>  Within the framework of the<a href=\"http:\/\/fundacion-biodiversidad.es\/economia-y-empleo-verde\/proyectos-propios\/iniciativa-espanola-empresa-y-biodiversidad\"> <strong>Spanish Business and Biodiversity Initiative<\/strong><\/a> coordinated by the Biodiversity Foundation, Decathlon Spain has developed activities related to the <a href=\"http:\/\/chiringuitosyvoluntarios.es\/\" rel=\"nofollow noopener\" target=\"_blank\"><strong>cleaning of beaches, trails and rivers <\/strong><\/a>in different cities in Spain such as A Coru\u00f1a, Malaga or Tarragona.<br \/>\n&nbsp;<br \/>  In addition, during 2014, it has carried out various actions under the slogan &#8220;Help us take care of your favorite sports space&#8221;, with which it sought to <strong>reduce the impact of its activity on the environment<\/strong>, uniting environmental conservation and sport, and involving customers and collaborators.<br \/>\n&nbsp;<br \/>  The companies that are part of the <strong>Spanish Business and Biodiversity Initiative<\/strong> evaluate the impact of their activity on the natural environment and define realistic and quantifiable measures, which must be reviewed every three years, to <strong>safeguard biodiversity<\/strong>.<\/p>\n","protected":false},"author":11,"featured_media":35556,"template":"","meta":{"_acf_changed":false},"palabras_clave":[34,210,209,117],"class_list":["post-97857908","actualidad_home","type-actualidad_home","status-publish","has-post-thumbnail","hentry","palabras_clave-fundacion-biodiversidad","palabras_clave-impacto-ambiental","palabras_clave-limpieza-de-playas","palabras_clave-voluntariado"],"acf":[],"yoast_head":"<!-- This site is optimized with the Yoast SEO plugin v26.9 - https:\/\/yoast.com\/product\/yoast-seo-wordpress\/ -->\n<title>Decathlon Spain, IEEB company, finalist in the &#039;Green Awards&#039; - Fundaci\u00f3n Biodiversidad<\/title>\n<meta name=\"robots\" content=\"index, follow, max-snippet:-1, max-image-preview:large, max-video-preview:-1\" \/>\n<link rel=\"canonical\" href=\"https:\/\/fundacion-biodiversidad.es\/en\/actualidad_home\/decathlon-spain-ieeb-company-finalist-in-the-green-awards\/\" \/>\n<meta property=\"og:locale\" content=\"en_US\" \/>\n<meta property=\"og:type\" content=\"article\" \/>\n<meta property=\"og:title\" content=\"Decathlon Spain, IEEB company, finalist in the &#039;Green Awards&#039; - Fundaci\u00f3n Biodiversidad\" \/>\n<meta property=\"og:description\" content=\"Decathlon Spain, a company that joined the &#8220;Pact for Biodiversity&#8221; in 2014, is for the first time among the five finalists of the &#8216;Green Awards&#8217;, [&hellip;]\" \/>\n<meta property=\"og:url\" content=\"https:\/\/fundacion-biodiversidad.es\/en\/actualidad_home\/decathlon-spain-ieeb-company-finalist-in-the-green-awards\/\" \/>\n<meta property=\"og:site_name\" content=\"Fundaci\u00f3n Biodiversidad\" \/>\n<meta property=\"og:image\" content=\"https:\/\/fundacion-biodiversidad.es\/wp-content\/uploads\/2023\/01\/2487661294_35330241_720x405.png\" \/>\n\t<meta property=\"og:image:width\" content=\"720\" \/>\n\t<meta property=\"og:image:height\" content=\"405\" \/>\n\t<meta property=\"og:image:type\" content=\"image\/png\" \/>\n<meta name=\"twitter:card\" content=\"summary_large_image\" \/>\n<meta name=\"twitter:label1\" content=\"Est. reading time\" \/>\n\t<meta name=\"twitter:data1\" content=\"1 minute\" \/>\n<script type=\"application\/ld+json\" class=\"yoast-schema-graph\">{\"@context\":\"https:\/\/schema.org\",\"@graph\":[{\"@type\":\"WebPage\",\"@id\":\"https:\/\/fundacion-biodiversidad.es\/en\/actualidad_home\/decathlon-spain-ieeb-company-finalist-in-the-green-awards\/\",\"url\":\"https:\/\/fundacion-biodiversidad.es\/en\/actualidad_home\/decathlon-spain-ieeb-company-finalist-in-the-green-awards\/\",\"name\":\"Decathlon Spain, IEEB company, finalist in the 'Green Awards' - Fundaci\u00f3n Biodiversidad\",\"isPartOf\":{\"@id\":\"https:\/\/fundacion-biodiversidad.es\/en\/#website\"},\"primaryImageOfPage\":{\"@id\":\"https:\/\/fundacion-biodiversidad.es\/en\/actualidad_home\/decathlon-spain-ieeb-company-finalist-in-the-green-awards\/#primaryimage\"},\"image\":{\"@id\":\"https:\/\/fundacion-biodiversidad.es\/en\/actualidad_home\/decathlon-spain-ieeb-company-finalist-in-the-green-awards\/#primaryimage\"},\"thumbnailUrl\":\"https:\/\/fundacion-biodiversidad.es\/wp-content\/uploads\/2015\/04\/green_awards_decathlon.jpg\",\"datePublished\":\"2015-04-14T09:43:12+00:00\",\"breadcrumb\":{\"@id\":\"https:\/\/fundacion-biodiversidad.es\/en\/actualidad_home\/decathlon-spain-ieeb-company-finalist-in-the-green-awards\/#breadcrumb\"},\"inLanguage\":\"en-US\",\"potentialAction\":[{\"@type\":\"ReadAction\",\"target\":[\"https:\/\/fundacion-biodiversidad.es\/en\/actualidad_home\/decathlon-spain-ieeb-company-finalist-in-the-green-awards\/\"]}]},{\"@type\":\"ImageObject\",\"inLanguage\":\"en-US\",\"@id\":\"https:\/\/fundacion-biodiversidad.es\/en\/actualidad_home\/decathlon-spain-ieeb-company-finalist-in-the-green-awards\/#primaryimage\",\"url\":\"https:\/\/fundacion-biodiversidad.es\/wp-content\/uploads\/2015\/04\/green_awards_decathlon.jpg\",\"contentUrl\":\"https:\/\/fundacion-biodiversidad.es\/wp-content\/uploads\/2015\/04\/green_awards_decathlon.jpg\",\"width\":993,\"height\":789},{\"@type\":\"BreadcrumbList\",\"@id\":\"https:\/\/fundacion-biodiversidad.es\/en\/actualidad_home\/decathlon-spain-ieeb-company-finalist-in-the-green-awards\/#breadcrumb\",\"itemListElement\":[{\"@type\":\"ListItem\",\"position\":1,\"name\":\"Portada\",\"item\":\"https:\/\/fundacion-biodiversidad.es\/en\/inicio\/\"},{\"@type\":\"ListItem\",\"position\":2,\"name\":\"Noticias de actualidad\",\"item\":\"https:\/\/fundacion-biodiversidad.es\/en\/actualidad_home\/\"},{\"@type\":\"ListItem\",\"position\":3,\"name\":\"Decathlon Spain, IEEB company, finalist in the &#8216;Green Awards&#8217;\"}]},{\"@type\":\"WebSite\",\"@id\":\"https:\/\/fundacion-biodiversidad.es\/en\/#website\",\"url\":\"https:\/\/fundacion-biodiversidad.es\/en\/\",\"name\":\"Fundaci\u00f3n Biodiversidad\",\"description\":\"Fundaci\u00f3n p\u00fablica adscrita al Ministerio para la Transici\u00f3n Ecol\u00f3gica\",\"potentialAction\":[{\"@type\":\"SearchAction\",\"target\":{\"@type\":\"EntryPoint\",\"urlTemplate\":\"https:\/\/fundacion-biodiversidad.es\/en\/?s={search_term_string}\"},\"query-input\":{\"@type\":\"PropertyValueSpecification\",\"valueRequired\":true,\"valueName\":\"search_term_string\"}}],\"inLanguage\":\"en-US\"}]}<\/script>\n<!-- \/ Yoast SEO plugin. -->","yoast_head_json":{"title":"Decathlon Spain, IEEB company, finalist in the 'Green Awards' - Fundaci\u00f3n Biodiversidad","robots":{"index":"index","follow":"follow","max-snippet":"max-snippet:-1","max-image-preview":"max-image-preview:large","max-video-preview":"max-video-preview:-1"},"canonical":"https:\/\/fundacion-biodiversidad.es\/en\/actualidad_home\/decathlon-spain-ieeb-company-finalist-in-the-green-awards\/","og_locale":"en_US","og_type":"article","og_title":"Decathlon Spain, IEEB company, finalist in the 'Green Awards' - Fundaci\u00f3n Biodiversidad","og_description":"Decathlon Spain, a company that joined the &#8220;Pact for Biodiversity&#8221; in 2014, is for the first time among the five finalists of the &#8216;Green Awards&#8217;, [&hellip;]","og_url":"https:\/\/fundacion-biodiversidad.es\/en\/actualidad_home\/decathlon-spain-ieeb-company-finalist-in-the-green-awards\/","og_site_name":"Fundaci\u00f3n Biodiversidad","og_image":[{"width":720,"height":405,"url":"https:\/\/fundacion-biodiversidad.es\/wp-content\/uploads\/2023\/01\/2487661294_35330241_720x405.png","type":"image\/png"}],"twitter_card":"summary_large_image","twitter_misc":{"Est. reading time":"1 minute"},"schema":{"@context":"https:\/\/schema.org","@graph":[{"@type":"WebPage","@id":"https:\/\/fundacion-biodiversidad.es\/en\/actualidad_home\/decathlon-spain-ieeb-company-finalist-in-the-green-awards\/","url":"https:\/\/fundacion-biodiversidad.es\/en\/actualidad_home\/decathlon-spain-ieeb-company-finalist-in-the-green-awards\/","name":"Decathlon Spain, IEEB company, finalist in the 'Green Awards' - Fundaci\u00f3n Biodiversidad","isPartOf":{"@id":"https:\/\/fundacion-biodiversidad.es\/en\/#website"},"primaryImageOfPage":{"@id":"https:\/\/fundacion-biodiversidad.es\/en\/actualidad_home\/decathlon-spain-ieeb-company-finalist-in-the-green-awards\/#primaryimage"},"image":{"@id":"https:\/\/fundacion-biodiversidad.es\/en\/actualidad_home\/decathlon-spain-ieeb-company-finalist-in-the-green-awards\/#primaryimage"},"thumbnailUrl":"https:\/\/fundacion-biodiversidad.es\/wp-content\/uploads\/2015\/04\/green_awards_decathlon.jpg","datePublished":"2015-04-14T09:43:12+00:00","breadcrumb":{"@id":"https:\/\/fundacion-biodiversidad.es\/en\/actualidad_home\/decathlon-spain-ieeb-company-finalist-in-the-green-awards\/#breadcrumb"},"inLanguage":"en-US","potentialAction":[{"@type":"ReadAction","target":["https:\/\/fundacion-biodiversidad.es\/en\/actualidad_home\/decathlon-spain-ieeb-company-finalist-in-the-green-awards\/"]}]},{"@type":"ImageObject","inLanguage":"en-US","@id":"https:\/\/fundacion-biodiversidad.es\/en\/actualidad_home\/decathlon-spain-ieeb-company-finalist-in-the-green-awards\/#primaryimage","url":"https:\/\/fundacion-biodiversidad.es\/wp-content\/uploads\/2015\/04\/green_awards_decathlon.jpg","contentUrl":"https:\/\/fundacion-biodiversidad.es\/wp-content\/uploads\/2015\/04\/green_awards_decathlon.jpg","width":993,"height":789},{"@type":"BreadcrumbList","@id":"https:\/\/fundacion-biodiversidad.es\/en\/actualidad_home\/decathlon-spain-ieeb-company-finalist-in-the-green-awards\/#breadcrumb","itemListElement":[{"@type":"ListItem","position":1,"name":"Portada","item":"https:\/\/fundacion-biodiversidad.es\/en\/inicio\/"},{"@type":"ListItem","position":2,"name":"Noticias de actualidad","item":"https:\/\/fundacion-biodiversidad.es\/en\/actualidad_home\/"},{"@type":"ListItem","position":3,"name":"Decathlon Spain, IEEB company, finalist in the &#8216;Green Awards&#8217;"}]},{"@type":"WebSite","@id":"https:\/\/fundacion-biodiversidad.es\/en\/#website","url":"https:\/\/fundacion-biodiversidad.es\/en\/","name":"Fundaci\u00f3n Biodiversidad","description":"Fundaci\u00f3n p\u00fablica adscrita al Ministerio para la Transici\u00f3n Ecol\u00f3gica","potentialAction":[{"@type":"SearchAction","target":{"@type":"EntryPoint","urlTemplate":"https:\/\/fundacion-biodiversidad.es\/en\/?s={search_term_string}"},"query-input":{"@type":"PropertyValueSpecification","valueRequired":true,"valueName":"search_term_string"}}],"inLanguage":"en-US"}]}},"_links":{"self":[{"href":"https:\/\/fundacion-biodiversidad.es\/en\/wp-json\/wp\/v2\/actualidad_home\/97857908","targetHints":{"allow":["GET"]}}],"collection":[{"href":"https:\/\/fundacion-biodiversidad.es\/en\/wp-json\/wp\/v2\/actualidad_home"}],"about":[{"href":"https:\/\/fundacion-biodiversidad.es\/en\/wp-json\/wp\/v2\/types\/actualidad_home"}],"author":[{"embeddable":true,"href":"https:\/\/fundacion-biodiversidad.es\/en\/wp-json\/wp\/v2\/users\/11"}],"wp:featuredmedia":[{"embeddable":true,"href":"https:\/\/fundacion-biodiversidad.es\/en\/wp-json\/wp\/v2\/media\/35556"}],"wp:attachment":[{"href":"https:\/\/fundacion-biodiversidad.es\/en\/wp-json\/wp\/v2\/media?parent=97857908"}],"wp:term":[{"taxonomy":"palabras_clave","embeddable":true,"href":"https:\/\/fundacion-biodiversidad.es\/en\/wp-json\/wp\/v2\/palabras_clave?post=97857908"}],"curies":[{"name":"wp","href":"https:\/\/api.w.org\/{rel}","templated":true}]}}