{"id":97857909,"date":"2015-04-26T07:00:00","date_gmt":"2015-04-26T05:00:00","guid":{"rendered":"https:\/\/fundacion-biodiversidad.es\/actualidad_home\/the-emprendeverde-network-present-in-sustainable-brands\/"},"modified":"2015-04-26T07:00:00","modified_gmt":"2015-04-26T05:00:00","slug":"the-emprendeverde-network-present-in-sustainable-brands","status":"publish","type":"actualidad_home","link":"https:\/\/fundacion-biodiversidad.es\/en\/actualidad_home\/the-emprendeverde-network-present-in-sustainable-brands\/","title":{"rendered":"The Emprendeverde Network present in &#8216;Sustainable Brands&#8217;"},"content":{"rendered":"<p>The<strong> <a href=\"http:\/\/www.redemprendeverde.es\/\" rel=\"nofollow noopener\" target=\"_blank\">Emprendeverde Network<\/a><\/strong> of the Biodiversity Foundation of the Ministry of Agriculture, Food and the Environment participates in the<strong> &#8216;Sustainable Brands&#8217;<\/strong> meeting, which is being held in Barcelona, with a stand in which nine entrepreneurs from the Network will present their green business lines, which are committed to a new sustainable economy.<br \/>\n&nbsp;<br \/>  This meeting brings together nearly 350,000 business leaders and has become the largest event to <strong>discuss business and sustainability<\/strong> with the mission of inspiring, engaging and equipping innovative brands and companies. The event also allows companies, administrations, citizens and non-profit organisations to discuss <strong>sustainable innovation as a lever for growth and differentiation<\/strong>. <br \/>\n&nbsp;<br \/>  Sustainable Brands are present not only the best-known brands but also social entrepreneurs and suppliers, sustainability analysts, researchers, NGOs, investors, academics and government agencies, committed to building a more sustainable future.<br \/>\n&nbsp;<br \/>  At the same time, the &#8216;Sustainable Sunday&#8217; event will be held, a day of leisure with workshops for all audiences and styles, which will show how to contribute to a more sustainable world. <a href=\"http:\/\/www.redemprendeverde.es\/pg\/news\/admin\/read\/58771\/La%20Red%20emprendeverde%20llega%20a%20Barcelona,%20pr%C3%B3ximo%2026%20de%20abril\/\" rel=\"nofollow noopener\" target=\"_blank\"><strong>Entrepreneurs from the Emprendeverde Network will participate<\/strong><\/a> in this day and will show their products to the attendees. Thus, the company of green bicycle routes<strong> <a href=\"http:\/\/vida-bike.com\/\" rel=\"nofollow\">Vida Bike<\/a><\/strong>, the <strong><a href=\"http:\/\/www.fitomims.com\" rel=\"nofollow\">Fitomims<\/a><\/strong> initiative that makes natural and vegetable cosmetic products, or <strong><a href=\"http:\/\/www.beebeebabies.com\" rel=\"nofollow\">Bee Babies<\/a> <\/strong>that is dedicated to the marketing of baby clothes with ecological materials, are some of the ideas that will be shown.  <br \/>\n&nbsp;<br \/>  Also passing through the stand of the Biodiversity Foundation, <strong><a href=\"http:\/\/www.tucuxi.es\/\" rel=\"nofollow\">Tucuxi<\/a><\/strong>, which manufactures 100% cotton reusable cloth diapers, the organic ice cream and yogurt initiative <strong><a href=\"http:\/\/www.bodevici.com\/\" rel=\"nofollow\">Bodevici<\/a><\/strong>, <strong><a href=\"http:\/\/ecohortum.com\/\" rel=\"nofollow\">Ecohortum<\/a><\/strong> that provides cultivation kits to set up an urban garden at home,<strong><a href=\"http:\/\/www.2147mans.coop\/es\/\" rel=\"nofollow\"> 2147 MANS<\/a><\/strong> that offers organic products at affordable prices, <strong><a href=\"http:\/\/thisiskarton.com\/es\/\" rel=\"nofollow\">This is karton<\/a><\/strong> that encourages the use of 100% recyclable cardboard toys,  promoting respect for the environment, and <strong><a href=\"http:\/\/www.iberfunghi.com\/\" rel=\"nofollow\">Iberfunghi<\/a><\/strong>, promoter of the cultivation of mushrooms from coffee grounds.<br \/>\n&nbsp;<br \/>  The Emprendeverde Network, co-financed by the European Social Fund and which currently <strong>has more than 7,000 members<\/strong>, is the first platform specialized in sustainable business aimed at entrepreneurs and investors. Its main objective is to help green entrepreneurs in the different stages of development of their business. <\/p>\n","protected":false},"author":11,"featured_media":35561,"template":"","meta":{"_acf_changed":false},"palabras_clave":[226,56,91,59,72,227,225],"class_list":["post-97857909","actualidad_home","type-actualidad_home","status-publish","has-post-thumbnail","hentry","palabras_clave-barcelona","palabras_clave-empleo-verde","palabras_clave-emprendedores","palabras_clave-red-emprendeverde","palabras_clave-sostenible","palabras_clave-sunday","palabras_clave-sustainable-brands"],"acf":[],"yoast_head":"<!-- This site is optimized with the Yoast SEO plugin v26.9 - https:\/\/yoast.com\/product\/yoast-seo-wordpress\/ -->\n<title>The Emprendeverde Network present in &#039;Sustainable Brands&#039; - Fundaci\u00f3n Biodiversidad<\/title>\n<meta name=\"robots\" content=\"index, follow, max-snippet:-1, max-image-preview:large, max-video-preview:-1\" \/>\n<link rel=\"canonical\" href=\"https:\/\/fundacion-biodiversidad.es\/en\/actualidad_home\/the-emprendeverde-network-present-in-sustainable-brands\/\" \/>\n<meta property=\"og:locale\" content=\"en_US\" \/>\n<meta property=\"og:type\" content=\"article\" \/>\n<meta property=\"og:title\" content=\"The Emprendeverde Network present in &#039;Sustainable Brands&#039; - Fundaci\u00f3n Biodiversidad\" \/>\n<meta property=\"og:description\" content=\"The Emprendeverde Network of the Biodiversity Foundation of the Ministry of Agriculture, Food and the Environment participates in the &#8216;Sustainable Brands&#8217; meeting, which is being [&hellip;]\" \/>\n<meta property=\"og:url\" content=\"https:\/\/fundacion-biodiversidad.es\/en\/actualidad_home\/the-emprendeverde-network-present-in-sustainable-brands\/\" \/>\n<meta property=\"og:site_name\" content=\"Fundaci\u00f3n Biodiversidad\" \/>\n<meta property=\"og:image\" content=\"https:\/\/fundacion-biodiversidad.es\/wp-content\/uploads\/2023\/01\/2487661294_35330241_720x405.png\" \/>\n\t<meta property=\"og:image:width\" content=\"720\" \/>\n\t<meta property=\"og:image:height\" content=\"405\" \/>\n\t<meta property=\"og:image:type\" content=\"image\/png\" \/>\n<meta name=\"twitter:card\" content=\"summary_large_image\" \/>\n<meta name=\"twitter:label1\" content=\"Est. reading time\" \/>\n\t<meta name=\"twitter:data1\" content=\"2 minutes\" \/>\n<script type=\"application\/ld+json\" class=\"yoast-schema-graph\">{\"@context\":\"https:\/\/schema.org\",\"@graph\":[{\"@type\":\"WebPage\",\"@id\":\"https:\/\/fundacion-biodiversidad.es\/en\/actualidad_home\/the-emprendeverde-network-present-in-sustainable-brands\/\",\"url\":\"https:\/\/fundacion-biodiversidad.es\/en\/actualidad_home\/the-emprendeverde-network-present-in-sustainable-brands\/\",\"name\":\"The Emprendeverde Network present in 'Sustainable Brands' - Fundaci\u00f3n Biodiversidad\",\"isPartOf\":{\"@id\":\"https:\/\/fundacion-biodiversidad.es\/en\/#website\"},\"primaryImageOfPage\":{\"@id\":\"https:\/\/fundacion-biodiversidad.es\/en\/actualidad_home\/the-emprendeverde-network-present-in-sustainable-brands\/#primaryimage\"},\"image\":{\"@id\":\"https:\/\/fundacion-biodiversidad.es\/en\/actualidad_home\/the-emprendeverde-network-present-in-sustainable-brands\/#primaryimage\"},\"thumbnailUrl\":\"https:\/\/fundacion-biodiversidad.es\/wp-content\/uploads\/2015\/04\/stand_sustainable_brands.jpg\",\"datePublished\":\"2015-04-26T05:00:00+00:00\",\"breadcrumb\":{\"@id\":\"https:\/\/fundacion-biodiversidad.es\/en\/actualidad_home\/the-emprendeverde-network-present-in-sustainable-brands\/#breadcrumb\"},\"inLanguage\":\"en-US\",\"potentialAction\":[{\"@type\":\"ReadAction\",\"target\":[\"https:\/\/fundacion-biodiversidad.es\/en\/actualidad_home\/the-emprendeverde-network-present-in-sustainable-brands\/\"]}]},{\"@type\":\"ImageObject\",\"inLanguage\":\"en-US\",\"@id\":\"https:\/\/fundacion-biodiversidad.es\/en\/actualidad_home\/the-emprendeverde-network-present-in-sustainable-brands\/#primaryimage\",\"url\":\"https:\/\/fundacion-biodiversidad.es\/wp-content\/uploads\/2015\/04\/stand_sustainable_brands.jpg\",\"contentUrl\":\"https:\/\/fundacion-biodiversidad.es\/wp-content\/uploads\/2015\/04\/stand_sustainable_brands.jpg\",\"width\":1126,\"height\":863},{\"@type\":\"BreadcrumbList\",\"@id\":\"https:\/\/fundacion-biodiversidad.es\/en\/actualidad_home\/the-emprendeverde-network-present-in-sustainable-brands\/#breadcrumb\",\"itemListElement\":[{\"@type\":\"ListItem\",\"position\":1,\"name\":\"Portada\",\"item\":\"https:\/\/fundacion-biodiversidad.es\/en\/inicio\/\"},{\"@type\":\"ListItem\",\"position\":2,\"name\":\"Noticias de actualidad\",\"item\":\"https:\/\/fundacion-biodiversidad.es\/en\/actualidad_home\/\"},{\"@type\":\"ListItem\",\"position\":3,\"name\":\"The Emprendeverde Network present in &#8216;Sustainable Brands&#8217;\"}]},{\"@type\":\"WebSite\",\"@id\":\"https:\/\/fundacion-biodiversidad.es\/en\/#website\",\"url\":\"https:\/\/fundacion-biodiversidad.es\/en\/\",\"name\":\"Fundaci\u00f3n Biodiversidad\",\"description\":\"Fundaci\u00f3n p\u00fablica adscrita al Ministerio para la Transici\u00f3n Ecol\u00f3gica\",\"potentialAction\":[{\"@type\":\"SearchAction\",\"target\":{\"@type\":\"EntryPoint\",\"urlTemplate\":\"https:\/\/fundacion-biodiversidad.es\/en\/?s={search_term_string}\"},\"query-input\":{\"@type\":\"PropertyValueSpecification\",\"valueRequired\":true,\"valueName\":\"search_term_string\"}}],\"inLanguage\":\"en-US\"}]}<\/script>\n<!-- \/ Yoast SEO plugin. -->","yoast_head_json":{"title":"The Emprendeverde Network present in 'Sustainable Brands' - Fundaci\u00f3n Biodiversidad","robots":{"index":"index","follow":"follow","max-snippet":"max-snippet:-1","max-image-preview":"max-image-preview:large","max-video-preview":"max-video-preview:-1"},"canonical":"https:\/\/fundacion-biodiversidad.es\/en\/actualidad_home\/the-emprendeverde-network-present-in-sustainable-brands\/","og_locale":"en_US","og_type":"article","og_title":"The Emprendeverde Network present in 'Sustainable Brands' - Fundaci\u00f3n Biodiversidad","og_description":"The Emprendeverde Network of the Biodiversity Foundation of the Ministry of Agriculture, Food and the Environment participates in the &#8216;Sustainable Brands&#8217; meeting, which is being [&hellip;]","og_url":"https:\/\/fundacion-biodiversidad.es\/en\/actualidad_home\/the-emprendeverde-network-present-in-sustainable-brands\/","og_site_name":"Fundaci\u00f3n Biodiversidad","og_image":[{"width":720,"height":405,"url":"https:\/\/fundacion-biodiversidad.es\/wp-content\/uploads\/2023\/01\/2487661294_35330241_720x405.png","type":"image\/png"}],"twitter_card":"summary_large_image","twitter_misc":{"Est. reading time":"2 minutes"},"schema":{"@context":"https:\/\/schema.org","@graph":[{"@type":"WebPage","@id":"https:\/\/fundacion-biodiversidad.es\/en\/actualidad_home\/the-emprendeverde-network-present-in-sustainable-brands\/","url":"https:\/\/fundacion-biodiversidad.es\/en\/actualidad_home\/the-emprendeverde-network-present-in-sustainable-brands\/","name":"The Emprendeverde Network present in 'Sustainable Brands' - Fundaci\u00f3n Biodiversidad","isPartOf":{"@id":"https:\/\/fundacion-biodiversidad.es\/en\/#website"},"primaryImageOfPage":{"@id":"https:\/\/fundacion-biodiversidad.es\/en\/actualidad_home\/the-emprendeverde-network-present-in-sustainable-brands\/#primaryimage"},"image":{"@id":"https:\/\/fundacion-biodiversidad.es\/en\/actualidad_home\/the-emprendeverde-network-present-in-sustainable-brands\/#primaryimage"},"thumbnailUrl":"https:\/\/fundacion-biodiversidad.es\/wp-content\/uploads\/2015\/04\/stand_sustainable_brands.jpg","datePublished":"2015-04-26T05:00:00+00:00","breadcrumb":{"@id":"https:\/\/fundacion-biodiversidad.es\/en\/actualidad_home\/the-emprendeverde-network-present-in-sustainable-brands\/#breadcrumb"},"inLanguage":"en-US","potentialAction":[{"@type":"ReadAction","target":["https:\/\/fundacion-biodiversidad.es\/en\/actualidad_home\/the-emprendeverde-network-present-in-sustainable-brands\/"]}]},{"@type":"ImageObject","inLanguage":"en-US","@id":"https:\/\/fundacion-biodiversidad.es\/en\/actualidad_home\/the-emprendeverde-network-present-in-sustainable-brands\/#primaryimage","url":"https:\/\/fundacion-biodiversidad.es\/wp-content\/uploads\/2015\/04\/stand_sustainable_brands.jpg","contentUrl":"https:\/\/fundacion-biodiversidad.es\/wp-content\/uploads\/2015\/04\/stand_sustainable_brands.jpg","width":1126,"height":863},{"@type":"BreadcrumbList","@id":"https:\/\/fundacion-biodiversidad.es\/en\/actualidad_home\/the-emprendeverde-network-present-in-sustainable-brands\/#breadcrumb","itemListElement":[{"@type":"ListItem","position":1,"name":"Portada","item":"https:\/\/fundacion-biodiversidad.es\/en\/inicio\/"},{"@type":"ListItem","position":2,"name":"Noticias de actualidad","item":"https:\/\/fundacion-biodiversidad.es\/en\/actualidad_home\/"},{"@type":"ListItem","position":3,"name":"The Emprendeverde Network present in &#8216;Sustainable Brands&#8217;"}]},{"@type":"WebSite","@id":"https:\/\/fundacion-biodiversidad.es\/en\/#website","url":"https:\/\/fundacion-biodiversidad.es\/en\/","name":"Fundaci\u00f3n Biodiversidad","description":"Fundaci\u00f3n p\u00fablica adscrita al Ministerio para la Transici\u00f3n Ecol\u00f3gica","potentialAction":[{"@type":"SearchAction","target":{"@type":"EntryPoint","urlTemplate":"https:\/\/fundacion-biodiversidad.es\/en\/?s={search_term_string}"},"query-input":{"@type":"PropertyValueSpecification","valueRequired":true,"valueName":"search_term_string"}}],"inLanguage":"en-US"}]}},"_links":{"self":[{"href":"https:\/\/fundacion-biodiversidad.es\/en\/wp-json\/wp\/v2\/actualidad_home\/97857909","targetHints":{"allow":["GET"]}}],"collection":[{"href":"https:\/\/fundacion-biodiversidad.es\/en\/wp-json\/wp\/v2\/actualidad_home"}],"about":[{"href":"https:\/\/fundacion-biodiversidad.es\/en\/wp-json\/wp\/v2\/types\/actualidad_home"}],"author":[{"embeddable":true,"href":"https:\/\/fundacion-biodiversidad.es\/en\/wp-json\/wp\/v2\/users\/11"}],"wp:featuredmedia":[{"embeddable":true,"href":"https:\/\/fundacion-biodiversidad.es\/en\/wp-json\/wp\/v2\/media\/35561"}],"wp:attachment":[{"href":"https:\/\/fundacion-biodiversidad.es\/en\/wp-json\/wp\/v2\/media?parent=97857909"}],"wp:term":[{"taxonomy":"palabras_clave","embeddable":true,"href":"https:\/\/fundacion-biodiversidad.es\/en\/wp-json\/wp\/v2\/palabras_clave?post=97857909"}],"curies":[{"name":"wp","href":"https:\/\/api.w.org\/{rel}","templated":true}]}}